{"id":256406,"date":"2025-07-18T13:03:09","date_gmt":"2025-07-18T13:03:09","guid":{"rendered":"https:\/\/www.europesays.com\/fr\/256406\/"},"modified":"2025-07-18T13:03:09","modified_gmt":"2025-07-18T13:03:09","slug":"strasbourg-dans-le-top-10-des-meilleures-villes-du-monde-pour-les-cyclistes-selon-ce-classement","status":"publish","type":"post","link":"https:\/\/www.europesays.com\/fr\/256406\/","title":{"rendered":"Strasbourg dans le top 10 des meilleures villes du monde pour les cyclistes, selon ce classement"},"content":{"rendered":"<p>            Par<br \/>\n        <strong><br \/>\n            <a href=\"https:\/\/actu.fr\/auteur\/emil-vautrin\" title=\"Consulter tous les articles de Emil Vautrin\" target=\"_blank\" rel=\"noopener\">Emil Vautrin<\/a><br \/>\n        <\/strong><\/p>\n<p>        Publi\u00e9 le<\/p>\n<p>            18 juil. 2025 \u00e0 14h18        <\/p>\n<p>Depuis 2021, l\u2019Eurom\u00e9tropole de Strasbourg a lanc\u00e9 un vaste <a href=\"https:\/\/actu.fr\/grand-est\/strasbourg_67482\/carte-strasbourg-a-presente-son-gigantesque-plan-velo-voici-ce-qui-va-changer-pour-vous_42854167.html\" target=\"_blank\" rel=\"noopener\">plan v\u00e9lo<\/a> pour mettre en avant l\u2019utilisation de ce dernier et <a href=\"https:\/\/actu.fr\/grand-est\/strasbourg_67482\/moins-de-voitures-en-ville-comment-strasbourg-a-releve-le-defi-quitte-a-brusquer-les-habitudes_62717256.html\" target=\"_blank\" rel=\"noopener\">r\u00e9duire celle de la voiture<\/a> avec notamment la cr\u00e9ation de nombreuses pistes cyclables et cela semble d\u00e9j\u00e0 port\u00e9 ses fruits.<\/p>\n<p class=\" wall-content\">Apr\u00e8s un r\u00e9cent classement indiquant que Strasbourg \u00e9tait dans le <a href=\"https:\/\/actu.fr\/grand-est\/strasbourg_67482\/strasbourg-dans-le-top-3-des-villes-ou-il-est-le-plus-facile-de-vivre-sans-voiture-selon-ce-classement_62880969.html\" target=\"_blank\" rel=\"noopener\">top 3 des villes les plus faciles pour vivre sans voiture<\/a>, une \u00e9tude am\u00e9ricaine publi\u00e9e par le site <a href=\"https:\/\/cityratings.peopleforbikes.org\/ratings\" target=\"_blank\" rel=\"noopener\">peopleforbikes<\/a>, classe <strong>Strasbourg<\/strong><strong> \u00e0 la 10e place mondiale des villes les mieux adapt\u00e9es \u00e0 la pratique du v\u00e9lo<\/strong>.<\/p>\n<p>Une tr\u00e8s belle place pour la ville de Strasbourg<\/p>\n<p class=\" wall-content\">D\u2019apr\u00e8s ce classement, <strong>Strasbourg obtient un score de 82\/100<\/strong> et int\u00e8gre le <strong>top 10 des villes ayant 50 000 et 300 000 habitants<\/strong>. La premi\u00e8re place est occup\u00e9e par Delft (Pays-Bas) avec une note de 89\/100.<\/p>\n<p class=\" wall-content\">En prenant le classement global, la capitale alsacienne est <strong>seulement devanc\u00e9e en France par Toulouse, Lyon et Paris<\/strong>.<\/p>\n<p class=\" wall-content\">Pour \u00e9tablir son barom\u00e8tre, le site s\u2019est appuy\u00e9 sur <strong>cinq crit\u00e8res<\/strong> : vitesse adapt\u00e9e, pistes cyclables prot\u00e9g\u00e9es, am\u00e9nagement de l\u2019espace, traitement des intersections et connexion des r\u00e9seaux.<\/p>\n<p>Vid\u00e9os : en ce moment sur Actu<\/p>\n<p class=\" wall-content\">Suivez toute l\u2019actualit\u00e9 de vos villes et m\u00e9dias favoris en vous inscrivant \u00e0 <a href=\"https:\/\/moncompte.actu.fr\" title=\"D\u00e9couvez Mon Actu\" rel=\"nofollow noopener\" data-trk=\"{&quot;cta&quot;:{&quot;action&quot;:&quot;https:\\\/\\\/moncompte.actu.fr&quot;,&quot;category&quot;:&quot;mon compte&quot;,&quot;from&quot;:&quot;article footer&quot;,&quot;name&quot;:&quot;Mon actu&quot;,&quot;type&quot;:&quot;cta&quot;}}\" target=\"_blank\">Mon Actu<\/a>.<\/p>\n","protected":false},"excerpt":{"rendered":"Par Emil Vautrin Publi\u00e9 le 18 juil. 2025 \u00e0 14h18 Depuis 2021, l\u2019Eurom\u00e9tropole de Strasbourg a lanc\u00e9 un&hellip;\n","protected":false},"author":2,"featured_media":256407,"comment_status":"","ping_status":"","sticky":false,"template":"","format":"standard","meta":{"footnotes":""},"categories":[2820],"tags":[1111,11,1777,674,1011,27,775,12,4798,25,104,640,208],"class_list":{"0":"post-256406","1":"post","2":"type-post","3":"status-publish","4":"format-standard","5":"has-post-thumbnail","7":"category-strasbourg","8":"tag-actu","9":"tag-actualites","10":"tag-eu","11":"tag-europe","12":"tag-fr","13":"tag-france","14":"tag-grand-est","15":"tag-news","16":"tag-pistes-cyclables","17":"tag-republique-francaise","18":"tag-societe","19":"tag-strasbourg","20":"tag-velo"},"share_on_mastodon":{"url":"https:\/\/pubeurope.com\/@fr\/114874378041974026","error":""},"_links":{"self":[{"href":"https:\/\/www.europesays.com\/fr\/wp-json\/wp\/v2\/posts\/256406","targetHints":{"allow":["GET"]}}],"collection":[{"href":"https:\/\/www.europesays.com\/fr\/wp-json\/wp\/v2\/posts"}],"about":[{"href":"https:\/\/www.europesays.com\/fr\/wp-json\/wp\/v2\/types\/post"}],"author":[{"embeddable":true,"href":"https:\/\/www.europesays.com\/fr\/wp-json\/wp\/v2\/users\/2"}],"replies":[{"embeddable":true,"href":"https:\/\/www.europesays.com\/fr\/wp-json\/wp\/v2\/comments?post=256406"}],"version-history":[{"count":0,"href":"https:\/\/www.europesays.com\/fr\/wp-json\/wp\/v2\/posts\/256406\/revisions"}],"wp:featuredmedia":[{"embeddable":true,"href":"https:\/\/www.europesays.com\/fr\/wp-json\/wp\/v2\/media\/256407"}],"wp:attachment":[{"href":"https:\/\/www.europesays.com\/fr\/wp-json\/wp\/v2\/media?parent=256406"}],"wp:term":[{"taxonomy":"category","embeddable":true,"href":"https:\/\/www.europesays.com\/fr\/wp-json\/wp\/v2\/categories?post=256406"},{"taxonomy":"post_tag","embeddable":true,"href":"https:\/\/www.europesays.com\/fr\/wp-json\/wp\/v2\/tags?post=256406"}],"curies":[{"name":"wp","href":"https:\/\/api.w.org\/{rel}","templated":true}]}}