{"id":256410,"date":"2025-07-18T13:05:10","date_gmt":"2025-07-18T13:05:10","guid":{"rendered":"https:\/\/www.europesays.com\/fr\/256410\/"},"modified":"2025-07-18T13:05:10","modified_gmt":"2025-07-18T13:05:10","slug":"the-ocean-race-europe-fait-escale-a-nice-trois-jours-de-fete-et-de-voile","status":"publish","type":"post","link":"https:\/\/www.europesays.com\/fr\/256410\/","title":{"rendered":"The Ocean Race Europe fait escale \u00e0 Nice : trois jours de f\u00eate et de voile (\u2026)"},"content":{"rendered":"<p>                    <img loading=\"lazy\" decoding=\"async\" src=\"https:\/\/www.europesays.com\/fr\/wp-content\/uploads\/2025\/07\/3030572b1f8998074db1d3f2d4ddd7.png\" class=\"img-responsive post-image\" width=\"680\" height=\"510\" alt=\"The Ocean Race Europe (\u2026)\" title=\"The Ocean Race Europe fait escale \u00e0 Nice : trois jours de f\u00eate et de voile du 29 au 31 ao\u00fbt\"\/><\/p>\n<p class=\"chapo\">Du 29 au 31 ao\u00fbt, la ville de Nice accueillera une \u00e9tape majeure de The Ocean Race Europe, course internationale \u00e0 la voile m\u00ealant d\u00e9fi sportif de haut niveau et engagement \u00e9cologique. Unique escale fran\u00e7aise de cette \u00e9preuve prestigieuse, Nice s\u2019appr\u00eate \u00e0 vivre trois jours de f\u00eate et de spectacle au rythme des IMOCA, ces monocoques de 60 pieds parmi les plus rapides et spectaculaires au monde.<\/p>\n<p>D\u00e9j\u00e0 pass\u00e9s par l\u2019Allemagne, les Pays-Bas et plusieurs capitales maritimes europ\u00e9ennes, les sept \u00e9quipages mixtes en lice s\u2019arr\u00eateront \u00e0 mi-parcours dans la Baie des Anges. Certains d\u2019entre eux sont men\u00e9s par des figures du dernier Vend\u00e9e Globe, co<strong>mme Yoann Richomme, Paul Meilhat<\/strong> ou <strong>Justine Mettraux<\/strong>. \u00c0 bord, la coh\u00e9sion, l\u2019endurance et l\u2019expertise seront d\u00e9terminantes pour affronter les courants, les c\u00f4tes et les conditions vari\u00e9es qui jalonnent cette aventure entre mer Baltique et M\u00e9diterran\u00e9e.<\/p>\n<p>L\u2019\u00e9v\u00e9nement prendra des allures de grande f\u00eate populaire\u00a0: le <strong>Ocean Live Park <\/strong> accueillera le public quai Amiral Infernet de 10h \u00e0 22h (19h le dimanche). Expositions, rencontres, animations musicales, sensibilisation \u00e0 la pr\u00e9servation des oc\u00e9ans, parade nautique et d\u00e9part en direct sur \u00e9cran g\u00e9ant rythmeront ces trois journ\u00e9es d\u00e9di\u00e9es \u00e0 l\u2019exploration maritime et \u00e0 l\u2019\u00e9change. La flotte sera \u00e9galement visible depuis Monaco lors de son d\u00e9part.<\/p>\n<p>Au-del\u00e0 du d\u00e9fi sportif, The Ocean Race Europe perp\u00e9tue l\u2019esprit d\u2019une course lanc\u00e9e en 1985 pour renforcer les liens entre les peuples europ\u00e9ens. <strong>L\u2019\u00e9dition 2025 se distingue par son volet scientifique ambitieux<\/strong>\u00a0: chaque bateau embarque des capteurs pour collecter des donn\u00e9es environnementales pr\u00e9cieuses, transmises ensuite \u00e0 des institutions comme l\u2019IFREMER, le CNRS ou M\u00e9t\u00e9o France.\n<\/p>\n<p>Port\u00e9e par l\u2019\u00e9lan sportif et \u00e9cologique de Nice \u2013 d\u00e9j\u00e0 h\u00f4te de nombreux \u00e9v\u00e9nements d\u2019envergure \u2013, cette escale s\u2019annonce comme un temps fort de l\u2019\u00e9t\u00e9 sur la C\u00f4te d\u2019Azur.<\/p>\n<p>Visuel de Une\u00a0: \u00a9 The Ocean Race Europe<\/p>\n","protected":false},"excerpt":{"rendered":"Du 29 au 31 ao\u00fbt, la ville de Nice accueillera une \u00e9tape majeure de The Ocean Race Europe,&hellip;\n","protected":false},"author":2,"featured_media":256411,"comment_status":"","ping_status":"","sticky":false,"template":"","format":"standard","meta":{"footnotes":""},"categories":[2819],"tags":[1111,11,2408,1777,674,1011,27,12,2401,882,25],"class_list":{"0":"post-256410","1":"post","2":"type-post","3":"status-publish","4":"format-standard","5":"has-post-thumbnail","7":"category-nice","8":"tag-actu","9":"tag-actualites","10":"tag-appels-d","11":"tag-eu","12":"tag-europe","13":"tag-fr","14":"tag-france","15":"tag-news","16":"tag-nice","17":"tag-provence-alpes-cote-dazur","18":"tag-republique-francaise"},"share_on_mastodon":{"url":"https:\/\/pubeurope.com\/@fr\/114874385979265092","error":""},"_links":{"self":[{"href":"https:\/\/www.europesays.com\/fr\/wp-json\/wp\/v2\/posts\/256410","targetHints":{"allow":["GET"]}}],"collection":[{"href":"https:\/\/www.europesays.com\/fr\/wp-json\/wp\/v2\/posts"}],"about":[{"href":"https:\/\/www.europesays.com\/fr\/wp-json\/wp\/v2\/types\/post"}],"author":[{"embeddable":true,"href":"https:\/\/www.europesays.com\/fr\/wp-json\/wp\/v2\/users\/2"}],"replies":[{"embeddable":true,"href":"https:\/\/www.europesays.com\/fr\/wp-json\/wp\/v2\/comments?post=256410"}],"version-history":[{"count":0,"href":"https:\/\/www.europesays.com\/fr\/wp-json\/wp\/v2\/posts\/256410\/revisions"}],"wp:featuredmedia":[{"embeddable":true,"href":"https:\/\/www.europesays.com\/fr\/wp-json\/wp\/v2\/media\/256411"}],"wp:attachment":[{"href":"https:\/\/www.europesays.com\/fr\/wp-json\/wp\/v2\/media?parent=256410"}],"wp:term":[{"taxonomy":"category","embeddable":true,"href":"https:\/\/www.europesays.com\/fr\/wp-json\/wp\/v2\/categories?post=256410"},{"taxonomy":"post_tag","embeddable":true,"href":"https:\/\/www.europesays.com\/fr\/wp-json\/wp\/v2\/tags?post=256410"}],"curies":[{"name":"wp","href":"https:\/\/api.w.org\/{rel}","templated":true}]}}