{"id":256416,"date":"2025-07-18T13:08:10","date_gmt":"2025-07-18T13:08:10","guid":{"rendered":"https:\/\/www.europesays.com\/fr\/256416\/"},"modified":"2025-07-18T13:08:10","modified_gmt":"2025-07-18T13:08:10","slug":"la-recrudescence-des-cas-dhepatite-a-inquiete-les-autorites-sanitaires-locales","status":"publish","type":"post","link":"https:\/\/www.europesays.com\/fr\/256416\/","title":{"rendered":"la recrudescence des cas d\u2019h\u00e9patite A inqui\u00e8te les autorit\u00e9s sanitaires locales"},"content":{"rendered":"<p>L\u2019Agence r\u00e9gionale de sant\u00e9 (ARS) des Pays de la Loire a alert\u00e9 sur la recrudescence des cas d\u2019h\u00e9patite A dans l\u2019agglom\u00e9ration de Nantes (<a target=\"_self\" href=\"https:\/\/www.lanouvellerepublique.fr\/loire-atlantique\" rel=\"noopener\">Loire-Atlantique<\/a>). Pas moins de 16 malades ont \u00e9t\u00e9 identifi\u00e9s dans ce secteur depuis juin\u00a02025. Le ph\u00e9nom\u00e8ne, \u00ab\u00a0bien que s\u2019inscrivant dans un contexte plus large d\u2019augmentation des cas au niveau europ\u00e9en, pr\u00e9sente un caract\u00e8re atypique au regard de la situation habituelle dans la r\u00e9gion\u00a0\u00bb a expliqu\u00e9 l\u2019agence dans un communiqu\u00e9 relay\u00e9 par <a target=\"_blank\" href=\"https:\/\/actu.fr\/societe\/sante-seize-cas-d-hepatite-a-recenses-a-nantes-l-ars-appelle-a-la-vigilance_62921453.html\" rel=\"noopener\">Actu Nantes<\/a>\u00a0jeudi 17\u00a0juillet 2025.<\/p>\n<p>Des actions sur plusieurs fronts<\/p>\n<p>Les cha\u00eenes de transmission sont en cours d\u2019identification. L\u2019ARS a indiqu\u00e9 suivre les cas confirm\u00e9s mais aussi travailler \u00e0 la diffusion des consignes de pr\u00e9vention, notamment pour les personnes contact. Pour rappel, l\u2019h\u00e9patite A est une maladie du foie dont \u00ab\u00a0la transmission s\u2019effectue principalement par voie oro-f\u00e9cale, notamment \u00e0 travers la consommation d\u2019eau ou d\u2019aliments souill\u00e9s [\u2026] ou par contact direct avec des objets ou des mains contamin\u00e9s\u00a0\u00bb a d\u00e9taill\u00e9 l\u2019\u00e9tablissement public.<\/p>\n<p>Naus\u00e9es, douleurs abdominales, perte d\u2019app\u00e9tit, fatigue importante et m\u00eame jaunisse font partie des sympt\u00f4mes. \u00ab\u00a0Elle peut \u00e9voluer vers une forme grave, en particulier chez certaines personnes \u00e0 risque\u00a0\u00bb, a expliqu\u00e9 l\u2019ARS, cit\u00e9e par <a target=\"_blank\" href=\"https:\/\/france3-regions.franceinfo.fr\/pays-de-la-loire\/loire-atlantique\/nantes\/au-moins-16-cas-d-infection-par-le-virus-de-l-hepatite-a-recenses-dans-l-agglomeration-nantaise-comment-eviter-la-contamination-3189144.html\" rel=\"noopener\">France\u00a03 Pays de la Loire<\/a>. Quelques mesures peuvent r\u00e9duire le risque de contamination\u00a0: se laver r\u00e9gulier des mains \u00e0 l\u2019eau et au savon, nettoyer minutieusement des aliments et \u00e9viter de consommer des fruits de mer crus ou peu cuits. Il est \u00e9galement possible de <a target=\"_self\" href=\"https:\/\/www.lanouvellerepublique.fr\/tours\/tours-elle-reclame-des-comptes-a-l-etat-apres-sa-vaccination-contre-l-hepatite-b\" rel=\"noopener\">se faire vacciner<\/a>, particuli\u00e8rement en cas de voyage dans les zones o\u00f9 le virus circule de mani\u00e8re end\u00e9mique.<\/p>\n","protected":false},"excerpt":{"rendered":"L\u2019Agence r\u00e9gionale de sant\u00e9 (ARS) des Pays de la Loire a alert\u00e9 sur la recrudescence des cas d\u2019h\u00e9patite&hellip;\n","protected":false},"author":2,"featured_media":256417,"comment_status":"","ping_status":"","sticky":false,"template":"","format":"standard","meta":{"footnotes":""},"categories":[2818],"tags":[1111,11,1674,1777,674,1011,27,3047,766,12,2636,25,71],"class_list":{"0":"post-256416","1":"post","2":"type-post","3":"status-publish","4":"format-standard","5":"has-post-thumbnail","7":"category-nantes","8":"tag-actu","9":"tag-actualites","10":"tag-communes","11":"tag-eu","12":"tag-europe","13":"tag-fr","14":"tag-france","15":"tag-loire-atlantique","16":"tag-nantes","17":"tag-news","18":"tag-pays-de-la-loire","19":"tag-republique-francaise","20":"tag-sante"},"share_on_mastodon":{"url":"https:\/\/pubeurope.com\/@fr\/114874397667796234","error":""},"_links":{"self":[{"href":"https:\/\/www.europesays.com\/fr\/wp-json\/wp\/v2\/posts\/256416","targetHints":{"allow":["GET"]}}],"collection":[{"href":"https:\/\/www.europesays.com\/fr\/wp-json\/wp\/v2\/posts"}],"about":[{"href":"https:\/\/www.europesays.com\/fr\/wp-json\/wp\/v2\/types\/post"}],"author":[{"embeddable":true,"href":"https:\/\/www.europesays.com\/fr\/wp-json\/wp\/v2\/users\/2"}],"replies":[{"embeddable":true,"href":"https:\/\/www.europesays.com\/fr\/wp-json\/wp\/v2\/comments?post=256416"}],"version-history":[{"count":0,"href":"https:\/\/www.europesays.com\/fr\/wp-json\/wp\/v2\/posts\/256416\/revisions"}],"wp:featuredmedia":[{"embeddable":true,"href":"https:\/\/www.europesays.com\/fr\/wp-json\/wp\/v2\/media\/256417"}],"wp:attachment":[{"href":"https:\/\/www.europesays.com\/fr\/wp-json\/wp\/v2\/media?parent=256416"}],"wp:term":[{"taxonomy":"category","embeddable":true,"href":"https:\/\/www.europesays.com\/fr\/wp-json\/wp\/v2\/categories?post=256416"},{"taxonomy":"post_tag","embeddable":true,"href":"https:\/\/www.europesays.com\/fr\/wp-json\/wp\/v2\/tags?post=256416"}],"curies":[{"name":"wp","href":"https:\/\/api.w.org\/{rel}","templated":true}]}}