{"id":256422,"date":"2025-07-18T13:11:08","date_gmt":"2025-07-18T13:11:08","guid":{"rendered":"https:\/\/www.europesays.com\/fr\/256422\/"},"modified":"2025-07-18T13:11:08","modified_gmt":"2025-07-18T13:11:08","slug":"un-appel-aux-volontaires-lance","status":"publish","type":"post","link":"https:\/\/www.europesays.com\/fr\/256422\/","title":{"rendered":"un appel aux volontaires lanc\u00e9"},"content":{"rendered":"<p>            Par<br \/>\n        <strong><br \/>\n            <a href=\"https:\/\/actu.fr\/auteur\/marie-lamarque\" title=\"Consulter tous les articles de Marie Lamarque\" target=\"_blank\" rel=\"noopener\">Marie Lamarque<\/a><br \/>\n        <\/strong><\/p>\n<p>        Publi\u00e9 le<\/p>\n<p>            18 juil. 2025 \u00e0 12h05        <\/p>\n<p>L\u2019\u00e2ge avan\u00e7ant, les effets du vieillissement sont in\u00e9vitables et redout\u00e9s de tous. Mais une \u00e9tude internationale unique, conduite par une \u00e9quipe du <a href=\"https:\/\/actu.fr\/tag\/chu-de-toulouse\" target=\"_blank\" rel=\"noopener\">CHU de Toulouse<\/a>, vise \u00e0 les retarder, pour<strong> esp\u00e9rer gagner au moins dix ans<\/strong> ! Afin de tester une toute nouvelle \u00ab\u00a0th\u00e9rapie innovante\u00a0\u00bb, <strong>un appel aux volontaires a \u00e9t\u00e9 lanc\u00e9<\/strong>.<\/p>\n<p>Un traitement pour gagner au moins 10 ans<\/p>\n<p class=\" wall-content\">Il faut avoir <strong>entre 65 et 85 ans<\/strong>, mais aussi vivre \u00e0 Toulouse ou en p\u00e9riph\u00e9rie toulousaine, pour pouvoir participer \u00e0 cette \u00e9tude lanc\u00e9e par le professeur <strong>Yves Rolland<\/strong>, g\u00e9riatre au CHU de Toulouse, et membre de l\u2019institut hospitalo-universitaire HealthAge. <a href=\"https:\/\/actu.fr\/occitanie\/toulouse_31555\/avec-son-institut-hospitalo-universitaire-toulouse-veut-devenir-la-capitale-du-bien-vieillir_60893438.html\" target=\"_blank\" rel=\"noopener\">Lanc\u00e9 en avril 2024<\/a>, il est le seul institut fran\u00e7ais de ce type d\u00e9di\u00e9 au vieillissement.<\/p>\n<p class=\" wall-content\">Son \u00e9quipe a \u00e9t\u00e9 tout r\u00e9cemment s\u00e9lectionn\u00e9e <a href=\"https:\/\/actu.fr\/occitanie\/toulouse_31555\/recherche-vieillir-en-bonne-sante-le-chu-de-toulouse-en-lice-pour-une-bourse-a-101-millions-de-dollars_62656465.html\" target=\"_blank\" rel=\"noopener\">pour concourir \u00e0 une bourse internationale prestigieuse<\/a>. \u00c0 la cl\u00e9 : un prix de <strong>101 millions de dollars <\/strong>sur sept ans. L\u2019\u00e9quipe gagnante devra d\u00e9montrer que son traitement th\u00e9rapeutique restaure les fonctions musculaires, cognitive et immunitaire d\u2019au moins dix ans, avec un objectif de 20 ans, chez des personnes \u00e2g\u00e9es de 50 \u00e0 80 ans, en un an au moins.<\/p>\n<p>Les crit\u00e8res pour participer<\/p>\n<p class=\" wall-content\">Au-del\u00e0 de l\u2019\u00e2ge et du lieu de r\u00e9sidence, les volontaires doivent <strong>\u00eatre en surpoids<\/strong>, <strong>ne pas faire d\u2019activit\u00e9 physique r\u00e9guli\u00e8re<\/strong> et ressentir<strong> des troubles de la m\u00e9moire<\/strong>, ainsi qu\u2019une <strong>perte de force musculaire<\/strong>.<\/p>\n<p class=\" wall-content\">Cette \u00e9tude d\u00e9butera en septembre prochain au sein du CHU de Toulouse, et plus pr\u00e9cis\u00e9ment au niveau de l\u2019h\u00f4pital de La Grave. \u00ab\u00a0Elle implique trois visites par semaine \u00e0 l\u2019h\u00f4pital pendant 60 jours\u00a0\u00bb, pr\u00e9cise le CHU.<\/p>\n<p>Vid\u00e9os : en ce moment sur Actu<br \/>\n    <a href=\"https:\/\/www.facebook.com\/plugins\/post.php?href=https%3A%2F%2Fwww.facebook.com%2Fchudetoulouse%2Fposts%2Fpfbid02R5CBXxLQT99zwnpXNfFJhGf54uBcpieb9F4QV43Y12woknvPikL7qy1NoKKhJdTfl&amp;show_text=true&amp;width=350\" title=\"Ouvrie le lien\" target=\"_blank\" rel=\"noopener\">Cliquez ici pour visualiser le contenu<\/a><\/p>\n<p><strong>Infos pratiques<\/strong><br \/>\nPour participer \u00e0 l\u2019\u00e9tude, contacter le 05 61 77 79 91 ou envoyer un mail \u00e0 <a href=\"https:\/\/actu.fr\/cdn-cgi\/l\/email-protection\" class=\"__cf_email__\" data-cfemail=\"8fe6ece0ffeaa2e6e1fbeae1fceacfece7faa2fbe0fae3e0fafceaa1e9fd\" target=\"_blank\" rel=\"noopener\">[email\u00a0protected]<\/a><\/p>\n<p class=\" wall-content\">Suivez toute l\u2019actualit\u00e9 de vos villes et m\u00e9dias favoris en vous inscrivant \u00e0 <a href=\"https:\/\/moncompte.actu.fr\" title=\"D\u00e9couvez Mon Actu\" rel=\"nofollow noopener\" data-trk=\"{&quot;cta&quot;:{&quot;action&quot;:&quot;https:\\\/\\\/moncompte.actu.fr&quot;,&quot;category&quot;:&quot;mon compte&quot;,&quot;from&quot;:&quot;article footer&quot;,&quot;name&quot;:&quot;Mon actu&quot;,&quot;type&quot;:&quot;cta&quot;}}\" target=\"_blank\">Mon Actu<\/a>.<\/p>\n","protected":false},"excerpt":{"rendered":"Par Marie Lamarque Publi\u00e9 le 18 juil. 2025 \u00e0 12h05 L\u2019\u00e2ge avan\u00e7ant, les effets du vieillissement sont in\u00e9vitables&hellip;\n","protected":false},"author":2,"featured_media":256423,"comment_status":"","ping_status":"","sticky":false,"template":"","format":"standard","meta":{"footnotes":""},"categories":[2816],"tags":[1111,11,2630,1777,674,1011,27,12,2680,25,71,2631,2312],"class_list":{"0":"post-256422","1":"post","2":"type-post","3":"status-publish","4":"format-standard","5":"has-post-thumbnail","7":"category-toulouse","8":"tag-actu","9":"tag-actualites","10":"tag-chu-de-toulouse","11":"tag-eu","12":"tag-europe","13":"tag-fr","14":"tag-france","15":"tag-news","16":"tag-occitanie","17":"tag-republique-francaise","18":"tag-sante","19":"tag-sciences-technologie","20":"tag-toulouse"},"share_on_mastodon":{"url":"https:\/\/pubeurope.com\/@fr\/114874409533781279","error":""},"_links":{"self":[{"href":"https:\/\/www.europesays.com\/fr\/wp-json\/wp\/v2\/posts\/256422","targetHints":{"allow":["GET"]}}],"collection":[{"href":"https:\/\/www.europesays.com\/fr\/wp-json\/wp\/v2\/posts"}],"about":[{"href":"https:\/\/www.europesays.com\/fr\/wp-json\/wp\/v2\/types\/post"}],"author":[{"embeddable":true,"href":"https:\/\/www.europesays.com\/fr\/wp-json\/wp\/v2\/users\/2"}],"replies":[{"embeddable":true,"href":"https:\/\/www.europesays.com\/fr\/wp-json\/wp\/v2\/comments?post=256422"}],"version-history":[{"count":0,"href":"https:\/\/www.europesays.com\/fr\/wp-json\/wp\/v2\/posts\/256422\/revisions"}],"wp:featuredmedia":[{"embeddable":true,"href":"https:\/\/www.europesays.com\/fr\/wp-json\/wp\/v2\/media\/256423"}],"wp:attachment":[{"href":"https:\/\/www.europesays.com\/fr\/wp-json\/wp\/v2\/media?parent=256422"}],"wp:term":[{"taxonomy":"category","embeddable":true,"href":"https:\/\/www.europesays.com\/fr\/wp-json\/wp\/v2\/categories?post=256422"},{"taxonomy":"post_tag","embeddable":true,"href":"https:\/\/www.europesays.com\/fr\/wp-json\/wp\/v2\/tags?post=256422"}],"curies":[{"name":"wp","href":"https:\/\/api.w.org\/{rel}","templated":true}]}}