{"id":256428,"date":"2025-07-18T13:14:11","date_gmt":"2025-07-18T13:14:11","guid":{"rendered":"https:\/\/www.europesays.com\/fr\/256428\/"},"modified":"2025-07-18T13:14:11","modified_gmt":"2025-07-18T13:14:11","slug":"le-deces-est-compatible-avec-une-chute-selon-le-parquet","status":"publish","type":"post","link":"https:\/\/www.europesays.com\/fr\/256428\/","title":{"rendered":"le d\u00e9c\u00e8s est \u00ab\u00a0compatible avec une chute\u00a0\u00bb, selon le parquet"},"content":{"rendered":"<p class=\"article-p mdl\">Le nourrisson retrouv\u00e9 bless\u00e9 par terre au CHU de Lille est mort d&rsquo;un traumatisme <strong>\u00ab\u00a0compatible avec une chute au sol\u00a0\u00bb<\/strong>, a indiqu\u00e9 vendredi 18 juillet le parquet de Lille, confirmant qu&rsquo;un enfant a \u00e9t\u00e9 vu pr\u00e8s du berceau au moment des faits.<\/p>\n<p class=\"article-p mdl\">Les faits se sont d\u00e9roul\u00e9s le 11 juillet en fin de matin\u00e9e au sein du service n\u00e9onatologie de l&rsquo;h\u00f4pital Jeanne de Flandre, l&rsquo;une des principales maternit\u00e9s de la r\u00e9gion : une petite fille de cinq jours, n\u00e9e pr\u00e9matur\u00e9e,\u00a0<a class=\"link\" href=\"https:\/\/www.rtl.fr\/actu\/justice-faits-divers\/lille-enquete-ouverte-apres-la-mort-d-un-nourrisson-a-l-hopital-manipule-par-un-enfant-de-6-ans-7900524252\" target=\"_blank\" rel=\"noopener\">a \u00e9t\u00e9 retrouv\u00e9e inerte au sol dans une chambre de soin<\/a>. <strong>Elle est d\u00e9c\u00e9d\u00e9e mardi<\/strong>.<\/p>\n<p class=\"article-p mdl\">Confirmant les d\u00e9clarations de la famille du nourrisson, qui a point\u00e9 le comportement perturbateur du fr\u00e8re d&rsquo;un autre b\u00e9b\u00e9 hospitalis\u00e9 dans le service, la procureure de la R\u00e9publique Carole Etienne confirme qu&rsquo;un \u00ab\u00a0enfant de six ans, membre d&rsquo;une autre famille, a effectivement \u00e9t\u00e9 vu <strong>\u00e0 proximit\u00e9 du berceau et de l&rsquo;enfant au sol<\/strong>\u00ab\u00a0.<\/p>\n<p class=\"article-p mdl\">L&rsquo;enqu\u00eate ouverte pour \u00ab\u00a0recherche des causes de la mort\u00a0\u00bb \u00ab\u00a0se poursuit par de nombreuses diligences et auditions\u00a0\u00bb, indique le parquet.<\/p>\n<p class=\"article-p mdl\">La famille du nourrisson, <strong>qui n&rsquo;a pas encore d\u00e9cid\u00e9 de porter plainte ou non<\/strong>, a appel\u00e9 l&rsquo;h\u00f4pital \u00e0 \u00ab\u00a0assumer sa responsabilit\u00e9\u00a0\u00bb pour que \u00ab\u00a0cela n&rsquo;arrive plus jamais\u00a0\u00bb.<\/p>\n<p class=\"article-p mdl\">Ils d\u00e9plorent notamment \u00ab\u00a0la v\u00e9tust\u00e9 des locaux\u00a0\u00bb, a indiqu\u00e9 une cousine du p\u00e8re du b\u00e9b\u00e9, Karima Farhi, soulignant que les infirmi\u00e8res ne disposent pas de vitre permettant<strong> de surveiller en permanence des enfants hospitalis\u00e9s<\/strong> loin de leurs m\u00e8res et confi\u00e9s \u00e0 leur responsabilit\u00e9.<\/p>\n<p class=\"article-p mdl\">La famille a lanc\u00e9 vendredi un \u00ab\u00a0appel \u00e0 t\u00e9moins\u00a0\u00bb aux parents dont les enfants ont \u00e9t\u00e9 hospitalis\u00e9s \u00e0 Jeanne de Flandre, et \u00ab\u00a0qui ont pu constater ou vivre <strong>le manque de s\u00e9curit\u00e9<\/strong> et de surveillance des b\u00e9b\u00e9s\u00a0\u00bb, les appelant \u00e0 contacter le parquet de Lille.<\/p>\n<p>    La r\u00e9daction vous recommande<\/p>\n<p class=\"s-newsletter__title\">\n                L\u2019actualit\u00e9 par la r\u00e9daction de RTL dans votre bo\u00eete mail.\n            <\/p>\n<p class=\"s-newsletter__subtitle\">\n                Gr\u00e2ce \u00e0 votre compte RTL abonnez-vous \u00e0 la newsletter RTL info pour suivre toute l&rsquo;actualit\u00e9 au quotidien\n            <\/p>\n<p>\n                                    Lire la suite\n                                <\/p>\n","protected":false},"excerpt":{"rendered":"Le nourrisson retrouv\u00e9 bless\u00e9 par terre au CHU de Lille est mort d&rsquo;un traumatisme \u00ab\u00a0compatible avec une chute&hellip;\n","protected":false},"author":2,"featured_media":256429,"comment_status":"","ping_status":"","sticky":false,"template":"","format":"standard","meta":{"footnotes":""},"categories":[2815],"tags":[1111,11,3493,1067,1777,674,107,1011,27,811,2777,1307,12,1072,25],"class_list":{"0":"post-256428","1":"post","2":"type-post","3":"status-publish","4":"format-standard","5":"has-post-thumbnail","7":"category-lille","8":"tag-actu","9":"tag-actualites","10":"tag-bebe","11":"tag-enquete","12":"tag-eu","13":"tag-europe","14":"tag-fil-info","15":"tag-fr","16":"tag-france","17":"tag-hauts-de-france","18":"tag-hopitaux","19":"tag-lille","20":"tag-news","21":"tag-police","22":"tag-republique-francaise"},"share_on_mastodon":{"url":"https:\/\/pubeurope.com\/@fr\/114874421351066468","error":""},"_links":{"self":[{"href":"https:\/\/www.europesays.com\/fr\/wp-json\/wp\/v2\/posts\/256428","targetHints":{"allow":["GET"]}}],"collection":[{"href":"https:\/\/www.europesays.com\/fr\/wp-json\/wp\/v2\/posts"}],"about":[{"href":"https:\/\/www.europesays.com\/fr\/wp-json\/wp\/v2\/types\/post"}],"author":[{"embeddable":true,"href":"https:\/\/www.europesays.com\/fr\/wp-json\/wp\/v2\/users\/2"}],"replies":[{"embeddable":true,"href":"https:\/\/www.europesays.com\/fr\/wp-json\/wp\/v2\/comments?post=256428"}],"version-history":[{"count":0,"href":"https:\/\/www.europesays.com\/fr\/wp-json\/wp\/v2\/posts\/256428\/revisions"}],"wp:featuredmedia":[{"embeddable":true,"href":"https:\/\/www.europesays.com\/fr\/wp-json\/wp\/v2\/media\/256429"}],"wp:attachment":[{"href":"https:\/\/www.europesays.com\/fr\/wp-json\/wp\/v2\/media?parent=256428"}],"wp:term":[{"taxonomy":"category","embeddable":true,"href":"https:\/\/www.europesays.com\/fr\/wp-json\/wp\/v2\/categories?post=256428"},{"taxonomy":"post_tag","embeddable":true,"href":"https:\/\/www.europesays.com\/fr\/wp-json\/wp\/v2\/tags?post=256428"}],"curies":[{"name":"wp","href":"https:\/\/api.w.org\/{rel}","templated":true}]}}