{"id":256430,"date":"2025-07-18T13:15:13","date_gmt":"2025-07-18T13:15:13","guid":{"rendered":"https:\/\/www.europesays.com\/fr\/256430\/"},"modified":"2025-07-18T13:15:13","modified_gmt":"2025-07-18T13:15:13","slug":"marseille-le-regard-de-katia-bourdarel","status":"publish","type":"post","link":"https:\/\/www.europesays.com\/fr\/256430\/","title":{"rendered":"Marseille. Le regard de Katia Bourdarel\u2026"},"content":{"rendered":"<p><img decoding=\"async\" src=\"https:\/\/www.europesays.com\/fr\/wp-content\/uploads\/2025\/07\/katia-marseille.png\" title=\"\" alt=\"\"\/><\/p>\n<p>Non chronologique, l\u2019exposition se d\u00e9ploiera sur deux espaces comme un parcours initiatique donnant \u00e0 sentir la saveur du vivant, son go\u00fbt doux amer, aussi fragile qu\u2019immortel. Une premi\u00e8re travers\u00e9e l\u00e8vera le voile sur la question de la beaut\u00e9 et de la nudit\u00e9. Odalisques, V\u00e9nus ou nymphes, c\u2019est \u00e0 l\u2019aune d\u2019une tradition classique r\u00e9invent\u00e9e \u00e0 travers le filtre du pr\u00e9sent que la repr\u00e9sentation du corps chez Katia Bourdarel se r\u00e9v\u00e8le dans ses ambigu\u00eft\u00e9s. La chair d\u00e9nud\u00e9e ou enrob\u00e9e de tissus, parsem\u00e9e de bijoux, de feuilles et de fleurs, se donne dans l\u2019harmonie de la douceur, toute en lumi\u00e8re et sensualit\u00e9, mais aussi p\u00e9trifi\u00e9e, faite d\u2019entraves, de secrets cach\u00e9s et de monstruosit\u00e9.<\/p>\n<p>Dans un second souffle, l\u2019exposition plongera dans l\u2019obscurit\u00e9, o\u00f9 les choses nous apparaissent troubles, entre chien et loup. La nuit comme chambre \u00e0 soi, o\u00f9 l\u2019int\u00e9riorit\u00e9 r\u00e9sonne avec les r\u00e9cits collectifs et les profondeurs d\u2019une nuit originelle. For\u00eats, cabanes, ch\u00e2teaux, eaux dormantes, nymphes et oiseaux nous content les myst\u00e8res des mythes et d\u2019une nature ancestrale o\u00f9 la terre et le ciel, la vie et le chaos s\u2019entrelacent dans une ronde sans fin.<\/p>\n<p>L\u2019ensemble du parcours donnera ainsi \u00e0 voir les diverses facettes de l\u2019univers de Katia Bourdarel tourn\u00e9 vers une r\u00e9alit\u00e9 onirique et intemporelle mais aussi r\u00e9ceptif aux bouleversements du monde actuel. Les th\u00e8mes de la nature et du corps f\u00e9minin chez l\u2019artiste, entre glorification et mise \u00e0 mal, font aussi r\u00e9sonner une force instinctive et sauvage, aux pr\u00e9occupations f\u00e9ministes et environnementales.<\/p>\n<ul>\n<li>Katia Bourdarel est n\u00e9e \u00e0 Marseille en 1970. Elle vit et travaille \u00e0 Paris et dans le Quercy. Dipl\u00f4m\u00e9e de l\u2019\u00c9cole Nationale Sup\u00e9rieure des Arts D\u00e9coratifs de Paris en Art et Espace, elle collabore rapidement avec la Galerie Roger Pailhas, qui expose son travail dans de nombreuses foires nationales et internationales. Depuis 2014, son \u0153uvre est repr\u00e9sent\u00e9e par la Galerie Aeroplastics \u00e0 Bruxelles et depuis 2025, par la galerie Renard \u00e0 Lille. De la peinture \u00e0 l\u2019installation vid\u00e9o, en passant par la sculpture, elle explore et d\u00e9tourne les contes et les mythes par le prisme de son histoire personnelle, y int\u00e9grant des r\u00e9f\u00e9rences \u00e0 la culture populaire.<\/li>\n<\/ul>\n<p><img decoding=\"async\" src=\"https:\/\/www.europesays.com\/fr\/wp-content\/uploads\/2025\/07\/katia-huile.jpg\" title=\"\" alt=\"\"\/><br \/>&#8211; Linteum, le temps arre\u0302te\u0301, Katia Bourdarel <br \/>\u00a9 JC Lett \u00a9Adagp, Paris 2025 &#8211;<\/p>\n<p><b>Mus\u00e9e Regard de Provence<\/b><\/p>\n<p>13002 Marseille<\/p>\n","protected":false},"excerpt":{"rendered":"Non chronologique, l\u2019exposition se d\u00e9ploiera sur deux espaces comme un parcours initiatique donnant \u00e0 sentir la saveur du&hellip;\n","protected":false},"author":2,"featured_media":256431,"comment_status":"","ping_status":"","sticky":false,"template":"","format":"standard","meta":{"footnotes":""},"categories":[2814],"tags":[1111,47,11,1777,674,1011,27,1110,1031,884,12,882,25],"class_list":{"0":"post-256430","1":"post","2":"type-post","3":"status-publish","4":"format-standard","5":"has-post-thumbnail","7":"category-marseille","8":"tag-actu","9":"tag-actualite","10":"tag-actualites","11":"tag-eu","12":"tag-europe","13":"tag-fr","14":"tag-france","15":"tag-informations","16":"tag-magazine","17":"tag-marseille","18":"tag-news","19":"tag-provence-alpes-cote-dazur","20":"tag-republique-francaise"},"share_on_mastodon":{"url":"https:\/\/pubeurope.com\/@fr\/114874425458323628","error":""},"_links":{"self":[{"href":"https:\/\/www.europesays.com\/fr\/wp-json\/wp\/v2\/posts\/256430","targetHints":{"allow":["GET"]}}],"collection":[{"href":"https:\/\/www.europesays.com\/fr\/wp-json\/wp\/v2\/posts"}],"about":[{"href":"https:\/\/www.europesays.com\/fr\/wp-json\/wp\/v2\/types\/post"}],"author":[{"embeddable":true,"href":"https:\/\/www.europesays.com\/fr\/wp-json\/wp\/v2\/users\/2"}],"replies":[{"embeddable":true,"href":"https:\/\/www.europesays.com\/fr\/wp-json\/wp\/v2\/comments?post=256430"}],"version-history":[{"count":0,"href":"https:\/\/www.europesays.com\/fr\/wp-json\/wp\/v2\/posts\/256430\/revisions"}],"wp:featuredmedia":[{"embeddable":true,"href":"https:\/\/www.europesays.com\/fr\/wp-json\/wp\/v2\/media\/256431"}],"wp:attachment":[{"href":"https:\/\/www.europesays.com\/fr\/wp-json\/wp\/v2\/media?parent=256430"}],"wp:term":[{"taxonomy":"category","embeddable":true,"href":"https:\/\/www.europesays.com\/fr\/wp-json\/wp\/v2\/categories?post=256430"},{"taxonomy":"post_tag","embeddable":true,"href":"https:\/\/www.europesays.com\/fr\/wp-json\/wp\/v2\/tags?post=256430"}],"curies":[{"name":"wp","href":"https:\/\/api.w.org\/{rel}","templated":true}]}}