{"id":256432,"date":"2025-07-18T13:16:17","date_gmt":"2025-07-18T13:16:17","guid":{"rendered":"https:\/\/www.europesays.com\/fr\/256432\/"},"modified":"2025-07-18T13:16:17","modified_gmt":"2025-07-18T13:16:17","slug":"de-lantiquite-a-jean-paul-gaultier-lhistoire-du-tatouage-en-mediterranee","status":"publish","type":"post","link":"https:\/\/www.europesays.com\/fr\/256432\/","title":{"rendered":"De l\u2019Antiquit\u00e9 \u00e0 Jean-Paul Gaultier, l&rsquo;histoire du tatouage en M\u00e9diterran\u00e9e"},"content":{"rendered":"<p class=\"editor-content__paragraph\"><a href=\"https:\/\/www.beauxarts.com\/grand-format\/le-tatouage-est-la-mere-de-tous-les-arts\/\" target=\"_blank\" rel=\"noopener\">Le tatouage<\/a> a le vent en poupe\u00a0! Pas moins de 48\u00a0% des Italiens, 42\u00a0% des Espagnols et <strong>un Fran\u00e7ais sur cinq<\/strong> revendiquent <strong>ces dessins \u00e0 m\u00eame la peau<\/strong>, dont l\u2019histoire remonte \u00e0 la<a href=\"https:\/\/www.beauxarts.com\/expos\/la-prehistoire-objet-de-desir-des-artistes\/\" target=\"_blank\" rel=\"noopener\"> Pr\u00e9histoire<\/a> et se poursuit aujourd\u2019hui avec toujours plus de succ\u00e8s \u2013 et d\u2019inventivit\u00e9. Mais <strong>d\u2019o\u00f9 vient ce ph\u00e9nom\u00e8ne\u00a0?<\/strong> <a href=\"https:\/\/www.beauxarts.com\/lifestyle\/10-excellents-musees-et-centres-dart-gratuits-dont-on-aurait-tort-de-se-priver-a-marseille\/\" target=\"_blank\" rel=\"noopener\">\u00c0 Marseille, la Vieille Charit\u00e9<\/a> consacre au sujet une exposition historique, riche de <strong>300 \u0153uvres et objets, tous issus des cultures m\u00e9diterran\u00e9ennes.<\/strong><\/p>\n<p class=\"editor-content__paragraph\">Chronologique, le parcours d\u00e9bute par <strong>une parenth\u00e8se sur la culture du tatouage \u00e0 Marseille<\/strong>, et s\u2019ouvre sur une superbe photographie de <a href=\"https:\/\/www.beauxarts.com\/reportages\/zoom-sur-une-photographe-de-presse-et-artiste-de-limage-yohanne-lamoulere\/\" target=\"_blank\" rel=\"noopener\">Yohanne Lamoul\u00e8re<\/a>\u00a0: torse nu, un jeune homme nous fixe, un poulpe sur l\u2019\u00e9paule, affichant une inscription sur son torse, \u00ab\u00a0Solo se vive una vez\u00a0\u00bb (\u00ab\u00a0On ne vit qu\u2019une fois\u00a0\u00bb). Montr\u00e9 ici <strong>comme une impulsion de vie et de mort<\/strong>, le tatouage s\u2019est fait depuis 1978\u00a0une place singuli\u00e8re dans la cit\u00e9 phoc\u00e9enne, avec<strong> l\u2019ouverture du tout premier salon<\/strong> par un couple, Monick et Allan\u00a0; ici ressuscit\u00e9 comme <strong>un souvenir pionnier<\/strong>, celui-ci restera ouvert jusqu\u2019en 2016, laissant derri\u00e8re lui des dizaines de salons sp\u00e9cialis\u00e9s.<\/p>\n<p>    <img loading=\"lazy\" decoding=\"async\" class=\"image__img\" src=\"https:\/\/www.europesays.com\/fr\/wp-content\/uploads\/2025\/07\/webdefferre_1_001-964x643.jpg\" alt=\"Exposition \u00ab\u00a0Tatouage. Histoire de la M\u00e9diterran\u00e9e\u00a0\u00bb au Centre de la Vieille Charit\u00e9 \u00e0 Marseille\" width=\"964\" height=\"643\"\/><\/p>\n<p>Exposition \u00ab\u00a0Tatouage. Histoire de la M\u00e9diterran\u00e9e\u00a0\u00bb au Centre de la Vieille Charit\u00e9 \u00e0 Marseille<\/p>\n<p>    i<\/p>\n<p class=\"legende__cartel\">\u00a9 Muse\u0301es de Marseille \/ \u00a9 Claude Almodovar<\/p>\n<p>        \u00c0 lire aussi :<br \/>\n        <a class=\"renvoi-explicite__link\" href=\"https:\/\/www.beauxarts.com\/reportages\/zoom-sur-une-photographe-de-presse-et-artiste-de-limage-yohanne-lamoulere\/\" target=\"_blank\" rel=\"noopener\">Zoom sur une photographe de presse et artiste de l&rsquo;image : Yohanne Lamoul\u00e8re<\/a><\/p>\n<p class=\"editor-content__paragraph\">Au mur, <strong>quelques portraits de Marseillais tatou\u00e9s<\/strong> t\u00e9moignent de cette effervescence persistante\u00a0: ils ont \u00e9t\u00e9 command\u00e9s sp\u00e9cialement pour l\u2019exposition aux dessinateurs <strong>Nine Antico<\/strong>, <strong>Annabelle Perrin<\/strong> ou<strong> Simon Roussin<\/strong>, chaque artiste prenant soin d\u2019accompagner son \u0153uvre de quelques lignes, qui expliquent <strong>l\u2019origine intime de ces peaux couvertes de motifs.<\/strong><\/p>\n<p>Les origines du tatouage<\/p>\n<p>    <img loading=\"lazy\" decoding=\"async\" class=\"image__img\" src=\"https:\/\/www.europesays.com\/fr\/wp-content\/uploads\/2025\/07\/modad_14_01-964x737.jpg\" alt=\"Bol repr\u00e9sentant une joueuse de luth\" width=\"964\" height=\"737\"\/><\/p>\n<p>Bol repr\u00e9sentant une joueuse de luth, 1400\u20131300\u00a0av. J.-C<\/p>\n<p>    i<\/p>\n<p class=\"legende__cartel\">Fa\u00efence \u2022 \u00a9 Dutch National Museum of Antiquities<\/p>\n<p class=\"editor-content__paragraph\">Puis, on entre dans le vif du sujet\u00a0: <strong>l\u2019histoire du tatouage en M\u00e9diterran\u00e9e<\/strong>. On y apprend que ses premi\u00e8res traces ont \u00e9t\u00e9 trouv\u00e9es sur des restes humains <strong>remontant au N\u00e9olithique<\/strong>, et que des objets anthropomorphes de l\u2019\u00e2ge du Bronze d\u00e9couverts \u00e0 Chypre, en Syrie ou dans la vall\u00e9e du Rh\u00f4ne en montrent de subtiles traces, <strong>signes d\u2019appartenance ou de pratiques d\u00e9votionnelles<\/strong> remontant au deuxi\u00e8me mill\u00e9naire avant notre \u00e8re.<\/p>\n<p class=\"editor-content__paragraph\">Si la pratique est ancienne, <strong>le mot n\u2019appara\u00eet<\/strong> dans la langue fran\u00e7aise <strong>qu\u2019\u00e0 la fin du XVIIIe si\u00e8cle<\/strong>, p\u00e9riode durant laquelle hommes, femmes et enfants ont coutume de <strong>se faire tatouer sur les sites de p\u00e8lerinage<\/strong>, comme en t\u00e9moigne une riche collection de tampons de tatouages d\u00e9votionnels du sanctuaire de Lorette. En d\u00e9pit des interdictions\u00a0: la Bible elle-m\u00eame <strong>proscrit les \u00ab\u00a0incisions dans la chair\u00a0\u00bb et les \u00ab\u00a0figures et les marques sur [le] corps\u00a0\u00bb.<\/strong><\/p>\n<p>        \u00c0 lire aussi :<br \/>\n        <a class=\"renvoi-explicite__link\" href=\"https:\/\/www.beauxarts.com\/lifestyle\/10-excellents-musees-et-centres-dart-gratuits-dont-on-aurait-tort-de-se-priver-a-marseille\/\" target=\"_blank\" rel=\"noopener\">10 excellents mus\u00e9es et centres d\u2019art gratuits dont on aurait tort de se priver \u00e0 Marseille<\/a><\/p>\n<p>Des marins aux cagoles<\/p>\n<p class=\"editor-content__paragraph\">Tr\u00e8s r\u00e9pandu<strong> au Maghreb<\/strong>, le tatouage est y ornement autant qu\u2019alli\u00e9 protecteur, et fascine bien <strong>des peintres orientalistes venus de France<\/strong>, dont <strong>Marie Tonoir<\/strong> et son portrait anonyme T\u00eate de femme de Biskra (1899\u20131900). <\/p>\n<p>    <img loading=\"lazy\" decoding=\"async\" class=\"image__img\" src=\"https:\/\/www.europesays.com\/fr\/wp-content\/uploads\/2025\/07\/modle.lfmrecliningtri_from-laumont_ley_triptych_300-964x402.jpg\" alt=\"Lalla Essaydi, Reclining Odalisque\" width=\"964\" height=\"402\"\/><\/p>\n<p>Lalla Essaydi, Reclining Odalisque, 2008<\/p>\n<p>    i<\/p>\n<p class=\"legende__cartel\">Impression chromog\u00e9nique mont\u00e9es sur aluminium et prot\u00e9g\u00e9es avec du stratifi\u00e9 de lustre Mactac \u2022 151.13 \u00d7 365.76 \u00d7 3.18\u00a0cm \u2022 Coll. Edwynn Houk Gallery \u2022 \u00a9 Lalla Essaydi<\/p>\n<p class=\"editor-content__paragraph\">De l\u2019autre c\u00f4t\u00e9 de la mer, <strong>Constantin-Jean-Marie Pr\u00e9vost<\/strong> peint la proximit\u00e9 sensuelle de Matelots napolitains se tatouant (vers 1830, ill. en Une), et rappelle que le tatouage a longtemps \u00e9t\u00e9 <strong>l\u2019apanage des marins et des prisonniers.<\/strong> Ceux-ci vont jusqu\u2019\u00e0 graver des carafes en terre cuite des m\u00eames petits motifs qui ornent leurs peaux, <strong>traductions de leur ennui autant que de leur cr\u00e9ativit\u00e9 en captivit\u00e9.<\/strong><\/p>\n<p>    <img loading=\"lazy\" decoding=\"async\" class=\"image__img\" src=\"https:\/\/www.europesays.com\/fr\/wp-content\/uploads\/2025\/07\/webgaelle-matata-lisa-granado-miss-cagole-2024-marseille-2024-marseille-collection-particuliere-964x.jpeg\" alt=\"Ga\u00eblle Matata, Lisa Granado, Miss cagole 2024\" width=\"964\" height=\"1446\"\/><\/p>\n<p>Ga\u00eblle Matata, Lisa Granado, Miss cagole 2024<\/p>\n<p>    i<\/p>\n<p class=\"legende__cartel\">Photographie en couleur \u2022 Collection particuli\u00e8re \u2022 \u00a9 Ga\u00eblle Matata<\/p>\n<p class=\"editor-content__paragraph\">Enfin, apr\u00e8s un d\u00e9tour par les<strong> robes brod\u00e9es de tatouages de <a href=\"https:\/\/www.beauxarts.com\/grand-format\/jean-paul-gaultier-poursuivi-pour-avoir-copie-la-venus-de-botticelli\/\" target=\"_blank\" rel=\"noopener\">Jean-Paul Gaultier<\/a><\/strong> et les <strong>corps queer peints avec onirisme par l\u2019Iranien Alireza Shojaian<\/strong> (sublime\u00a0!) [ill. plus haut], l\u2019exposition boucle la boucle et se termine sur une s\u00e9rie de photographies on ne peut plus marseillaises de \u00ab <strong>Miss Cagole 2024, Lisa Granado\u00a0\u00bb, par Ga\u00eblle Matata.<\/strong> Un retour \u00e0 la Cannebi\u00e8re tonitruant, o\u00f9 <strong>l\u2019ultra-f\u00e9minit\u00e9 outranci\u00e8re et politique de la mod\u00e8le<\/strong> s\u2019affirme aussi bien via des chaussures \u00e0 talon rose fluo avec la myriade de petits tatouages qui parcourent son corps bronz\u00e9\u2026<\/p>\n<p>  Arrow<\/p>\n<p>Tatouage. Histoire de la M\u00e9diterran\u00e9e<\/p>\n<p>Du 17 mai 2025 au 28 septembre 2025<\/p>\n<p class=\"url-expo\"><a href=\"https:\/\/musees.marseille.fr\/tatouage-histoires-de-la-mediterranee\" target=\"_blank\" rel=\"noopener\">musees.marseille.fr<\/a><\/p>\n<p class=\"annexe-content__infos\">Centre de la Vieille Charit\u00e9 &#8211; Marseille \u2022 2 Rue de la Charit\u00e9 \u2022 13002 Marseille<br \/><a href=\"https:\/\/vieille-charite-marseille.com\" target=\"_blank\" rel=\"noopener\">vieille-charite-marseille.com<\/a><\/p>\n<p>        \u00c0 lire aussi :<br \/>\n        <a class=\"renvoi-explicite__link\" href=\"https:\/\/www.beauxarts.com\/grand-format\/le-tatouage-est-la-mere-de-tous-les-arts\/\" target=\"_blank\" rel=\"noopener\">\u00ab Le tatouage est la m\u00e8re de tous les arts \u00bb<\/a><\/p>\n","protected":false},"excerpt":{"rendered":"Le tatouage a le vent en poupe\u00a0! Pas moins de 48\u00a0% des Italiens, 42\u00a0% des Espagnols et un&hellip;\n","protected":false},"author":2,"featured_media":256433,"comment_status":"","ping_status":"","sticky":false,"template":"","format":"standard","meta":{"footnotes":""},"categories":[2814],"tags":[1111,11,39638,1777,674,1011,27,18857,884,12,882,25,3735],"class_list":{"0":"post-256432","1":"post","2":"type-post","3":"status-publish","4":"format-standard","5":"has-post-thumbnail","7":"category-marseille","8":"tag-actu","9":"tag-actualites","10":"tag-centre-de-la-vieille-charite-marseille","11":"tag-eu","12":"tag-europe","13":"tag-fr","14":"tag-france","15":"tag-jean-paul-gaultier","16":"tag-marseille","17":"tag-news","18":"tag-provence-alpes-cote-dazur","19":"tag-republique-francaise","20":"tag-tatouage"},"share_on_mastodon":{"url":"https:\/\/pubeurope.com\/@fr\/114874429446095241","error":""},"_links":{"self":[{"href":"https:\/\/www.europesays.com\/fr\/wp-json\/wp\/v2\/posts\/256432","targetHints":{"allow":["GET"]}}],"collection":[{"href":"https:\/\/www.europesays.com\/fr\/wp-json\/wp\/v2\/posts"}],"about":[{"href":"https:\/\/www.europesays.com\/fr\/wp-json\/wp\/v2\/types\/post"}],"author":[{"embeddable":true,"href":"https:\/\/www.europesays.com\/fr\/wp-json\/wp\/v2\/users\/2"}],"replies":[{"embeddable":true,"href":"https:\/\/www.europesays.com\/fr\/wp-json\/wp\/v2\/comments?post=256432"}],"version-history":[{"count":0,"href":"https:\/\/www.europesays.com\/fr\/wp-json\/wp\/v2\/posts\/256432\/revisions"}],"wp:featuredmedia":[{"embeddable":true,"href":"https:\/\/www.europesays.com\/fr\/wp-json\/wp\/v2\/media\/256433"}],"wp:attachment":[{"href":"https:\/\/www.europesays.com\/fr\/wp-json\/wp\/v2\/media?parent=256432"}],"wp:term":[{"taxonomy":"category","embeddable":true,"href":"https:\/\/www.europesays.com\/fr\/wp-json\/wp\/v2\/categories?post=256432"},{"taxonomy":"post_tag","embeddable":true,"href":"https:\/\/www.europesays.com\/fr\/wp-json\/wp\/v2\/tags?post=256432"}],"curies":[{"name":"wp","href":"https:\/\/api.w.org\/{rel}","templated":true}]}}