{"id":256434,"date":"2025-07-18T13:17:09","date_gmt":"2025-07-18T13:17:09","guid":{"rendered":"https:\/\/www.europesays.com\/fr\/256434\/"},"modified":"2025-07-18T13:17:09","modified_gmt":"2025-07-18T13:17:09","slug":"le-relais-deverse-plus-dune-tonne-de-vetements-dans-une-zone-commerciale-pour-protester-contre-le-traitement-des-habits-en-fin-de-vie","status":"publish","type":"post","link":"https:\/\/www.europesays.com\/fr\/256434\/","title":{"rendered":"Le Relais d\u00e9verse plus d\u2019une tonne de v\u00eatements dans une zone commerciale pour protester contre le traitement des habits en fin de vie"},"content":{"rendered":"<p itemprop=\"description\"><strong>Les clients et salari\u00e9s de la zone commerciale du Gier, \u00e0 Givors, ont eu une belle surprise ce mardi 15 juillet.<\/strong><\/p>\n<p>Dans la matin\u00e9e, environ une tonne de v\u00eatements et de chaussures a \u00e9t\u00e9 d\u00e9pos\u00e9 sur le parking de l\u2019enseigne Kiabi. Chose plus \u00e9tonnante encore, il s\u2019agissait d\u2019une op\u00e9ration coup de poings men\u00e9e par la r\u00e9f\u00e9rence en mati\u00e8re de collecte et de r\u00e9utilisation du textile en France, Le Relais. Et ce, contre l\u2019enseigne de pr\u00eat-\u00e0-porter.<\/p>\n<p>\u00ab\u00a0L\u2019\u00e9co-organisme de la fili\u00e8re textile cens\u00e9 financer le recyclage textile (Refashion) ne couvre pas les co\u00fbts r\u00e9els du tri. Les marques comme Kiabi, D\u00e9cathlon ou Oka\u00efdi\u2026 metteurs en march\u00e9, profitent du syst\u00e8me sans assumer leurs responsabilit\u00e9s. Les marques de la fast fashion produisent des v\u00eatements de plus en plus bas de gamme, en tr\u00e8s grandes quantit\u00e9s, \u00e0 bas prix. Cette surproduction g\u00e9n\u00e8re une explosion de d\u00e9chets textiles, souvent non r\u00e9utilisables, que les metteurs en march\u00e9 refusent de prendre en charge. Ils externalisent ainsi les co\u00fbts sociaux et environnementaux de leur mod\u00e8le \u00e9conomique aux acteurs de terrain. R\u00e9sultat : la collecte s\u2019effondre, les v\u00eatements s&rsquo;accumulent sans exutoire, et des emplois solidaires sont menac\u00e9s. Nous refusons que l\u2019\u00e9conomie circulaire devienne un champ de ruines\u00a0\u00bb, indique Le Relais.<\/p>\n<p>\u00c0 noter que Givors n\u2019est pas la seule commune touch\u00e9e par l\u2019op\u00e9ration coup de poing du Relais en France. Pour le moment, il vous est conseill\u00e9 de ne pas d\u00e9poser vos v\u00eatements dans les bornes de collecte.<\/p>\n","protected":false},"excerpt":{"rendered":"Les clients et salari\u00e9s de la zone commerciale du Gier, \u00e0 Givors, ont eu une belle surprise ce&hellip;\n","protected":false},"author":2,"featured_media":256435,"comment_status":"","ping_status":"","sticky":false,"template":"","format":"standard","meta":{"footnotes":""},"categories":[1889],"tags":[1111,11,2813,2190,2430,1109,251,1112,2811,1777,674,118,1011,27,1922,1110,1114,2428,2810,12,241,316,25,2812,517,800],"class_list":{"0":"post-256434","1":"post","2":"type-post","3":"status-publish","4":"format-standard","5":"has-post-thumbnail","7":"category-lyon","8":"tag-actu","9":"tag-actualites","10":"tag-article","11":"tag-asvel","12":"tag-auvergne-rhone-alpes","13":"tag-breves","14":"tag-culture","15":"tag-depeches","16":"tag-economique","17":"tag-eu","18":"tag-europe","19":"tag-faits-divers","20":"tag-fr","21":"tag-france","22":"tag-info","23":"tag-informations","24":"tag-infos","25":"tag-lyon","26":"tag-lyonmag","27":"tag-news","28":"tag-ol","29":"tag-politique","30":"tag-republique-francaise","31":"tag-sociale","32":"tag-sport","33":"tag-transports"},"share_on_mastodon":{"url":"https:\/\/pubeurope.com\/@fr\/114874433583102061","error":""},"_links":{"self":[{"href":"https:\/\/www.europesays.com\/fr\/wp-json\/wp\/v2\/posts\/256434","targetHints":{"allow":["GET"]}}],"collection":[{"href":"https:\/\/www.europesays.com\/fr\/wp-json\/wp\/v2\/posts"}],"about":[{"href":"https:\/\/www.europesays.com\/fr\/wp-json\/wp\/v2\/types\/post"}],"author":[{"embeddable":true,"href":"https:\/\/www.europesays.com\/fr\/wp-json\/wp\/v2\/users\/2"}],"replies":[{"embeddable":true,"href":"https:\/\/www.europesays.com\/fr\/wp-json\/wp\/v2\/comments?post=256434"}],"version-history":[{"count":0,"href":"https:\/\/www.europesays.com\/fr\/wp-json\/wp\/v2\/posts\/256434\/revisions"}],"wp:featuredmedia":[{"embeddable":true,"href":"https:\/\/www.europesays.com\/fr\/wp-json\/wp\/v2\/media\/256435"}],"wp:attachment":[{"href":"https:\/\/www.europesays.com\/fr\/wp-json\/wp\/v2\/media?parent=256434"}],"wp:term":[{"taxonomy":"category","embeddable":true,"href":"https:\/\/www.europesays.com\/fr\/wp-json\/wp\/v2\/categories?post=256434"},{"taxonomy":"post_tag","embeddable":true,"href":"https:\/\/www.europesays.com\/fr\/wp-json\/wp\/v2\/tags?post=256434"}],"curies":[{"name":"wp","href":"https:\/\/api.w.org\/{rel}","templated":true}]}}