{"id":256440,"date":"2025-07-18T13:21:09","date_gmt":"2025-07-18T13:21:09","guid":{"rendered":"https:\/\/www.europesays.com\/fr\/256440\/"},"modified":"2025-07-18T13:21:09","modified_gmt":"2025-07-18T13:21:09","slug":"fermeture-en-urgence-dun-commerce-dalimentation-apres-un-controle-sanitaire-non-conforme","status":"publish","type":"post","link":"https:\/\/www.europesays.com\/fr\/256440\/","title":{"rendered":"fermeture en urgence d&rsquo;un commerce d&rsquo;alimentation apr\u00e8s un contr\u00f4le sanitaire non-conforme"},"content":{"rendered":"<p>            Par<br \/>\n        <strong><br \/>\n            <a href=\"https:\/\/actu.fr\/auteur\/redaction-paris\" title=\"Consulter tous les articles de R\u00e9daction Paris\" rel=\"nofollow noopener\" target=\"_blank\">R\u00e9daction Paris<\/a><br \/>\n        <\/strong><\/p>\n<p>        Publi\u00e9 le<\/p>\n<p>            18 juil. 2025 \u00e0 11h15        <\/p>\n<p>La liste des manquements dress\u00e9e par les inspecteurs de la direction d\u00e9partementale de la protection des populations (DDPP) est sans appel\u2009: le commerce faisait courir un <strong>risque de contamination<\/strong> pour les clients. La <a href=\"https:\/\/actu.fr\/tag\/prefecture-de-seine-saint-denis\" rel=\"nofollow noopener\" target=\"_blank\">pr\u00e9fecture de Seine-Saint-Denis<\/a> a donc pris la d\u00e9cision de fermer l\u2019\u00e9tablissement.<\/p>\n<p>\u00ab\u2009Absence de proc\u00e9dure de nettoyage\u2009\u00bb<\/p>\n<p class=\" wall-content\">Le contr\u00f4le sanitaire a \u00e9t\u00e9 effectu\u00e9 le 8\u00a0juillet 2025 dans le commerce <strong>\u00c9toile d\u2019Afrique<\/strong> \u00e0 <a href=\"https:\/\/actu.fr\/ile-de-france\/montreuil_93048\" rel=\"nofollow noopener\" target=\"_blank\">Montreuil<\/a>. Cat\u00e9goris\u00e9 comme boucherie sur Google, il s\u2019agit, selon <a href=\"https:\/\/annuaire-entreprises.data.gouv.fr\/etablissement\/88086800500013\" rel=\"nofollow noopener\" target=\"_blank\">l\u2019annuaire d\u2019entreprises<\/a>, d\u2019un \u00ab\u2009commerce de d\u00e9tail alimentaire sur \u00e9ventaires et march\u00e9s\u2009\u00bb qui vend \u00e9galement d\u2019autres produits alimentaires.<\/p>\n<p class=\" wall-content\">Les inspecteurs ont relev\u00e9 des manquements dans plusieurs domaines, notamment <strong>l\u2019hygi\u00e8ne et le nettoyage<\/strong>. Premier probl\u00e8me\u2009: l\u2019absence de savon bact\u00e9ricide et d\u2019hygi\u00e8ne manuelle ce qui peut entra\u00eener \u00ab\u2009un risque majeur d\u2019intoxication alimentaire\u2009\u00bb et \u00ab\u2009un risque \u00e9lev\u00e9 de contaminations crois\u00e9es de germes pathog\u00e8nes pr\u00e9judiciables \u00e0 la sant\u00e9 des consommateurs\u2009\u00bb, explique l\u2019arr\u00eat\u00e9 pr\u00e9fectoral.<\/p>\n<p class=\" wall-content\">En ce qui concerne la propret\u00e9 des locaux, des failles ont aussi \u00e9t\u00e9 observ\u00e9es. \u00ab\u2009Absence de proc\u00e9dure de nettoyage et de <strong>d\u00e9sinfection<\/strong> des locaux et du mat\u00e9riel\u2009\u00bb, \u00ab\u2009nettoyage des locaux de production tr\u00e8s insuffisant voire inexistant\u2009\u00bb, \u00ab\u2009absence de proc\u00e9dure permettant la mise en place et l\u2019application des bonnes pratiques en hygi\u00e8ne alimentaire\u2009\u00bb, ont \u00e9crit les experts dans leur rapport.<\/p>\n<p class=\" wall-content\">L\u2019absence de \u00ab\u2009poubelle conforme\u2009\u00bb pourrait \u00eatre responsable des nuisibles <strong>(rongeurs, cafards, mouches)<\/strong> dont la pr\u00e9sence a \u00e9t\u00e9 constat\u00e9e via des d\u00e9jections. Autre souci\u2009: l\u2019absence de \u00ab\u2009surveillance des temp\u00e9ratures de conservation des denr\u00e9es alimentaires pour une partie des enceintes r\u00e9frig\u00e9r\u00e9es\u2009\u00bb. La pr\u00e9sence de denr\u00e9es p\u00e9rim\u00e9es et \u00ab\u2009non stock\u00e9es au froid\u2009\u00bb a donc \u00e9t\u00e9 constat\u00e9e.<\/p>\n<p class=\" wall-content\">Dans leurs rapports, les experts de la DDPP ont estim\u00e9 que continuer d\u2019exploiter cet \u00e9tablissement \u00ab\u2009ferait courir <strong>un risque grave de sant\u00e9<\/strong> publique\u2009\u00bb. La pr\u00e9fecture a donc ordonn\u00e9 leur fermeture imm\u00e9diate. Il pourra rouvrir une fois que les modifications demand\u00e9es auront \u00e9t\u00e9 effectu\u00e9es.<\/p>\n<p class=\" wall-content\">Suivez toute l\u2019actualit\u00e9 de vos villes et m\u00e9dias favoris en vous inscrivant \u00e0 <a href=\"https:\/\/moncompte.actu.fr\" title=\"D\u00e9couvez Mon Actu\" rel=\"nofollow noopener\" data-trk=\"{&quot;cta&quot;:{&quot;action&quot;:&quot;https:\\\/\\\/moncompte.actu.fr&quot;,&quot;category&quot;:&quot;mon compte&quot;,&quot;from&quot;:&quot;article footer&quot;,&quot;name&quot;:&quot;Mon actu&quot;,&quot;type&quot;:&quot;cta&quot;}}\" target=\"_blank\">Mon Actu<\/a>.<\/p>\n","protected":false},"excerpt":{"rendered":"Par R\u00e9daction Paris Publi\u00e9 le 18 juil. 2025 \u00e0 11h15 La liste des manquements dress\u00e9e par les inspecteurs&hellip;\n","protected":false},"author":2,"featured_media":256441,"comment_status":"","ping_status":"","sticky":false,"template":"","format":"standard","meta":{"footnotes":""},"categories":[1888],"tags":[1111,1928,11,1927,215,1777,674,1011,27,12,1926,626,1925,25,71,104],"class_list":{"0":"post-256440","1":"post","2":"type-post","3":"status-publish","4":"format-standard","5":"has-post-thumbnail","7":"category-paris","8":"tag-actu","9":"tag-actu-paris","10":"tag-actualites","11":"tag-actualites-paris","12":"tag-commerce","13":"tag-eu","14":"tag-europe","15":"tag-fr","16":"tag-france","17":"tag-news","18":"tag-news-paris","19":"tag-paris","20":"tag-paris-news","21":"tag-republique-francaise","22":"tag-sante","23":"tag-societe"},"share_on_mastodon":{"url":"https:\/\/pubeurope.com\/@fr\/114874448835246062","error":""},"_links":{"self":[{"href":"https:\/\/www.europesays.com\/fr\/wp-json\/wp\/v2\/posts\/256440","targetHints":{"allow":["GET"]}}],"collection":[{"href":"https:\/\/www.europesays.com\/fr\/wp-json\/wp\/v2\/posts"}],"about":[{"href":"https:\/\/www.europesays.com\/fr\/wp-json\/wp\/v2\/types\/post"}],"author":[{"embeddable":true,"href":"https:\/\/www.europesays.com\/fr\/wp-json\/wp\/v2\/users\/2"}],"replies":[{"embeddable":true,"href":"https:\/\/www.europesays.com\/fr\/wp-json\/wp\/v2\/comments?post=256440"}],"version-history":[{"count":0,"href":"https:\/\/www.europesays.com\/fr\/wp-json\/wp\/v2\/posts\/256440\/revisions"}],"wp:featuredmedia":[{"embeddable":true,"href":"https:\/\/www.europesays.com\/fr\/wp-json\/wp\/v2\/media\/256441"}],"wp:attachment":[{"href":"https:\/\/www.europesays.com\/fr\/wp-json\/wp\/v2\/media?parent=256440"}],"wp:term":[{"taxonomy":"category","embeddable":true,"href":"https:\/\/www.europesays.com\/fr\/wp-json\/wp\/v2\/categories?post=256440"},{"taxonomy":"post_tag","embeddable":true,"href":"https:\/\/www.europesays.com\/fr\/wp-json\/wp\/v2\/tags?post=256440"}],"curies":[{"name":"wp","href":"https:\/\/api.w.org\/{rel}","templated":true}]}}