{"id":256442,"date":"2025-07-18T13:22:11","date_gmt":"2025-07-18T13:22:11","guid":{"rendered":"https:\/\/www.europesays.com\/fr\/256442\/"},"modified":"2025-07-18T13:22:11","modified_gmt":"2025-07-18T13:22:11","slug":"la-techno-parade-annulee-a-paris-pour-la-deuxieme-annee-consecutive","status":"publish","type":"post","link":"https:\/\/www.europesays.com\/fr\/256442\/","title":{"rendered":"la Techno Parade annul\u00e9e \u00e0 Paris pour la deuxi\u00e8me ann\u00e9e cons\u00e9cutive"},"content":{"rendered":"<p><img decoding=\"async\" class=\"caas-img has-preview\" alt=\"Abaca\" bad-src=\"https:\/\/www.europesays.com\/fr\/wp-content\/uploads\/2025\/07\/c33cd97fe7cde751f53f58b8eda58e89.jpeg\" src=\"https:\/\/www.europesays.com\/fr\/wp-content\/uploads\/2025\/07\/c33cd97fe7cde751f53f58b8eda58e89.jpeg\"\/><\/p>\n<p>Abaca<\/p>\n<p>AbacaSemaine difficile pour le monde de l&rsquo;\u00e9lectro. Alors que le festival Tomorrowland ouvre ses portes apr\u00e8s <a class=\"link \" href=\"https:\/\/www.chartsinfrance.net\/actualite\/news-133218.html\" rel=\"nofollow noopener\" target=\"_blank\" data-ylk=\"slk:l&#039;impressionnant incendie de sa sc\u00e8ne principale;elm:context_link;itc:0;sec:content-canvas\">l&rsquo;impressionnant incendie de sa sc\u00e8ne principale<\/a>, et que la venue de la DJ russe <a class=\"link \" href=\"https:\/\/www.chartsinfrance.net\/actualite\/news-133193.html\" rel=\"nofollow noopener\" target=\"_blank\" data-ylk=\"slk:Nina Kraviz aux Vieilles Charrues a fait d\u00e9bat;elm:context_link;itc:0;sec:content-canvas\">Nina Kraviz aux Vieilles Charrues a fait d\u00e9bat<\/a>, la Techno Parade d\u00e9clare forfait. Le c\u00e9l\u00e8bre rassemblement \u00e9lectro parisien, qui r\u00e9unit jusqu&rsquo;\u00e0 400.000 f\u00eatards, vient d&rsquo;annoncer l&rsquo;annulation de son \u00e9dition 2025, pour la deuxi\u00e8me ann\u00e9e cons\u00e9cutive. Si <a class=\"link \" href=\"https:\/\/www.chartsinfrance.net\/actualite\/news-129749.html\" rel=\"nofollow noopener\" target=\"_blank\" data-ylk=\"slk:les Jeux Olympiques;elm:context_link;itc:0;sec:content-canvas\">les Jeux Olympiques<\/a> ont mis fin \u00e0 la f\u00eate en 2024, les organisateurs \u00e9voquent, pour cette ann\u00e9e, de grandes difficult\u00e9s financi\u00e8res. Dans un communiqu\u00e9 transmis \u00e0 l&rsquo;AFP, l&rsquo;association Technopol, qui g\u00e8re l&rsquo;\u00e9v\u00e9nement depuis sa cr\u00e9ation en 1998, explique que la Techno Parade est \u00ab principalement soutenue par les marques priv\u00e9es, [or] celles-ci sont de plus en plus difficiles \u00e0 mobiliser \u00bb.<\/p>\n<p>Rendez-vous en septembre 2026 !<\/p>\n<p>Pour Technopol, le prochain objectif est l&rsquo;organisation de l&rsquo;\u00e9dition 2026 : \u00ab Cette ann\u00e9e \u00e9tant marqu\u00e9e par une r\u00e9flexion avec les partenaires publics et priv\u00e9s sur un mod\u00e8le renouvel\u00e9 et tout aussi ambitieux de la Techno Parade, plus de 25 ans apr\u00e8s sa cr\u00e9ation. Nous avons donc pris la d\u00e9cision de repenser notre mod\u00e8le de financement, travailler avec des partenaires sur le long terme, afin de pr\u00e9server notre \u00e9v\u00e9nement et le faire vivre sur la dur\u00e9e \u00bb. Si l&rsquo;association va de l&rsquo;avant, Jack Lang, ancien ministre de la Culture \u00e0 l&rsquo;initiative de l&rsquo;\u00e9v\u00e9nement, d\u00e9crit cette annulation comme \u00ab une humiliation \u00bb alors m\u00eame qu&rsquo;Emmanuel Macron a propos\u00e9 d&rsquo;Cliquez ici pour voir la suite<\/p>\n","protected":false},"excerpt":{"rendered":"Abaca AbacaSemaine difficile pour le monde de l&rsquo;\u00e9lectro. Alors que le festival Tomorrowland ouvre ses portes apr\u00e8s l&rsquo;impressionnant&hellip;\n","protected":false},"author":2,"featured_media":256443,"comment_status":"","ping_status":"","sticky":false,"template":"","format":"standard","meta":{"footnotes":""},"categories":[1888],"tags":[31336,1111,1928,11,1927,1777,674,1011,27,14820,2616,12,1926,626,1925,25,39639,39640],"class_list":{"0":"post-256442","1":"post","2":"type-post","3":"status-publish","4":"format-standard","5":"has-post-thumbnail","7":"category-paris","8":"tag-abaca","9":"tag-actu","10":"tag-actu-paris","11":"tag-actualites","12":"tag-actualites-paris","13":"tag-eu","14":"tag-europe","15":"tag-fr","16":"tag-france","17":"tag-la-fete","18":"tag-ministre-de-la-culture","19":"tag-news","20":"tag-news-paris","21":"tag-paris","22":"tag-paris-news","23":"tag-republique-francaise","24":"tag-techno-parade","25":"tag-technopol"},"share_on_mastodon":{"url":"https:\/\/pubeurope.com\/@fr\/114874452814848075","error":""},"_links":{"self":[{"href":"https:\/\/www.europesays.com\/fr\/wp-json\/wp\/v2\/posts\/256442","targetHints":{"allow":["GET"]}}],"collection":[{"href":"https:\/\/www.europesays.com\/fr\/wp-json\/wp\/v2\/posts"}],"about":[{"href":"https:\/\/www.europesays.com\/fr\/wp-json\/wp\/v2\/types\/post"}],"author":[{"embeddable":true,"href":"https:\/\/www.europesays.com\/fr\/wp-json\/wp\/v2\/users\/2"}],"replies":[{"embeddable":true,"href":"https:\/\/www.europesays.com\/fr\/wp-json\/wp\/v2\/comments?post=256442"}],"version-history":[{"count":0,"href":"https:\/\/www.europesays.com\/fr\/wp-json\/wp\/v2\/posts\/256442\/revisions"}],"wp:featuredmedia":[{"embeddable":true,"href":"https:\/\/www.europesays.com\/fr\/wp-json\/wp\/v2\/media\/256443"}],"wp:attachment":[{"href":"https:\/\/www.europesays.com\/fr\/wp-json\/wp\/v2\/media?parent=256442"}],"wp:term":[{"taxonomy":"category","embeddable":true,"href":"https:\/\/www.europesays.com\/fr\/wp-json\/wp\/v2\/categories?post=256442"},{"taxonomy":"post_tag","embeddable":true,"href":"https:\/\/www.europesays.com\/fr\/wp-json\/wp\/v2\/tags?post=256442"}],"curies":[{"name":"wp","href":"https:\/\/api.w.org\/{rel}","templated":true}]}}