{"id":256444,"date":"2025-07-18T13:23:10","date_gmt":"2025-07-18T13:23:10","guid":{"rendered":"https:\/\/www.europesays.com\/fr\/256444\/"},"modified":"2025-07-18T13:23:10","modified_gmt":"2025-07-18T13:23:10","slug":"eric-ruf-quitte-la-comedie-francaise-apres-trente-deux-ans-cinq-molieres-cest-comme-le-5-0-du-psg","status":"publish","type":"post","link":"https:\/\/www.europesays.com\/fr\/256444\/","title":{"rendered":"\u00c9ric Ruf\u00a0quitte la Com\u00e9die-Fran\u00e7aise apr\u00e8s trente-deux\u00a0ans\u00a0: \u00ab\u00a0Cinq Moli\u00e8res, c\u2019est comme le 5-0 du PSG\u00a0\u00bb"},"content":{"rendered":"<p class=\"paragraph text_align_left lp-f-body-02\">Dans quelques jours, il passera la main, d\u00e9barquera pour de bon et restera \u00e0 quai, achevant un tiers de si\u00e8cle de pr\u00e9sence et onze ans de mandat \u2014 le maximum autoris\u00e9 \u2014 sur un bilan positif. Il a r\u00e9ussi \u00e0 d\u00e9poussi\u00e9rer l\u2019institution, \u00e0 la replacer en pleine lumi\u00e8re. Au moment de candidater, se souvient-il, \u00c9ric Ruf ne trouvait pas \u00ab normal que la Com\u00e9die-Fran\u00e7aise n\u2019ait pas jou\u00e9 depuis plus de vingt ans au <a href=\"https:\/\/www.leparisien.fr\/culture-loisirs\/festival-off-davignon-2025-nos-20-coups-de-coeur-17-07-2025-ZRA7VJY2KBF6DK6A5652RUNV7Q.php\" target=\"_blank\" rel=\"noreferrer noopener\">Festival d\u2019Avignon<\/a> \u00bb. Cette ann\u00e9e, la troupe y joue. Dans le In, c\u2019est d\u00e9sormais une habitude, mais aussi dans le Off.<\/p>\n","protected":false},"excerpt":{"rendered":"Dans quelques jours, il passera la main, d\u00e9barquera pour de bon et restera \u00e0 quai, achevant un tiers&hellip;\n","protected":false},"author":2,"featured_media":256445,"comment_status":"","ping_status":"","sticky":false,"template":"","format":"standard","meta":{"footnotes":""},"categories":[1888],"tags":[11,872,1777,674,1011,27,12,626,25],"class_list":{"0":"post-256444","1":"post","2":"type-post","3":"status-publish","4":"format-standard","5":"has-post-thumbnail","7":"category-paris","8":"tag-actualites","9":"tag-culture-et-loisirs","10":"tag-eu","11":"tag-europe","12":"tag-fr","13":"tag-france","14":"tag-news","15":"tag-paris","16":"tag-republique-francaise"},"share_on_mastodon":{"url":"https:\/\/pubeurope.com\/@fr\/114874457039386585","error":""},"_links":{"self":[{"href":"https:\/\/www.europesays.com\/fr\/wp-json\/wp\/v2\/posts\/256444","targetHints":{"allow":["GET"]}}],"collection":[{"href":"https:\/\/www.europesays.com\/fr\/wp-json\/wp\/v2\/posts"}],"about":[{"href":"https:\/\/www.europesays.com\/fr\/wp-json\/wp\/v2\/types\/post"}],"author":[{"embeddable":true,"href":"https:\/\/www.europesays.com\/fr\/wp-json\/wp\/v2\/users\/2"}],"replies":[{"embeddable":true,"href":"https:\/\/www.europesays.com\/fr\/wp-json\/wp\/v2\/comments?post=256444"}],"version-history":[{"count":0,"href":"https:\/\/www.europesays.com\/fr\/wp-json\/wp\/v2\/posts\/256444\/revisions"}],"wp:featuredmedia":[{"embeddable":true,"href":"https:\/\/www.europesays.com\/fr\/wp-json\/wp\/v2\/media\/256445"}],"wp:attachment":[{"href":"https:\/\/www.europesays.com\/fr\/wp-json\/wp\/v2\/media?parent=256444"}],"wp:term":[{"taxonomy":"category","embeddable":true,"href":"https:\/\/www.europesays.com\/fr\/wp-json\/wp\/v2\/categories?post=256444"},{"taxonomy":"post_tag","embeddable":true,"href":"https:\/\/www.europesays.com\/fr\/wp-json\/wp\/v2\/tags?post=256444"}],"curies":[{"name":"wp","href":"https:\/\/api.w.org\/{rel}","templated":true}]}}