{"id":256456,"date":"2025-07-18T13:29:09","date_gmt":"2025-07-18T13:29:09","guid":{"rendered":"https:\/\/www.europesays.com\/fr\/256456\/"},"modified":"2025-07-18T13:29:09","modified_gmt":"2025-07-18T13:29:09","slug":"la-drole-de-guerre-des-vacances-dete","status":"publish","type":"post","link":"https:\/\/www.europesays.com\/fr\/256456\/","title":{"rendered":"la dr\u00f4le de guerre des vacances d&rsquo;\u00e9t\u00e9"},"content":{"rendered":"<p>\n    En Allemagne, les dates des vacances d&rsquo;\u00e9t\u00e9 deviennent chaque ann\u00e9e un objet de crispations entre les \u00c9tats f\u00e9d\u00e9raux. Certains plaident pour une uniformisation du calendrier estival au nom du principe d&rsquo;\u00e9galit\u00e9 quand d&rsquo;autres tentent difficilement de justifier ces privil\u00e8ges au nom de leurs sp\u00e9cificit\u00e9s territoriales.\n<\/p>\n<p class=\"article-text article-body__item\">\n    Le d\u00e9bat revient chaque \u00e9t\u00e9. La guerre des vacances scolaires se rallume en Allemagne o\u00f9 les deux riches r\u00e9gions du Sud d\u00e9cha\u00eenent l&rsquo;envie de celles du Nord car les vacances d&rsquo;\u00e9t\u00e9 y d\u00e9marrent plus tard. \u00ab Nous souhaitons une r\u00e9glementation \u00e9quitable pour tous les L\u00e4nder. La Rh\u00e9nanie-du-Nord-Westphalie aimerait, elle aussi, commencer ses vacances plus tard \u00bb, a d\u00e9clar\u00e9 d\u00e9but juillet la ministre de l&rsquo;\u00c9ducation du l\u00e4nder, le plus peupl\u00e9 d&rsquo;Allemagne. La revendication, en apparence quelconque, remet in\u00e9vitablement une pi\u00e8ce dans la machine \u00e0 critiques du vieux syst\u00e8me allemand de la part des \u00c9tats f\u00e9d\u00e9raux du nord.<\/p>\n","protected":false},"excerpt":{"rendered":"En Allemagne, les dates des vacances d&rsquo;\u00e9t\u00e9 deviennent chaque ann\u00e9e un objet de crispations entre les \u00c9tats f\u00e9d\u00e9raux.&hellip;\n","protected":false},"author":2,"featured_media":256457,"comment_status":"","ping_status":"","sticky":false,"template":"","format":"standard","meta":{"footnotes":""},"categories":[1587],"tags":[11,672,1804,1805,1803,1777,674,1801,12,1802],"class_list":{"0":"post-256456","1":"post","2":"type-post","3":"status-publish","4":"format-standard","5":"has-post-thumbnail","7":"category-allemagne","8":"tag-actualites","9":"tag-allemagne","10":"tag-bundesrepublik-deutschland","11":"tag-de","12":"tag-deutschland","13":"tag-eu","14":"tag-europe","15":"tag-germany","16":"tag-news","17":"tag-republique-federale-dallemagne"},"share_on_mastodon":{"url":"https:\/\/pubeurope.com\/@fr\/114874480296560342","error":""},"_links":{"self":[{"href":"https:\/\/www.europesays.com\/fr\/wp-json\/wp\/v2\/posts\/256456","targetHints":{"allow":["GET"]}}],"collection":[{"href":"https:\/\/www.europesays.com\/fr\/wp-json\/wp\/v2\/posts"}],"about":[{"href":"https:\/\/www.europesays.com\/fr\/wp-json\/wp\/v2\/types\/post"}],"author":[{"embeddable":true,"href":"https:\/\/www.europesays.com\/fr\/wp-json\/wp\/v2\/users\/2"}],"replies":[{"embeddable":true,"href":"https:\/\/www.europesays.com\/fr\/wp-json\/wp\/v2\/comments?post=256456"}],"version-history":[{"count":0,"href":"https:\/\/www.europesays.com\/fr\/wp-json\/wp\/v2\/posts\/256456\/revisions"}],"wp:featuredmedia":[{"embeddable":true,"href":"https:\/\/www.europesays.com\/fr\/wp-json\/wp\/v2\/media\/256457"}],"wp:attachment":[{"href":"https:\/\/www.europesays.com\/fr\/wp-json\/wp\/v2\/media?parent=256456"}],"wp:term":[{"taxonomy":"category","embeddable":true,"href":"https:\/\/www.europesays.com\/fr\/wp-json\/wp\/v2\/categories?post=256456"},{"taxonomy":"post_tag","embeddable":true,"href":"https:\/\/www.europesays.com\/fr\/wp-json\/wp\/v2\/tags?post=256456"}],"curies":[{"name":"wp","href":"https:\/\/api.w.org\/{rel}","templated":true}]}}