{"id":256458,"date":"2025-07-18T13:30:10","date_gmt":"2025-07-18T13:30:10","guid":{"rendered":"https:\/\/www.europesays.com\/fr\/256458\/"},"modified":"2025-07-18T13:30:10","modified_gmt":"2025-07-18T13:30:10","slug":"en-grece-lellinikon-le-plus-grand-projet-immobilier-deurope-suscite-appetits-et-polemiques","status":"publish","type":"post","link":"https:\/\/www.europesays.com\/fr\/256458\/","title":{"rendered":"En Gr\u00e8ce, l\u2019Ellinikon, le plus grand projet immobilier d\u2019Europe, suscite app\u00e9tits et pol\u00e9miques"},"content":{"rendered":"\n<p>Gratte-ciel, r\u00e9sidences de luxe, centres commerciaux, h\u00f4tels, casino, parcs, marina\u2026 Sur la Riviera au sud d\u2019Ath\u00e8nes, l\u2019Ellinikon s\u2019annonce comme le plus grand projet de r\u00e9am\u00e9nagement urbain d\u2019Europe. Pr\u00e9sent\u00e9e comme une ville \u201cintelligente\u201d et \u201cdurable\u201d, elle s\u2019\u00e9tend sur 6,2\u00a0km2, pour un budget total de 8\u00a0milliards d\u2019euros.<\/p>\n<p>\u201cLa\u00a0Riviera Tower\u00a0ressemble \u00e0 un totem surdimensionn\u00e9 lorsqu\u2019elle \u00e9merge du sol, transmettant le message que, sur la Riviera ath\u00e9nienne, les conditions de vie sont en train de changer pour toujours\u201d, <a class=\"ithalc\" data-ithal=\"lien_externe\" data-ithalc=\"[nav_article]\" target=\"_blank\" href=\"https:\/\/www.protothema.gr\/economy\/article\/1558464\/athinaiki-riviera-to-hroniko-tis-metamorfosis-70-hiliometra-se-70-hronia\/\" rel=\"nofollow noopener\">d\u00e9crit <strong>Proto Thema<\/strong><\/a><strong>. <\/strong>\u201cLes pr\u00e9visions mentionnent la venue d\u2019un million de touristes par an, un b\u00e9n\u00e9fice \u00e9conomique suppl\u00e9mentaire pour l\u2019\u00c9tat grec avec des revenus de 14\u00a0milliards d\u2019euros, une contribution au produit int\u00e9rieur brut [du pays] de 2,4\u00a0%, ainsi que la cr\u00e9ation de 85\u00a0000 nouveaux emplois\u201d, s\u2019enthousiasme le quotidien conservateur.<\/p>\n<p>Ce projet immobilier pharaonique a pour objectif de redonner vie \u00e0 une zone longtemps abandonn\u00e9e, le site de l\u2019ancien a\u00e9roport d\u2019Ath\u00e8nes, et se veut \u00eatre un symbole de la renaissance \u00e9conomique de la Gr\u00e8ce. \u201cLa Riviera ath\u00e9nienne s\u2019est impos\u00e9e comme l\u2019un des march\u00e9s immobiliers de luxe les plus dynamiques d\u2019Europe pour 2024-2025, attirant des acheteurs fortun\u00e9s du monde entier\u201d, <a class=\"ithalc\" data-ithal=\"lien_externe\" data-ithalc=\"[nav_article]\" target=\"_blank\" href=\"https:\/\/www.tovima.gr\/2025\/05\/11\/finance\/akinita-xrysoryxeio-i-athinaiki-riviera-poioi-ependyoun-ekatommyria\/\" rel=\"nofollow noopener\">note ainsi <strong>To Vima<\/strong><\/a><strong>.<\/strong><\/p>\n<p> \u201cSans voix\u201d <\/p>\n<p>Les premiers a<\/p>\n","protected":false},"excerpt":{"rendered":"Gratte-ciel, r\u00e9sidences de luxe, centres commerciaux, h\u00f4tels, casino, parcs, marina\u2026 Sur la Riviera au sud d\u2019Ath\u00e8nes, l\u2019Ellinikon s\u2019annonce&hellip;\n","protected":false},"author":2,"featured_media":256459,"comment_status":"","ping_status":"","sticky":false,"template":"","format":"standard","meta":{"footnotes":""},"categories":[1586],"tags":[11,1777,674,1011,27,25984,12,25,1857,2542,1352],"class_list":{"0":"post-256458","1":"post","2":"type-post","3":"status-publish","4":"format-standard","5":"has-post-thumbnail","7":"category-europe","8":"tag-actualites","9":"tag-eu","10":"tag-europe","11":"tag-fr","12":"tag-france","13":"tag-gru00e8ce","14":"tag-news","15":"tag-republique-francaise","16":"tag-sociu00e9tu00e9","17":"tag-u00e9conomie","18":"tag-urbanisme"},"share_on_mastodon":{"url":"https:\/\/pubeurope.com\/@fr\/114874484285972249","error":""},"_links":{"self":[{"href":"https:\/\/www.europesays.com\/fr\/wp-json\/wp\/v2\/posts\/256458","targetHints":{"allow":["GET"]}}],"collection":[{"href":"https:\/\/www.europesays.com\/fr\/wp-json\/wp\/v2\/posts"}],"about":[{"href":"https:\/\/www.europesays.com\/fr\/wp-json\/wp\/v2\/types\/post"}],"author":[{"embeddable":true,"href":"https:\/\/www.europesays.com\/fr\/wp-json\/wp\/v2\/users\/2"}],"replies":[{"embeddable":true,"href":"https:\/\/www.europesays.com\/fr\/wp-json\/wp\/v2\/comments?post=256458"}],"version-history":[{"count":0,"href":"https:\/\/www.europesays.com\/fr\/wp-json\/wp\/v2\/posts\/256458\/revisions"}],"wp:featuredmedia":[{"embeddable":true,"href":"https:\/\/www.europesays.com\/fr\/wp-json\/wp\/v2\/media\/256459"}],"wp:attachment":[{"href":"https:\/\/www.europesays.com\/fr\/wp-json\/wp\/v2\/media?parent=256458"}],"wp:term":[{"taxonomy":"category","embeddable":true,"href":"https:\/\/www.europesays.com\/fr\/wp-json\/wp\/v2\/categories?post=256458"},{"taxonomy":"post_tag","embeddable":true,"href":"https:\/\/www.europesays.com\/fr\/wp-json\/wp\/v2\/tags?post=256458"}],"curies":[{"name":"wp","href":"https:\/\/api.w.org\/{rel}","templated":true}]}}