{"id":256460,"date":"2025-07-18T13:31:12","date_gmt":"2025-07-18T13:31:12","guid":{"rendered":"https:\/\/www.europesays.com\/fr\/256460\/"},"modified":"2025-07-18T13:31:12","modified_gmt":"2025-07-18T13:31:12","slug":"ce-nest-pas-le-moment-lunion-europeenne-ne-parlera-pas-catalan-ni-basque","status":"publish","type":"post","link":"https:\/\/www.europesays.com\/fr\/256460\/","title":{"rendered":"\u00ab\u00a0Ce n&rsquo;est pas le moment\u00a0\u00bb : l&rsquo;Union europ\u00e9enne ne parlera pas catalan ni basque"},"content":{"rendered":"<p>  Par&amp;nbsp<a href=\"https:\/\/fr.euronews.com\/profils\/2828\" rel=\"nofollow noopener\" target=\"_blank\">Christina Thykjaer<\/a>&amp;nbsp&amp;&amp;nbsp<b>Euronews en espa\u00f1ol<\/b><\/p>\n<p>\n                    Publi\u00e9 le                 18\/07\/2025 &#8211; 15:09 UTC+2<br \/>\n                \u2022Mis \u00e0 jour<br \/>\n                                     15:16\n                                        <\/p>\n<p>            <img decoding=\"async\" class=\"c-ad__placeholder__logo\" src=\"https:\/\/static.euronews.com\/website\/images\/logos\/logo-euronews-grey-6-180x22.svg\" width=\"180\" height=\"22\" alt=\"\" loading=\"lazy\"\/><br \/>\n            PUBLICIT\u00c9<\/p>\n<p>Vendredi, l&rsquo;Espagne a demand\u00e9 aux ministres de l&rsquo;UE de ne pas <strong>\u00ab\u00a0d\u00e9tourner ou retarder\u00a0\u00bb le statut officiel des langues,<\/strong> mais son argument n&rsquo;a pas convaincu les Vingt-Sept \u00e0 Bruxelles. Les ministres ont d\u00e9cid\u00e9 de reporter une nouvelle fois l&rsquo;approbation de l&rsquo;utilisation du catalan, du basque et du galicien dans les institutions de l&rsquo;UE.<\/p>\n<p>Fernando Mariano Sampedro Marcos, secr\u00e9taire d&rsquo;\u00c9tat \u00e0 l&rsquo;Union europ\u00e9enne, a d\u00e9clar\u00e9 que \u00ab\u00a0tous les \u00c9tats membres savent \u00e0 quel point cette initiative est importante pour l&rsquo;Espagne\u00a0\u00bb et qu'\u00a0\u00bbil s&rsquo;agit de mettre fin \u00e0 la discrimination\u00a0\u00bb.<\/p>\n<p>\u00ab\u00a0Si l&rsquo;Espagne est pr\u00eate \u00e0 couvrir les co\u00fbts (&#8230;) o\u00f9 est le probl\u00e8me? \u00a0\u00bb a-t-il ajout\u00e9.<\/p>\n<p>Cependant, l&rsquo;approbation rapide esp\u00e9r\u00e9e par le gouvernement espagnol ne s&rsquo;est pas concr\u00e9tis\u00e9e. Avant le Conseil de vendredi, le ministre luxembourgeois des Affaires \u00e9trang\u00e8res, Xavier Bettel, a d\u00e9clar\u00e9 que \u00ab\u00a0ce n&rsquo;est pas le bon moment\u00a0\u00bb. <\/p>\n<p>\u00ab\u00a0Je comprends parfaitement que <a href=\"https:\/\/fr.euronews.com\/my-europe\/2025\/02\/27\/le-catalan-une-mesure-linguistique-juste-pour-le-president-catalan-salvador-illa\" rel=\"nofollow noopener\" target=\"_blank\"><strong>les traditions<\/strong><\/a> espagnoles et le <a href=\"https:\/\/fr.euronews.com\/my-europe\/2025\/02\/27\/le-catalan-une-mesure-linguistique-juste-pour-le-president-catalan-salvador-illa\" rel=\"nofollow noopener\" target=\"_blank\"><strong>multilinguisme soient tr\u00e8s importants<\/strong><\/a>, mais vraiment, vraiment, ce n&rsquo;est pas le bon moment\u00a0\u00bb, a-t-il d\u00e9clar\u00e9.<\/p>\n<p>Il y a d&rsquo;autres questions plus importantes, selon le Luxembourg<\/p>\n<p>Il a \u00e9galement ajout\u00e9 que cette semaine avait \u00e9t\u00e9 tr\u00e8s difficile pour le consensus europ\u00e9en. \u00ab\u00a0Nous avons eu besoin de quelques jours pour nous mettre d&rsquo;<a href=\"https:\/\/fr.euronews.com\/my-europe\/2025\/07\/18\/nouvelles-sanctions-de-lue-contre-la-russie-apres-la-levee-du-veto-slovaque\" rel=\"nofollow noopener\" target=\"_blank\"><strong>accord sur les sanctions (contre la Russie)<\/strong><\/a>, nous ne sommes toujours pas en mesure de prendre des d\u00e9cisions sur Isra\u00ebl ou d&rsquo;obtenir un cessez-le-feu en Palestine, mais approuvons-nous le galicien, le basque et le catalan ?\u00a0\u00bb a demand\u00e9 Xavier Bettel de mani\u00e8re rh\u00e9torique.<\/p>\n<p>La France a \u00e9galement exprim\u00e9 des r\u00e9serves. Le ministre des Affaires europ\u00e9ennes <strong>,<\/strong> Benjamin Haddad, a soulign\u00e9 que l&rsquo;Espagne devait clarifier les aspects politiques, juridiques et \u00e9conomiques de la reconnaissance de ces langues avant de les approuver.<\/p>\n","protected":false},"excerpt":{"rendered":"Par&amp;nbspChristina Thykjaer&amp;nbsp&amp;&amp;nbspEuronews en espa\u00f1ol Publi\u00e9 le 18\/07\/2025 &#8211; 15:09 UTC+2 \u2022Mis \u00e0 jour 15:16 PUBLICIT\u00c9 Vendredi, l&rsquo;Espagne a&hellip;\n","protected":false},"author":2,"featured_media":256461,"comment_status":"","ping_status":"","sticky":false,"template":"","format":"standard","meta":{"footnotes":""},"categories":[1586],"tags":[11,35984,123,1777,674,1779,1011,27,39644,1855,12,39643,25,1778,364],"class_list":{"0":"post-256460","1":"post","2":"type-post","3":"status-publish","4":"format-standard","5":"has-post-thumbnail","7":"category-europe","8":"tag-actualites","9":"tag-catalogne","10":"tag-espagne","11":"tag-eu","12":"tag-europe","13":"tag-european-union","14":"tag-fr","15":"tag-france","16":"tag-galice","17":"tag-langues","18":"tag-news","19":"tag-politique-espagnole","20":"tag-republique-francaise","21":"tag-ue","22":"tag-union-europeenne"},"share_on_mastodon":{"url":"https:\/\/pubeurope.com\/@fr\/114874488244323945","error":""},"_links":{"self":[{"href":"https:\/\/www.europesays.com\/fr\/wp-json\/wp\/v2\/posts\/256460","targetHints":{"allow":["GET"]}}],"collection":[{"href":"https:\/\/www.europesays.com\/fr\/wp-json\/wp\/v2\/posts"}],"about":[{"href":"https:\/\/www.europesays.com\/fr\/wp-json\/wp\/v2\/types\/post"}],"author":[{"embeddable":true,"href":"https:\/\/www.europesays.com\/fr\/wp-json\/wp\/v2\/users\/2"}],"replies":[{"embeddable":true,"href":"https:\/\/www.europesays.com\/fr\/wp-json\/wp\/v2\/comments?post=256460"}],"version-history":[{"count":0,"href":"https:\/\/www.europesays.com\/fr\/wp-json\/wp\/v2\/posts\/256460\/revisions"}],"wp:featuredmedia":[{"embeddable":true,"href":"https:\/\/www.europesays.com\/fr\/wp-json\/wp\/v2\/media\/256461"}],"wp:attachment":[{"href":"https:\/\/www.europesays.com\/fr\/wp-json\/wp\/v2\/media?parent=256460"}],"wp:term":[{"taxonomy":"category","embeddable":true,"href":"https:\/\/www.europesays.com\/fr\/wp-json\/wp\/v2\/categories?post=256460"},{"taxonomy":"post_tag","embeddable":true,"href":"https:\/\/www.europesays.com\/fr\/wp-json\/wp\/v2\/tags?post=256460"}],"curies":[{"name":"wp","href":"https:\/\/api.w.org\/{rel}","templated":true}]}}