{"id":256464,"date":"2025-07-18T13:34:26","date_gmt":"2025-07-18T13:34:26","guid":{"rendered":"https:\/\/www.europesays.com\/fr\/256464\/"},"modified":"2025-07-18T13:34:26","modified_gmt":"2025-07-18T13:34:26","slug":"daphne-burki-va-rejoindre-la-matinale-de-france-inter-avec-ses-nouvelles-tetes-liberation","status":"publish","type":"post","link":"https:\/\/www.europesays.com\/fr\/256464\/","title":{"rendered":"Daphn\u00e9 B\u00fcrki va rejoindre la matinale de France Inter avec ses \u00abNouvelles t\u00eates\u00bb \u2013 Lib\u00e9ration"},"content":{"rendered":"<p class=\"sc-ksZaOG ehjQrN text-element\">Le jeu de chaises musicales se poursuit dans la Maison ronde. On apprend ce vendredi 18 juillet que <a href=\"https:\/\/www.liberation.fr\/portraits\/daphne-burki-en-mode-sportif-20240722_7TS7J2Z7KBHOTITPBR6YTIRJMM\/\" target=\"_blank\" rel=\"noopener\" title=\"https:\/\/www.liberation.fr\/portraits\/daphne-burki-en-mode-sportif-20240722_7TS7J2Z7KBHOTITPBR6YTIRJMM\/\">l\u2019animatrice Daphn\u00e9 B\u00fcrki<\/a> fait aussi son arriv\u00e9e \u00e0 France Inter d\u00e8s le 25 ao\u00fbt, sur la case occup\u00e9e jusque-l\u00e0 par Mathilde Serrell \u00e0 9 h 50, intitul\u00e9e Nouvelles t\u00eates, qui consiste \u00e0 interviewer du lundi au jeudi des figures montantes du monde de la culture.<\/p>\n<p class=\"sc-ksZaOG ehjQrN text-element\">\u00abC\u2019est une grande professionnelle qui conna\u00eet bien la radio et l\u2019audiovisuel public, et qui a surtout \u00e0 c\u0153ur de d\u00e9fendre la culture sur toutes ses formes, en donnant \u00e0 chacun l\u2019envie de s\u2019y int\u00e9resser\u00bb, a fait savoir <a href=\"https:\/\/www.liberation.fr\/economie\/medias\/mepris-choix-retrogrades-a-france-inter-les-salaries-de-nouveau-remontes-contre-leur-directrice-adele-van-reeth-20250627_Y7366RXU4NHO7EEWISUBDESEVY\/\" target=\"_blank\" rel=\"noreferrer noopener\" title=\"https:\/\/www.liberation.fr\/economie\/medias\/mepris-choix-retrogrades-a-france-inter-les-salaries-de-nouveau-remontes-contre-leur-directrice-adele-van-reeth-20250627_Y7366RXU4NHO7EEWISUBDESEVY\/\">la directrice de France Inter, Ad\u00e8le Van Reeth<\/a>, dans un communiqu\u00e9.<\/p>\n<p class=\"sc-ksZaOG ehjQrN text-element\">A 45 ans, Daphn\u00e9 B\u00fcrki s\u2019est d\u00e9marqu\u00e9e r\u00e9cemment pour avoir \u00e9t\u00e9 la <a href=\"https:\/\/www.liberation.fr\/sports\/jeux-olympiques\/jeux-paralympiques-2024-concevoir-les-costumes-des-danseurs-porteurs-de-handicaps-a-demande-un-changement-de-point-de-vue-20240827_6SSZOCX5TFF6XP3BHA7EMIQQ7I\/\" target=\"_blank\" rel=\"noreferrer noopener\" title=\"https:\/\/www.liberation.fr\/sports\/jeux-olympiques\/jeux-paralympiques-2024-concevoir-les-costumes-des-danseurs-porteurs-de-handicaps-a-demande-un-changement-de-point-de-vue-20240827_6SSZOCX5TFF6XP3BHA7EMIQQ7I\/\">directrice \u00abstylisme et costumes\u00bb des quatre c\u00e9r\u00e9monies<\/a> d\u2019ouverture et de cl\u00f4ture des Jeux olympiques et paralympiques de Paris 2024. Elle avait \u00e9galement particip\u00e9 \u00e0 la soir\u00e9e t\u00e9l\u00e9vis\u00e9e sur France 2 en tant qu\u2019animatrice et commentatrice. Elle est aussi connue en tant que jur\u00e9e de l\u2019\u00e9mission Drag Race France sur France 2 et elle copr\u00e9sentait depuis 2021 avec Raph\u00e4l Yem une \u00e9mission culturelle, rebaptis\u00e9e Culturebox, le show, sur France 4, qui ne sera pas reconduite \u00e0 la rentr\u00e9e, selon France T\u00e9l\u00e9visions.<\/p>\n<p class=\"sc-ksZaOG ehjQrN text-element\">L\u2019animatrice \u00e9tait d\u00e9j\u00e0 pass\u00e9e, bri\u00e8vement, au micro d\u2019une radio. C\u2019\u00e9tait lors de la saison 2017-2018 sur Europe 1, o\u00f9 elle \u00e9tait en charge de l\u2019\u00e9mission Bonjour la France. L\u2019arriv\u00e9e de Daphn\u00e9 B\u00fcrki \u00e0 France Inter est une nouvelle pi\u00e8ce <a href=\"https:\/\/www.liberation.fr\/economie\/medias\/remue-menage-a-la-matinale-de-france-inter-sonia-devillers-entre-9-heures-et-11-heures-nora-hamadi-a-la-revue-de-presse-nicolas-demorand-reste-20250626_CYBM5HB3TBCDRJPF27ZHEXVCYI\/\" target=\"_blank\" rel=\"noreferrer noopener\" title=\"https:\/\/www.liberation.fr\/economie\/medias\/remue-menage-a-la-matinale-de-france-inter-sonia-devillers-entre-9-heures-et-11-heures-nora-hamadi-a-la-revue-de-presse-nicolas-demorand-reste-20250626_CYBM5HB3TBCDRJPF27ZHEXVCYI\/\">du jeu de boneteau estival dans la station<\/a>. L\u00e9a Salam\u00e9 va remplacer Anne-Sophie Lapix au 20 heures de France 2 et sera elle-m\u00eame relay\u00e9e au grand entretien de la matinale de France Inter par Benjamin Duhamel, piqu\u00e9 \u00e0 BFMTV.<\/p>\n<p class=\"sc-ksZaOG ehjQrN text-element\">Quant \u00e0 Sonia Devillers, elle sera le nouveau bin\u00f4me de Nicolas Demorand \u00e0 l\u2019animation. Pour le billet d\u2019humour de 7 h 55 toujours dans la matinale de la radio publique, Bertrand Chameroy venu de C \u00e0 vous succ\u00e8de \u00e0 Matthieu Deno\u00ebl. A la revue de presse, c\u2019est Nora Hamadi de France Culture qui prend la place de Claude Askolovitch.<\/p>\n","protected":false},"excerpt":{"rendered":"Le jeu de chaises musicales se poursuit dans la Maison ronde. On apprend ce vendredi 18 juillet que&hellip;\n","protected":false},"author":2,"featured_media":256465,"comment_status":"","ping_status":"","sticky":false,"template":"","format":"standard","meta":{"footnotes":""},"categories":[4],"tags":[11,1011,27,9102,2400,12,10316,25],"class_list":{"0":"post-256464","1":"post","2":"type-post","3":"status-publish","4":"format-standard","5":"has-post-thumbnail","7":"category-france","8":"tag-actualites","9":"tag-fr","10":"tag-france","11":"tag-france-inter","12":"tag-france-televisions","13":"tag-news","14":"tag-radio-france","15":"tag-republique-francaise"},"share_on_mastodon":{"url":"https:\/\/pubeurope.com\/@fr\/114874500097818360","error":""},"_links":{"self":[{"href":"https:\/\/www.europesays.com\/fr\/wp-json\/wp\/v2\/posts\/256464","targetHints":{"allow":["GET"]}}],"collection":[{"href":"https:\/\/www.europesays.com\/fr\/wp-json\/wp\/v2\/posts"}],"about":[{"href":"https:\/\/www.europesays.com\/fr\/wp-json\/wp\/v2\/types\/post"}],"author":[{"embeddable":true,"href":"https:\/\/www.europesays.com\/fr\/wp-json\/wp\/v2\/users\/2"}],"replies":[{"embeddable":true,"href":"https:\/\/www.europesays.com\/fr\/wp-json\/wp\/v2\/comments?post=256464"}],"version-history":[{"count":0,"href":"https:\/\/www.europesays.com\/fr\/wp-json\/wp\/v2\/posts\/256464\/revisions"}],"wp:featuredmedia":[{"embeddable":true,"href":"https:\/\/www.europesays.com\/fr\/wp-json\/wp\/v2\/media\/256465"}],"wp:attachment":[{"href":"https:\/\/www.europesays.com\/fr\/wp-json\/wp\/v2\/media?parent=256464"}],"wp:term":[{"taxonomy":"category","embeddable":true,"href":"https:\/\/www.europesays.com\/fr\/wp-json\/wp\/v2\/categories?post=256464"},{"taxonomy":"post_tag","embeddable":true,"href":"https:\/\/www.europesays.com\/fr\/wp-json\/wp\/v2\/tags?post=256464"}],"curies":[{"name":"wp","href":"https:\/\/api.w.org\/{rel}","templated":true}]}}