{"id":256470,"date":"2025-07-18T13:38:11","date_gmt":"2025-07-18T13:38:11","guid":{"rendered":"https:\/\/www.europesays.com\/fr\/256470\/"},"modified":"2025-07-18T13:38:11","modified_gmt":"2025-07-18T13:38:11","slug":"je-ne-veux-pas-dire-du-mal-demma-mais-si-on-la-compare-a-draper-lavis-du-frere-de-murray-concernant-raducanu","status":"publish","type":"post","link":"https:\/\/www.europesays.com\/fr\/256470\/","title":{"rendered":"\u00ab Je ne veux pas dire du mal d&rsquo;Emma, mais si on la compare \u00e0 Draper\u2026 \u00bb, l\u2019avis du fr\u00e8re de Murray concernant Raducanu"},"content":{"rendered":"<p>                <img decoding=\"async\" src=\"https:\/\/www.europesays.com\/fr\/wp-content\/uploads\/2025\/07\/r1z0.jpg\" alt=\"\u00ab Je ne veux pas dire du mal d'Emma, mais si on la compare \u00e0 Draper\u2026 \u00bb, l\u2019avis du fr\u00e8re de Murray concernant Raducanu\"\/><\/p>\n<p>Dans une interview relay\u00e9e par Tennis Up To Date, Jamie Murray, fr\u00e8re de la l\u00e9gende Andy, a \u00e9voqu\u00e9 la situation des deux espoirs du tennis britannique, Raducanu et Draper. Selon lui, malgr\u00e9 leur \u00e2ge rapproch\u00e9 (22 et 23 ans), il y a un gouffre entre les deux.<\/p>\n<p>\u00ab Elle a b\u00e9n\u00e9fici\u00e9 d&rsquo;un bon tirage au sort, puisqu&rsquo;elle a affront\u00e9 une jeune Britannique (Mimi Xu) au premier tour de Wimbledon. Mais si elle n&rsquo;est pas t\u00eate de s\u00e9rie, elle va devoir affronter des joueuses de haut niveau d\u00e8s le d\u00e9but de la comp\u00e9tition. Son troisi\u00e8me tour est toutefois un bon r\u00e9sultat car son match contre Sabalenka \u00e9tait tr\u00e8s comp\u00e9titif.<\/p>\n<p>J&rsquo;esp\u00e8re qu&rsquo;elle passera un bon \u00e9t\u00e9 en Am\u00e9rique. Bien s\u00fbr, Emma a obtenu un r\u00e9sultat incroyable \u00e0 l&rsquo;US Open (en 2021). Mais il est \u00e9vident qu&rsquo;elle doit gagner beaucoup plus de matches pour que l&rsquo;on parle d&rsquo;elle comme d&rsquo;une pr\u00e9tendante \u00e0 ces tournois. Je ne veux pas dire du mal d\u2019elle, mais si on la compare au num\u00e9ro 1 britannique, Jack (Draper), elle n&rsquo;en est pas du tout au m\u00eame stade de sa carri\u00e8re.<\/p>\n<p>Draper a encha\u00een\u00e9 les r\u00e9sultats. Il a prouv\u00e9 qu&rsquo;il \u00e9tait un joueur de classe mondiale et de haut niveau. D\u2019accord, il a connu un Wimbledon d\u00e9cevant, mais le tirage au sort contre Cilic \u00e9tait difficile. Marin est un joueur tr\u00e8s \u00e0 l\u2019aise sur gazon, qui a particip\u00e9 \u00e0 des finales de Grand Chelem. Je suis s\u00fbr que Jack reviendra plus fort l&rsquo;ann\u00e9e prochaine et que dans les ann\u00e9es \u00e0 venir, il fera partie du peloton de chasse qui essaiera d&rsquo;atteindre le niveau de Sinner et d\u2019Alcaraz. \u00bb<\/p>\n","protected":false},"excerpt":{"rendered":"Dans une interview relay\u00e9e par Tennis Up To Date, Jamie Murray, fr\u00e8re de la l\u00e9gende Andy, a \u00e9voqu\u00e9&hellip;\n","protected":false},"author":2,"featured_media":256471,"comment_status":"","ping_status":"","sticky":false,"template":"","format":"standard","meta":{"footnotes":""},"categories":[1415],"tags":[1011,27,60,1467],"class_list":{"0":"post-256470","1":"post","2":"type-post","3":"status-publish","4":"format-standard","5":"has-post-thumbnail","7":"category-tennis","8":"tag-fr","9":"tag-france","10":"tag-sports","11":"tag-tennis"},"share_on_mastodon":{"url":"https:\/\/pubeurope.com\/@fr\/114874515697352122","error":""},"_links":{"self":[{"href":"https:\/\/www.europesays.com\/fr\/wp-json\/wp\/v2\/posts\/256470","targetHints":{"allow":["GET"]}}],"collection":[{"href":"https:\/\/www.europesays.com\/fr\/wp-json\/wp\/v2\/posts"}],"about":[{"href":"https:\/\/www.europesays.com\/fr\/wp-json\/wp\/v2\/types\/post"}],"author":[{"embeddable":true,"href":"https:\/\/www.europesays.com\/fr\/wp-json\/wp\/v2\/users\/2"}],"replies":[{"embeddable":true,"href":"https:\/\/www.europesays.com\/fr\/wp-json\/wp\/v2\/comments?post=256470"}],"version-history":[{"count":0,"href":"https:\/\/www.europesays.com\/fr\/wp-json\/wp\/v2\/posts\/256470\/revisions"}],"wp:featuredmedia":[{"embeddable":true,"href":"https:\/\/www.europesays.com\/fr\/wp-json\/wp\/v2\/media\/256471"}],"wp:attachment":[{"href":"https:\/\/www.europesays.com\/fr\/wp-json\/wp\/v2\/media?parent=256470"}],"wp:term":[{"taxonomy":"category","embeddable":true,"href":"https:\/\/www.europesays.com\/fr\/wp-json\/wp\/v2\/categories?post=256470"},{"taxonomy":"post_tag","embeddable":true,"href":"https:\/\/www.europesays.com\/fr\/wp-json\/wp\/v2\/tags?post=256470"}],"curies":[{"name":"wp","href":"https:\/\/api.w.org\/{rel}","templated":true}]}}