{"id":256472,"date":"2025-07-18T13:40:09","date_gmt":"2025-07-18T13:40:09","guid":{"rendered":"https:\/\/www.europesays.com\/fr\/256472\/"},"modified":"2025-07-18T13:40:09","modified_gmt":"2025-07-18T13:40:09","slug":"motogp-le-deluge-reporte-les-essais-reportes-mais-qui-vont-avoir-lieu-cest-officiel","status":"publish","type":"post","link":"https:\/\/www.europesays.com\/fr\/256472\/","title":{"rendered":"MotoGP Le d\u00e9luge reporte les ESSAIS, report\u00e9s mais qui vont avoir lieu, c&rsquo;est officiel !"},"content":{"rendered":"<p>Alors que ce matin, la piste \u00e9tait humide mais largement praticable, c\u2019est sous un d\u00e9luge que les Essais, comptant pour la qualification directe en MotoGP devraient d\u00e9buter. La question \u00e9tant de savoir quand puisque les autorit\u00e9s sportives ont d\u00e9cid\u00e9 de reporter le coup d\u2019envoi de cette s\u00e9ance, en R\u00e9publique Tch\u00e8que. Evidemment, de telles conditions pourraient faire les affaires de quelques sp\u00e9cialistes dans ces conditions comme Jack Miller, Johann Zarco ou encore, Brad Binder et Miguel Oliveira.<\/p>\n<p>MotoGP : le d\u00e9luge pourrait entra\u00eener un report \u00e0 demain des ESSAIS<\/p>\n<p>En esp\u00e9rant que la session ne soit pas purement et simplement annul\u00e9e, chose qui ne parait pas impossible, compte tenu des quantit\u00e9s d\u2019eau qui s\u2019abattent sur le circuit, en ce moment m\u00eame. D\u2019ailleurs, le prochain bulletin sera publi\u00e9 dans dix minutes. C\u2019est \u00e0 ce moment l\u00e0 que les d\u00e9cideurs prendront peut-\u00eatre une d\u00e9cision, radicale, ou non. Sachant que la s\u00e9ance en question pourrait tr\u00e8s bien se d\u00e9rouler demain, potentiellement \u00e0 la place des essais libres 2, pour ne pas perturber le d\u00e9roulement des sessions des autres cat\u00e9gories. Mais nous n\u2019en sommes pas encore l\u00e0\u2026<\/p>\n<p>Voici la vid\u00e9o de la voiture de s\u00e9curit\u00e9, qui vient d\u2019ex\u00e9cuter un tour de circuit.<\/p>\n<blockquote class=\"twitter-tweet\">\n<p dir=\"ltr\" lang=\"en\">As expected, there\u2019s going to be a slight delay to proceedings \ud83d\udd51<a href=\"https:\/\/twitter.com\/hashtag\/CzechGP?src=hash&amp;ref_src=twsrc%5Etfw\" target=\"_blank\" rel=\"noopener nofollow\">#CzechGP<\/a> \ud83c\udde8\ud83c\uddff <a href=\"https:\/\/t.co\/VuMdfUVkcB\" rel=\"nofollow\">pic.twitter.com\/VuMdfUVkcB<\/a><\/p>\n<p>\u2014 MotoGP\u2122\ud83c\udfc1 (@MotoGP) <a href=\"https:\/\/twitter.com\/MotoGP\/status\/1946192832538063133?ref_src=twsrc%5Etfw\" target=\"_blank\" rel=\"noopener nofollow\">July 18, 2025<\/a><\/p>\n<\/blockquote>\n<p>15h14 : La mise \u00e0 jour est l\u00e0, dans moins de 5 minutes, la pit-lane sera ouverte et les pilotes pourront s\u2019\u00e9lancer. Ce sera donc, assur\u00e9ment, une heure int\u00e9grale sur un sol humide car le tarmac n\u2019aura pas le temps de s\u00e9cher. Rendez-vous dans moins une heure environ, avec le r\u00e9sum\u00e9 complet de la s\u00e9ance.<\/p>\n<p>Article publi\u00e9 le 18\/07\/2025 \u00e0 15h04<\/p>\n<p>                                                            <script async src=\"https:\/\/platform.twitter.com\/widgets.js\" charset=\"utf-8\"><\/script><\/p>\n","protected":false},"excerpt":{"rendered":"Alors que ce matin, la piste \u00e9tait humide mais largement praticable, c\u2019est sous un d\u00e9luge que les Essais,&hellip;\n","protected":false},"author":2,"featured_media":256473,"comment_status":"","ping_status":"","sticky":false,"template":"","format":"standard","meta":{"footnotes":""},"categories":[1413],"tags":[36842,10931,1011,27,1741,1457,1456,1458,60],"class_list":{"0":"post-256472","1":"post","2":"type-post","3":"status-publish","4":"format-standard","5":"has-post-thumbnail","7":"category-moto","8":"tag-brno","9":"tag-essais","10":"tag-fr","11":"tag-france","12":"tag-johann-zarco","13":"tag-moto","14":"tag-motocycle","15":"tag-motogp","16":"tag-sports"},"share_on_mastodon":{"url":"https:\/\/pubeurope.com\/@fr\/114874523587928530","error":""},"_links":{"self":[{"href":"https:\/\/www.europesays.com\/fr\/wp-json\/wp\/v2\/posts\/256472","targetHints":{"allow":["GET"]}}],"collection":[{"href":"https:\/\/www.europesays.com\/fr\/wp-json\/wp\/v2\/posts"}],"about":[{"href":"https:\/\/www.europesays.com\/fr\/wp-json\/wp\/v2\/types\/post"}],"author":[{"embeddable":true,"href":"https:\/\/www.europesays.com\/fr\/wp-json\/wp\/v2\/users\/2"}],"replies":[{"embeddable":true,"href":"https:\/\/www.europesays.com\/fr\/wp-json\/wp\/v2\/comments?post=256472"}],"version-history":[{"count":0,"href":"https:\/\/www.europesays.com\/fr\/wp-json\/wp\/v2\/posts\/256472\/revisions"}],"wp:featuredmedia":[{"embeddable":true,"href":"https:\/\/www.europesays.com\/fr\/wp-json\/wp\/v2\/media\/256473"}],"wp:attachment":[{"href":"https:\/\/www.europesays.com\/fr\/wp-json\/wp\/v2\/media?parent=256472"}],"wp:term":[{"taxonomy":"category","embeddable":true,"href":"https:\/\/www.europesays.com\/fr\/wp-json\/wp\/v2\/categories?post=256472"},{"taxonomy":"post_tag","embeddable":true,"href":"https:\/\/www.europesays.com\/fr\/wp-json\/wp\/v2\/tags?post=256472"}],"curies":[{"name":"wp","href":"https:\/\/api.w.org\/{rel}","templated":true}]}}