{"id":256474,"date":"2025-07-18T13:41:12","date_gmt":"2025-07-18T13:41:12","guid":{"rendered":"https:\/\/www.europesays.com\/fr\/256474\/"},"modified":"2025-07-18T13:41:12","modified_gmt":"2025-07-18T13:41:12","slug":"decision-attendue-debut-aout-pour-les-pilotes-lcr","status":"publish","type":"post","link":"https:\/\/www.europesays.com\/fr\/256474\/","title":{"rendered":"D\u00e9cision attendue d\u00e9but ao\u00fbt pour les pilotes LCR"},"content":{"rendered":"<p>Maintenant que <a href=\"https:\/\/fr.motorsport.com\/driver\/jorge-martin\/109391\/\" target=\"_blank\" rel=\"noopener\">Jorge Mart\u00edn<\/a> a publiquement annonc\u00e9 renoncer \u00e0 quitter Aprilia pour la saison prochaine, le march\u00e9 devrait pouvoir se d\u00e9bloquer, particuli\u00e8rement du c\u00f4t\u00e9 de Honda. Un seul des pilotes de la marque dispose pour le moment d&rsquo;un contrat l&rsquo;engageant pour 2026, en l&rsquo;occurrence <a href=\"https:\/\/fr.motorsport.com\/driver\/joan-mir\/289392\/\" target=\"_blank\" rel=\"noopener\">Joan Mir<\/a>. Les autres \u00e9valuent depuis plusieurs semaines d\u00e9j\u00e0 leurs options, mais devaient composer jusqu&rsquo;\u00e0 pr\u00e9sent avec une situation quelque peu fig\u00e9e par le transfert envisag\u00e9 par le champion du monde en titre.<\/p>\n<p>Celui qui se trouve dans la situation la plus favorable est logiquement <a href=\"https:\/\/fr.motorsport.com\/driver\/johann-zarco\/96107\/\" target=\"_blank\" rel=\"noopener\">Johann Zarco<\/a>, solide leader du quatuor avec sa septi\u00e8me place au championnat et la victoire d\u00e9croch\u00e9e au GP de France. Le Fran\u00e7ais a exprim\u00e9 la volont\u00e9 de prolonger son contrat avec Honda de deux ans, et s&rsquo;il a dans un premier temps \u00e9mis le souhait d&rsquo;\u00eatre promu dans l&rsquo;\u00e9quipe d&rsquo;usine, il juge aujourd&rsquo;hui que son maintien chez LCR serait id\u00e9al, <a href=\"https:\/\/fr.motorsport.com\/motogp\/news\/zarco-pilote-numero-un-honda-lcr\/10742878\/\" target=\"_self\" rel=\"noopener\">\u00e0 condition qu&rsquo;il y b\u00e9n\u00e9ficie du statut de pilote num\u00e9ro 1<\/a>.<\/p>\n<p>On s&rsquo;approche en tout cas d&rsquo;une clarification sur le sujet, car les 8 Heures de Suzuka qui se tiendront dans deux semaines devraient permettre de valider le choix du constructeur. \u00ab\u00a0Je pense qu\u2019on en saura plus d\u00e9but ao\u00fbt\u00a0\u00bb, indique en effet Lucio Cecchinello aupr\u00e8s du site officiel du MotoGP.<\/p>\n<p>\u00ab\u00a0Pour un constructeur japonais comme Honda, il y a beaucoup de r\u00e9unions pendant la p\u00e9riode des 8 Heures de Suzuka. C&rsquo;est toujours une tr\u00e8s bonne occasion pour que les patrons se rencontrent et d\u00e9cident des approbations finales sur l&rsquo;ensemble du projet, y compris notre line-up de pilotes. Nous attendons donc cela et nous croisons les doigts pour continuer \u00e0 travailler avec Johann.\u00a0\u00bb<\/p>\n<p>Chantra incapable de montrer son potentiel<br \/>\n   <img decoding=\"async\" draggable=\"false\" src=\"https:\/\/www.europesays.com\/fr\/wp-content\/uploads\/2025\/07\/1752846072_887_somkiat-chantra-team-lcr-honda.jpg\" alt=\"Somkiat Chantra\" width=\"1200\" height=\"800\" loading=\"lazy\"\/> <\/p>\n<p class=\"title\">Somkiat Chantra<\/p>\n<p class=\"photographer\">Photo de: Team LCR<\/p>\n<p>De l&rsquo;autre c\u00f4t\u00e9 du stand LCR, la probabilit\u00e9 de voir du changement est beaucoup plus grande. La situation de <a href=\"https:\/\/fr.motorsport.com\/driver\/somkiat-chantra\/823104\/\" target=\"_blank\" rel=\"noopener\">Somkiat Chantra<\/a> est en effet jug\u00e9e g\u00eanante, le Tha\u00eflandais n&rsquo;ayant jamais r\u00e9ussi \u00e0 se mettre au niveau jusqu&rsquo;\u00e0 pr\u00e9sent, un seul point apparaissant \u00e0 son compteur gr\u00e2ce \u00e0 la place que lui a offerte <a href=\"https:\/\/fr.motorsport.com\/driver\/aleix-espargaro\/90382\/\" target=\"_blank\" rel=\"noopener\">Aleix Espargar\u00f3<\/a> \u00e0 Assen.<\/p>\n<p>Sa courbe de performance reste trop faible pour contenter Honda, mais aussi Idemitsu, le p\u00e9trolier japonais qui investit pour la promotion des pilotes asiatiques et finance directement ce guidon. <a href=\"https:\/\/fr.motorsport.com\/motogp\/news\/honda-lcr-somkiat-chantra-revoir-plans\/10742640\/\" target=\"_self\" rel=\"noopener\">C&rsquo;est donc un changement complet de strat\u00e9gie qui est attendu<\/a>, et l&rsquo;on \u00e9voque d\u00e9j\u00e0 des noms de pilotes europ\u00e9ens pour int\u00e9grer LCR \u00e0 ce poste, notamment le pilote Moto2 <a href=\"https:\/\/fr.motorsport.com\/driver\/diogo-moreira\/945141\/\" target=\"_blank\" rel=\"noopener\">Diogo Moreira<\/a> ainsi que <a href=\"https:\/\/fr.motorsport.com\/driver\/luca-marini\/201098\/\" target=\"_blank\" rel=\"noopener\">Luca Marini<\/a>, s&rsquo;il \u00e9tait remplac\u00e9 dans l&rsquo;\u00e9quipe d&rsquo;usine du HRC.<\/p>\n<p>Interrog\u00e9 sur ce qu&rsquo;il fallait attendre sur ce point, Lucio Cecchinello se montre incertain de la suite mais surtout d\u00e9sol\u00e9 pour Somkiat Chantra, de toute \u00e9vidence sur la sellette.\u00a0\u00ab\u00a0C&rsquo;est clairement un programme qui est aux mains de Honda. Avec Idemitsu, les membres du board de Honda vont prendre une d\u00e9cision finale\u00a0\u00bb, indique le patron du <a href=\"https:\/\/fr.motorsport.com\/team\/team-lcr\/922\/\" target=\"_blank\" rel=\"noopener\">team LCR<\/a>.<\/p>\n<p>\u00ab\u00a0Ce programme est n\u00e9 avec la philosophie et l&rsquo;objectif de donner une opportunit\u00e9 \u00e0 un pilote asiatique. C&rsquo;est vraiment dommage que cette saison Somkiat Chantra n&rsquo;ait pas pu montrer son potentiel ni apprendre suffisamment car il a subi plusieurs blessures. Il a eu un probl\u00e8me d&rsquo;arm-pump dans la premi\u00e8re partie de la saison et maintenant il est bless\u00e9 au genou. Pour moi, c&rsquo;est vraiment dommage de voir qu&rsquo;il n&rsquo;est pas ici pour montrer son potentiel. Je ne sais pas exactement quel sera l&rsquo;avenir. Je pense que c&rsquo;est aussi une question qui sera bient\u00f4t discut\u00e9e au Japon.\u00a0\u00bb<\/p>\n<p>Lire aussi :<\/p>\n<p>Dans cet article<\/p>\n<p>Soyez le premier inform\u00e9 et souscrivez aux alertes mails pour recevoir les infos en temps r\u00e9el<\/p>\n<p>    S&rsquo;abonner aux alertes de news<\/p>\n","protected":false},"excerpt":{"rendered":"Maintenant que Jorge Mart\u00edn a publiquement annonc\u00e9 renoncer \u00e0 quitter Aprilia pour la saison prochaine, le march\u00e9 devrait&hellip;\n","protected":false},"author":2,"featured_media":256475,"comment_status":"","ping_status":"","sticky":false,"template":"","format":"standard","meta":{"footnotes":""},"categories":[1412],"tags":[1451,1452,1453,1454,1455,1011,27,1741,1458,16689,60,3771],"class_list":{"0":"post-256474","1":"post","2":"type-post","3":"status-publish","4":"format-standard","5":"has-post-thumbnail","7":"category-f1","8":"tag-f1","9":"tag-formula-1","10":"tag-formula1","11":"tag-formule-1","12":"tag-formule1","13":"tag-fr","14":"tag-france","15":"tag-johann-zarco","16":"tag-motogp","17":"tag-somkiat-chantra","18":"tag-sports","19":"tag-team-lcr"},"share_on_mastodon":{"url":"https:\/\/pubeurope.com\/@fr\/114874527559593226","error":""},"_links":{"self":[{"href":"https:\/\/www.europesays.com\/fr\/wp-json\/wp\/v2\/posts\/256474","targetHints":{"allow":["GET"]}}],"collection":[{"href":"https:\/\/www.europesays.com\/fr\/wp-json\/wp\/v2\/posts"}],"about":[{"href":"https:\/\/www.europesays.com\/fr\/wp-json\/wp\/v2\/types\/post"}],"author":[{"embeddable":true,"href":"https:\/\/www.europesays.com\/fr\/wp-json\/wp\/v2\/users\/2"}],"replies":[{"embeddable":true,"href":"https:\/\/www.europesays.com\/fr\/wp-json\/wp\/v2\/comments?post=256474"}],"version-history":[{"count":0,"href":"https:\/\/www.europesays.com\/fr\/wp-json\/wp\/v2\/posts\/256474\/revisions"}],"wp:featuredmedia":[{"embeddable":true,"href":"https:\/\/www.europesays.com\/fr\/wp-json\/wp\/v2\/media\/256475"}],"wp:attachment":[{"href":"https:\/\/www.europesays.com\/fr\/wp-json\/wp\/v2\/media?parent=256474"}],"wp:term":[{"taxonomy":"category","embeddable":true,"href":"https:\/\/www.europesays.com\/fr\/wp-json\/wp\/v2\/categories?post=256474"},{"taxonomy":"post_tag","embeddable":true,"href":"https:\/\/www.europesays.com\/fr\/wp-json\/wp\/v2\/tags?post=256474"}],"curies":[{"name":"wp","href":"https:\/\/api.w.org\/{rel}","templated":true}]}}