{"id":256479,"date":"2025-07-18T13:44:09","date_gmt":"2025-07-18T13:44:09","guid":{"rendered":"https:\/\/www.europesays.com\/fr\/256479\/"},"modified":"2025-07-18T13:44:09","modified_gmt":"2025-07-18T13:44:09","slug":"jean-luc-reichmann-se-souvient-de-ses-face-a-face-avec-thierry-ardisson","status":"publish","type":"post","link":"https:\/\/www.europesays.com\/fr\/256479\/","title":{"rendered":"Jean-Luc Reichmann se souvient de ses face-\u00e0-face avec Thierry Ardisson"},"content":{"rendered":"<p>                             Par Marine Cassan<\/p>\n<p>                Le 18 juillet 2025 \u00e0 13h17<\/p>\n<p>    Thierry Ardisson et Jean-Luc Reichmann<br \/>\n                Domine Jerome\/ Terenghi Alberto\/IPA \/ABACA<\/p>\n<p>Ce jeudi 17 juillet, alors qu\u2019avaient lieu les obs\u00e8ques de \u00abl\u2019homme en noir\u00bb, le pr\u00e9sentateur des \u00abDouze coups de midi\u00bb a rendu hommage \u00e0 l\u2019animateur d\u00e9c\u00e9d\u00e9 le 14 juillet.<\/p>\n<p class=\"fig-paragraph\">\u00abJe me rappelle encore de tes interviews Thierry\u00bb, a d\u00e9clar\u00e9\u00a0<a href=\"https:\/\/www.lefigaro.fr\/tag\/jean-luc-reichmann\" target=\"_blank\" rel=\"noopener\" data-gtm-custom-categorie=\"navigation\" data-gtm-custom-action=\"crossclick\" data-gtm-custom-label=\"Contextuel\" data-gtm-event=\"customEventSPE\"><strong>Jean-Luc Reichmann<\/strong><\/a> \u00a0sur son compte Instagram ce jeudi 17 juillet. Une volont\u00e9 de rendre hommage \u00e0 celui dont les obs\u00e8ques se d\u00e9roulaient place Saint-Roch le m\u00eame jour. \u00abJ\u2019en menais pas large, mais tu m\u2019as toujours soutenu\u00a0<br \/>Entre toi et moi, jamais de\u00a0<a href=\"https:\/\/tvmag.lefigaro.fr\/programme-tv\/programme\/double-jeu-f262935360\" target=\"_blank\" rel=\"sponsored noopener\" data-gtm-custom-categorie=\"navigation\" data-gtm-custom-action=\"crossclick\" data-gtm-custom-label=\"Contextuel\" data-gtm-event=\"customEventSPE\">\u201cDouble Jeu\u201d<\/a> . Tu nous manques d\u00e9j\u00e0 Thierry\u00bb, a ajout\u00e9 l\u2019animateur dans son message, faisant r\u00e9f\u00e9rence \u00e0 l\u2019\u00e9mission pr\u00e9sent\u00e9e par le pr\u00e9sentateur de\u00a0<a href=\"https:\/\/tvmag.lefigaro.fr\/programme-tv\/programme\/salut-les-terriens-d100225308\" target=\"_blank\" rel=\"noopener\" data-gtm-custom-categorie=\"navigation\" data-gtm-custom-action=\"crossclick\" data-gtm-custom-label=\"Contextuel\" data-gtm-event=\"customEventSPE\">\u00abSalut les Terriens\u00a0!\u00bb<\/a>.<\/p>\n<p class=\"fig-body-link\">\n            \u00c0 lire aussi<br \/>\n        <a class=\"fig-body-link__link\" href=\"http:\/\/tvmag.lefigaro.fr\/programme-tv\/actu-tele\/coup-de-foudre-a-la-tele-drague-a-l-ancienne-et-amour-fou-la-belle-idylle-entre-thierry-ardisson-et-audrey-crespo-mara-20250717\" target=\"_blank\" data-fig-type=\"Article\" rel=\"noopener\" data-gtm-custom-categorie=\"navigation\" data-gtm-custom-action=\"crossclick\" data-gtm-custom-label=\"Contextuel\" data-gtm-event=\"customEventSPE\" data-fig-domain=\"TVMAG\">Coup de foudre \u00e0 la t\u00e9l\u00e9, drague \u00e0 l\u2019ancienne et amour fou\u00a0: la divine idylle entre Thierry Ardisson et Audrey Crespo-Mara<br \/>\n    <\/a>\n<\/p>\n<p class=\"fig-paragraph\"><a href=\"https:\/\/www.lefigaro.fr\/tag\/thierry-ardisson\" target=\"_blank\" rel=\"noopener\" data-gtm-custom-categorie=\"navigation\" data-gtm-custom-action=\"crossclick\" data-gtm-custom-label=\"Contextuel\" data-gtm-event=\"customEventSPE\"><strong>Thierry Ardisson<\/strong><\/a>, inventeur des interviews conceptuelles a marqu\u00e9 l\u2019\u00e9poque de la t\u00e9l\u00e9vision fran\u00e7aise avec, notamment, des questions particuli\u00e8res. La plus c\u00e9l\u00e8bre \u00e9tant le fameux \u00abSucer c\u2019est tromper\u00a0?\u00bb, \u00e0 l\u2019ancien premier ministre Michel Rocard dans \u00abTout le monde en parle\u00bb en 2001.<\/p>\n<p>                                    <a class=\"fig-a11y-skip a11y-hidden\" href=\"#fig-a11y-skip-main-inarticle\"><br \/>\n        Passer la publicit\u00e9<br \/>\n    <\/a><\/p>\n<p class=\"fig-paragraph\">Le pr\u00e9sentateur des\u00a0<a href=\"https:\/\/tvmag.lefigaro.fr\/programme-tv\/programme\/les-douze-coups-de-midi-d1683682184\" target=\"_blank\" rel=\"noopener\" data-gtm-custom-categorie=\"navigation\" data-gtm-custom-action=\"crossclick\" data-gtm-custom-label=\"Contextuel\" data-gtm-event=\"customEventSPE\">\u00abDouze coups de midi\u00bb<\/a>\u00a0a lui aussi fait les frais des interrogations de \u00abl\u2019homme en noir\u00bb. Comme en 2004, \u00ab85% des hommes pensent que leur sexe est \u00e0 la bonne taille, et vous\u00a0?\u00bb, avait alors demand\u00e9 le publicitaire au pr\u00e9sentateur de l\u2019\u00e9mission quotidienne\u00a0<a href=\"https:\/\/tvmag.lefigaro.fr\/programme-tv\/programme\/attention-a-la-marche-d1168536700\" target=\"_blank\" rel=\"noopener\" data-gtm-custom-categorie=\"navigation\" data-gtm-custom-action=\"crossclick\" data-gtm-custom-label=\"Contextuel\" data-gtm-event=\"customEventSPE\">\u00abAttention \u00e0 la marche\u00bb<\/a>. Sans se d\u00e9monter, ce dernier avait r\u00e9pondu\u00a0: \u00abAh oui, tr\u00e8s bien\u00a0!\u00bb<\/p>\n<p class=\"fig-paragraph\">Mais l\u2019interview\u00e9 n\u2019\u00e9tait pas encore au bout de ses peines puisque, quelques minutes plus tard, le mari d\u2019<a href=\"https:\/\/www.lefigaro.fr\/tag\/audrey-crespo-mara\" target=\"_blank\" rel=\"noopener\" data-gtm-custom-categorie=\"navigation\" data-gtm-custom-action=\"crossclick\" data-gtm-custom-label=\"Contextuel\" data-gtm-event=\"customEventSPE\">Audrey Crespo-Mara<\/a>\u00a0l\u2019avait \u00e0 nouveau questionn\u00e9\u00a0: \u00abJean-Luc Reichmann, vous avez d\u00e9clar\u00e9\u00a0: \u201cJe voulais \u00eatre Coluche mais \u00e7a a d\u00e9j\u00e0 \u00e9t\u00e9 pris comme boulot\u201d, donc maintenant, vous essayez de prendre le boulot de Guy Lux\u00a0?\u00bb. Le principal concern\u00e9 avait alors eu un rire g\u00ean\u00e9 avant de r\u00e9pondre par la n\u00e9gative.<\/p>\n<p class=\"fig-paragraph\">En 2015, dans \u00abSalut les Terriens\u00a0!\u00bb, le pr\u00e9sentateur avait, cette fois-ci, interrog\u00e9 le mentor d\u2019\u00c9milien sur un sujet plus personnel. \u00abAu d\u00e9but de votre vie, il y a cette tache sur votre visage qui vous pourrit la vie. Et aujourd\u2019hui, cette tache, c\u2019est votre identit\u00e9, votre force\u00bb. L\u2019occasion pour Jean-Luc Reichmann de se confier sur cet angiome \u00e0 la t\u00e9l\u00e9vision.<\/p>\n<p class=\"fig-paragraph\">Thierry Ardisson a tir\u00e9 sa r\u00e9v\u00e9rence ce jeudi 17 juillet \u00e0 l\u2019\u00e9glise Saint-Roch, dans son cercueil noir. L\u2019animateur embl\u00e9matique \u00e9tait entour\u00e9 de son \u00e9pouse, ses trois enfants, ses amis, notamment\u00a0<a href=\"https:\/\/www.lefigaro.fr\/tag\/laurent-baffie\" target=\"_blank\" rel=\"noopener\" data-gtm-custom-categorie=\"navigation\" data-gtm-custom-action=\"crossclick\" data-gtm-custom-label=\"Contextuel\" data-gtm-event=\"customEventSPE\">Laurent Baffie<\/a>\u00a0et Philippe Corti, mais \u00e9galement pl\u00e9thore de personnalit\u00e9s publiques politiques et de la t\u00e9l\u00e9vision. Les hommages sur les r\u00e9seaux sociaux ont \u00e9galement \u00e9t\u00e9 nombreux.<\/p>\n","protected":false},"excerpt":{"rendered":"Par Marine Cassan Le 18 juillet 2025 \u00e0 13h17 Thierry Ardisson et Jean-Luc Reichmann Domine Jerome\/ Terenghi Alberto\/IPA&hellip;\n","protected":false},"author":2,"featured_media":256480,"comment_status":"","ping_status":"","sticky":false,"template":"","format":"standard","meta":{"footnotes":""},"categories":[1359],"tags":[58,59,1011,27,4879,465,973,10058],"class_list":{"0":"post-256479","1":"post","2":"type-post","3":"status-publish","4":"format-standard","5":"has-post-thumbnail","7":"category-people","8":"tag-divertissement","9":"tag-entertainment","10":"tag-fr","11":"tag-france","12":"tag-hommage","13":"tag-jean-luc-reichmann","14":"tag-people","15":"tag-thierry-ardisson"},"share_on_mastodon":{"url":"https:\/\/pubeurope.com\/@fr\/114874539286351446","error":""},"_links":{"self":[{"href":"https:\/\/www.europesays.com\/fr\/wp-json\/wp\/v2\/posts\/256479","targetHints":{"allow":["GET"]}}],"collection":[{"href":"https:\/\/www.europesays.com\/fr\/wp-json\/wp\/v2\/posts"}],"about":[{"href":"https:\/\/www.europesays.com\/fr\/wp-json\/wp\/v2\/types\/post"}],"author":[{"embeddable":true,"href":"https:\/\/www.europesays.com\/fr\/wp-json\/wp\/v2\/users\/2"}],"replies":[{"embeddable":true,"href":"https:\/\/www.europesays.com\/fr\/wp-json\/wp\/v2\/comments?post=256479"}],"version-history":[{"count":0,"href":"https:\/\/www.europesays.com\/fr\/wp-json\/wp\/v2\/posts\/256479\/revisions"}],"wp:featuredmedia":[{"embeddable":true,"href":"https:\/\/www.europesays.com\/fr\/wp-json\/wp\/v2\/media\/256480"}],"wp:attachment":[{"href":"https:\/\/www.europesays.com\/fr\/wp-json\/wp\/v2\/media?parent=256479"}],"wp:term":[{"taxonomy":"category","embeddable":true,"href":"https:\/\/www.europesays.com\/fr\/wp-json\/wp\/v2\/categories?post=256479"},{"taxonomy":"post_tag","embeddable":true,"href":"https:\/\/www.europesays.com\/fr\/wp-json\/wp\/v2\/tags?post=256479"}],"curies":[{"name":"wp","href":"https:\/\/api.w.org\/{rel}","templated":true}]}}