{"id":256481,"date":"2025-07-18T13:45:18","date_gmt":"2025-07-18T13:45:18","guid":{"rendered":"https:\/\/www.europesays.com\/fr\/256481\/"},"modified":"2025-07-18T13:45:18","modified_gmt":"2025-07-18T13:45:18","slug":"exposez-vos-cliches-a-lobservatoire-paris-montparnasse","status":"publish","type":"post","link":"https:\/\/www.europesays.com\/fr\/256481\/","title":{"rendered":"exposez vos clich\u00e9s \u00e0 l\u2019Observatoire Paris Montparnasse"},"content":{"rendered":"<p>Envie de <strong>photographier Paris sous son plus bel angle<\/strong> ? Voici une occasion \u00e0 ne pas manquer : l<strong>\u2019Observatoire Paris Montparnasse lance un concours photo<\/strong> sur le th\u00e8me <strong>\u00ab\u00a0La plus belle vue de Paris\u00a0\u00bb<\/strong>. Phototrend est partenaire et membre du jury.<\/p>\n<p>Votre plus belle vue de Paris<\/p>\n<p>L\u2019Observatoire Paris Montparnasse offre <strong>l\u2019une des vues panoramiques les plus impressionnantes<\/strong> sur la capitale, permettant d\u2019admirer de nombreux monuments embl\u00e9matiques comme la Tour Eiffel, les Invalides, la basilique du Sacr\u00e9-C\u0153ur ou encore les toits typiques de la ville. Mais ce concours est aussi et surtout l\u2019occasion de d\u00e9couvrir et <strong>c\u00e9l\u00e9brer la diversit\u00e9 des points de vue sur Paris<\/strong>, car la \u00ab\u00a0plus belle vue\u00a0\u00bb reste finalement tr\u00e8s <strong>personnelle<\/strong> et <strong>subjective<\/strong>.<\/p>\n<p>Pour participer au concours, il suffit de <strong>publier vos meilleures photos<\/strong> de la capitale sur <strong>Instagram<\/strong> entre <strong>le 10 juillet et le 20 ao\u00fbt 2025<\/strong>, en utilisant le hashtag #PlusbellevuedeParis. Pensez bien \u00e0 garder votre <strong>compte Instagram public<\/strong> et \u00e0 suivre le compte <a href=\"https:\/\/www.instagram.com\/observatoire.tourmontparnasse\/?hl=en\" target=\"_blank\" rel=\"noopener\">@observatoire.tourmontparnasse<\/a> (et <a href=\"https:\/\/www.instagram.com\/phototrendfr\/?hl=en\" target=\"_blank\" rel=\"noopener\">@phototrendfr<\/a> si ce n\u2019est pas d\u00e9j\u00e0 le cas).<\/p>\n<p>Tous les <strong>styles<\/strong> et <strong>approches photographiques<\/strong> sont les bienvenus : sc\u00e8nes de vie, monuments iconiques, d\u00e9tails architecturaux\u2026 <strong>Laissez parler votre cr\u00e9ativit\u00e9<\/strong> pour sublimer Paris.<\/p>\n<p>S\u00e9lection et exposition en haut de la Tour Montparnasse<\/p>\n<p>Une <strong>premi\u00e8re s\u00e9lection de 32 images<\/strong> sera effectu\u00e9e <strong>entre le 21 et le 23 ao\u00fbt 2025 <\/strong>par un jury compos\u00e9 des \u00e9quipes de l\u2019Observatoire Paris Montparnasse et de Phototrend. Puis, du <strong>23 au 30 ao\u00fbt<\/strong>, ce sera au public de voter pour ses clich\u00e9s pr\u00e9f\u00e9r\u00e9s !<\/p>\n<p>Les <strong>10 photos finalistes<\/strong> \u2013 s\u00e9lectionn\u00e9es par le public sur Instagram ainsi que par le jury \u2013 seront expos\u00e9es du 1er septembre au 9 octobre 2025 \u00e0 l\u2019Observatoire Paris Montparnasse, face \u00e0 l\u2019une des plus belles vues de Paris. Un vernissage sera organis\u00e9 le 9 septembre 2025.<\/p>\n<p>Vote final durant l\u2019exposition et r\u00e9compenses<\/p>\n<p>Pendant toute la dur\u00e9e de l\u2019exposition, les visiteurs pourront <strong>voter pour leur image pr\u00e9f\u00e9r\u00e9e<\/strong> via un QR Code ainsi qu\u2019en ligne, avec l\u2019annonce des r\u00e9sultats le <strong>10 octobre 2025<\/strong>.<\/p>\n<p>Le <strong>grand gagnant<\/strong> remportera :<\/p>\n<ul class=\"wp-block-list\">\n<li><strong>Un pass illimit\u00e9 pour l\u2019Observatoire Paris Montparnasse<\/strong> (valable jusqu\u2019\u00e0 sa fermeture pour r\u00e9novation).<\/li>\n<li><strong>Deux entr\u00e9es<\/strong> pour chacun des observatoires panoramiques Magnicity : Tour TV de Berlin, 360 Chicago (\u00c9tats-Unis), Euromast (Rotterdam, Pays-Bas) et High Line (Varsovie, Pologne).<\/li>\n<li><strong>Un ch\u00e8que de 300 \u20ac<\/strong>.<\/li>\n<li>L\u2019exposition permanente de sa photo \u00e0 l\u2019Observatoire.<\/li>\n<\/ul>\n<p>Le deuxi\u00e8me prix recevra une <strong>r\u00e9compense de 200 \u20ac<\/strong>, tandis que le troisi\u00e8me prix b\u00e9n\u00e9ficiera d\u2019une <strong>r\u00e9compense de 100 \u20ac<\/strong>.<\/p>\n<p>Pour retrouver toutes les informations pratiques et le r\u00e8glement complet, <strong>rendez-vous sur le <a href=\"https:\/\/www.tourmontparnasse56.com\/fr\/concours-photo\/\" target=\"_blank\" rel=\"noopener\">site de l\u2019Observatoire Paris Montparnasse<\/a><\/strong>. <\/p>\n<p>Alors, pr\u00eat \u00e0 immortaliser Paris ? Nous avons <strong>h\u00e2te de d\u00e9couvrir vos images !<\/strong><\/p>\n<p>\t\t\t\t\t\t\t\t\t<script async src=\"\/\/www.instagram.com\/embed.js\"><\/script><\/p>\n","protected":false},"excerpt":{"rendered":"Envie de photographier Paris sous son plus bel angle ? Voici une occasion \u00e0 ne pas manquer :&hellip;\n","protected":false},"author":2,"featured_media":256482,"comment_status":"","ping_status":"","sticky":false,"template":"","format":"standard","meta":{"footnotes":""},"categories":[1358],"tags":[47,1348,1384,1385,39645,33942,1386,58,59,11615,1011,27,39646],"class_list":{"0":"post-256481","1":"post","2":"type-post","3":"status-publish","4":"format-standard","5":"has-post-thumbnail","7":"category-arts-et-design","8":"tag-actualite","9":"tag-arts","10":"tag-arts-and-design","11":"tag-arts-et-design","12":"tag-concours-instagram","13":"tag-concours-photo","14":"tag-design","15":"tag-divertissement","16":"tag-entertainment","17":"tag-featured","18":"tag-fr","19":"tag-france","20":"tag-observatoire-paris-montparnasse"},"share_on_mastodon":{"url":"https:\/\/pubeurope.com\/@fr\/114874543365489443","error":""},"_links":{"self":[{"href":"https:\/\/www.europesays.com\/fr\/wp-json\/wp\/v2\/posts\/256481","targetHints":{"allow":["GET"]}}],"collection":[{"href":"https:\/\/www.europesays.com\/fr\/wp-json\/wp\/v2\/posts"}],"about":[{"href":"https:\/\/www.europesays.com\/fr\/wp-json\/wp\/v2\/types\/post"}],"author":[{"embeddable":true,"href":"https:\/\/www.europesays.com\/fr\/wp-json\/wp\/v2\/users\/2"}],"replies":[{"embeddable":true,"href":"https:\/\/www.europesays.com\/fr\/wp-json\/wp\/v2\/comments?post=256481"}],"version-history":[{"count":0,"href":"https:\/\/www.europesays.com\/fr\/wp-json\/wp\/v2\/posts\/256481\/revisions"}],"wp:featuredmedia":[{"embeddable":true,"href":"https:\/\/www.europesays.com\/fr\/wp-json\/wp\/v2\/media\/256482"}],"wp:attachment":[{"href":"https:\/\/www.europesays.com\/fr\/wp-json\/wp\/v2\/media?parent=256481"}],"wp:term":[{"taxonomy":"category","embeddable":true,"href":"https:\/\/www.europesays.com\/fr\/wp-json\/wp\/v2\/categories?post=256481"},{"taxonomy":"post_tag","embeddable":true,"href":"https:\/\/www.europesays.com\/fr\/wp-json\/wp\/v2\/tags?post=256481"}],"curies":[{"name":"wp","href":"https:\/\/api.w.org\/{rel}","templated":true}]}}