{"id":256489,"date":"2025-07-18T13:49:10","date_gmt":"2025-07-18T13:49:10","guid":{"rendered":"https:\/\/www.europesays.com\/fr\/256489\/"},"modified":"2025-07-18T13:49:10","modified_gmt":"2025-07-18T13:49:10","slug":"premieres-photos-et-premiers-spoilers-pour-le-film-disney","status":"publish","type":"post","link":"https:\/\/www.europesays.com\/fr\/256489\/","title":{"rendered":"premi\u00e8res photos et premiers spoilers pour le film Disney+"},"content":{"rendered":"<p>Il fallait s\u2019en douter. Daredevil\u00a0: Born Again n\u2019\u00e9tait que le d\u00e9but d\u2019un vaste plan de Marvel Television et Disney pour ressusciter tous les h\u00e9ros condamn\u00e9s apr\u00e8s l\u2019annulation des s\u00e9ries Defenders d\u00e9velopp\u00e9es en partenariat avec Netflix. Matt Murdock a ouvert le bal, suivi de Frank Castle qui a fait une apparition dans la premi\u00e8re saison plus t\u00f4t cette ann\u00e9e.<\/p>\n<p>Le personnage, toujours camp\u00e9 par Jon Bernthal, doit m\u00eame faire une incursion sur le grand \u00e9cran pour Spider-Man\u00a0: <a href=\"https:\/\/www.journaldugeek.com\/2025\/07\/15\/spider-man-4-tom-holland-parle-enfin-du-retour-de-peter-parker\/\" target=\"_blank\" rel=\"noopener\">Brand New Day<\/a> l\u2019\u00e9t\u00e9 prochain. Avant cela, il sera \u00e0 l\u2019affiche de son propre film sur Disney+. Le projet est promu comme une \u201cSpecial Presentation\u201d au m\u00eame titre que <a href=\"https:\/\/www.journaldugeek.com\/critique\/critique-werewolf-by-night-marvel-sort-les-griffes-sur-disney-%f0%9f%8c%95\/\" target=\"_blank\" rel=\"noopener\">Werewolf by Night<\/a> ou Les Gardiens de la Galaxie\u00a0: Joyeuses F\u00eates. Le tournage vient d\u2019\u00eatre lanc\u00e9 et il apporte d\u00e9j\u00e0 quelques informations cruciales sur l\u2019intrigue et les personnages convoqu\u00e9s. Des photos prises aux abords des d\u00e9cors ont livr\u00e9 de s\u00e9rieux indices sur l\u2019identit\u00e9 de l\u2019antagoniste du projet.<\/p>\n<p> Une histoire de vengeance <\/p>\n<p>Le compte X <strong>Daredevil Shots<\/strong>, qui avait d\u00e9j\u00e0 r\u00e9cup\u00e9r\u00e9 de nombreuses images sur le tournage de la s\u00e9rie Born Again, remet le couvert avec des clich\u00e9s des devantures de certains magasins et restaurants imagin\u00e9s pour le t\u00e9l\u00e9film. On retrouve notamment une pizzeria, des affiches pour un concert de m\u00e9tal et la programmation d\u2019un cin\u00e9ma. Pas question ici de se renseigner sur l\u2019\u00e9poque \u00e0 laquelle se d\u00e9roule le projet, puisque les films propos\u00e9s ne sont pas sortis la m\u00eame ann\u00e9e, Dr Folamour (1963), L\u2019or se barre (1969) et Predator (1984). La r\u00e9currence d\u2019une mention \u00e0 Predator laisse tout de m\u00eame \u00e0 penser qu\u2019un flashback pourrait \u00eatre au programme.<\/p>\n<p>Sur d\u2019autres clich\u00e9s, on peut remarquer la pr\u00e9sence d\u2019un restaurant dont le nom ne devrait pas \u00eatre inconnu aux lecteurs de comics. En effet, l\u2019une des enseignes Gnucci\u2019s Restaurant fait r\u00e9f\u00e9rence \u00e0 un personnage de la mythologie de Punisher.<\/p>\n<p><strong>\u201cMa\u201d Gnucci<\/strong> est une antagoniste cr\u00e9\u00e9e par <strong>Garth Ennis et Steve Dillon dans The Punisher Vol.5 #4 en 2000.<\/strong>\u00a0 Elle apparait quand Punisher reprend sa guerre contre le crime \u00e0 New York et qu\u2019il tue trois gangsters. Ces malfrats sont les fils de \u201cMa\u201d Gnucci,<strong> la cheffe de la plus grande famille mafieuse<\/strong> de la ville. Elle va tout mettre en place pour obtenir r\u00e9paration et traquer le responsable.<\/p>\n<blockquote class=\"twitter-tweet\" data-width=\"500\" data-dnt=\"true\">\n<p lang=\"en\" dir=\"ltr\">\ud83d\udcf8 | First look at the set of \u2018The Punisher\u2019 special presentation. <a href=\"https:\/\/t.co\/0zziM3DPCy\">pic.twitter.com\/0zziM3DPCy<\/a><\/p>\n<p>\u2014 Daredevil Shots (@_DaredevilShots) <a href=\"https:\/\/twitter.com\/_DaredevilShots\/status\/1945763779519897918?ref_src=twsrc%5Etfw\" target=\"_blank\" rel=\"noopener\">July 17, 2025<\/a><\/p>\n<\/blockquote>\n<p>  En 2026 sur Disney+ <\/p>\n<p>Si Marvel et Disney+ esp\u00e8rent garder les d\u00e9tails du projet sous cl\u00e9, on sait que le t\u00e9l\u00e9film <strong>doit sortir en 2026<\/strong> sur nos \u00e9crans. Il est \u00e9crit par Reinaldo Marcus Green, il se chargera aussi de la r\u00e9alisation. <strong>Aucun autre acteur n\u2019est officiellement affili\u00e9 au projet.<\/strong> On peut esp\u00e9rer que le d\u00e9but du tournage soit une occasion pour les fans d\u2019en apprendre plus sur le sujet.<\/p>\n<blockquote>\n<p class=\"text-base text-neutral-700 dark:text-neutral-300\">\ud83d\udfe3 Pour ne manquer aucune news sur le Journal du Geek, abonnez-vous sur <a href=\"https:\/\/news.google.com\/publications\/CAAqBwgKMNr_hAswwYyCAw?hl=fr&amp;gl=FR&amp;ceid=FR%3Afr\" target=\"_blank\" rel=\"noopener\">Google Actualit\u00e9s<\/a> et sur <a href=\"https:\/\/whatsapp.com\/channel\/0029VaClM5y4tRry12tb7D2h\" target=\"_blank\" rel=\"noopener\">notre WhatsApp<\/a>. Et si vous nous adorez, on a <a href=\"https:\/\/www.journaldugeek.com\/newsletter\/\" target=\"_blank\" rel=\"noopener\">une newsletter tous les matins<\/a>.<\/p>\n<\/blockquote>\n<p>        <script async src=\"https:\/\/platform.twitter.com\/widgets.js\" charset=\"utf-8\"><\/script><\/p>\n","protected":false},"excerpt":{"rendered":"Il fallait s\u2019en douter. Daredevil\u00a0: Born Again n\u2019\u00e9tait que le d\u00e9but d\u2019un vaste plan de Marvel Television et&hellip;\n","protected":false},"author":2,"featured_media":256490,"comment_status":"","ping_status":"","sticky":false,"template":"","format":"standard","meta":{"footnotes":""},"categories":[1354],"tags":[520,58,59,1346,1011,27,2135,11224,1360,33924],"class_list":{"0":"post-256489","1":"post","2":"type-post","3":"status-publish","4":"format-standard","5":"has-post-thumbnail","7":"category-films","8":"tag-disney","9":"tag-divertissement","10":"tag-entertainment","11":"tag-films","12":"tag-fr","13":"tag-france","14":"tag-marvel","15":"tag-mcu","16":"tag-movies","17":"tag-the-punisher"},"share_on_mastodon":{"url":"https:\/\/pubeurope.com\/@fr\/114874558959238194","error":""},"_links":{"self":[{"href":"https:\/\/www.europesays.com\/fr\/wp-json\/wp\/v2\/posts\/256489","targetHints":{"allow":["GET"]}}],"collection":[{"href":"https:\/\/www.europesays.com\/fr\/wp-json\/wp\/v2\/posts"}],"about":[{"href":"https:\/\/www.europesays.com\/fr\/wp-json\/wp\/v2\/types\/post"}],"author":[{"embeddable":true,"href":"https:\/\/www.europesays.com\/fr\/wp-json\/wp\/v2\/users\/2"}],"replies":[{"embeddable":true,"href":"https:\/\/www.europesays.com\/fr\/wp-json\/wp\/v2\/comments?post=256489"}],"version-history":[{"count":0,"href":"https:\/\/www.europesays.com\/fr\/wp-json\/wp\/v2\/posts\/256489\/revisions"}],"wp:featuredmedia":[{"embeddable":true,"href":"https:\/\/www.europesays.com\/fr\/wp-json\/wp\/v2\/media\/256490"}],"wp:attachment":[{"href":"https:\/\/www.europesays.com\/fr\/wp-json\/wp\/v2\/media?parent=256489"}],"wp:term":[{"taxonomy":"category","embeddable":true,"href":"https:\/\/www.europesays.com\/fr\/wp-json\/wp\/v2\/categories?post=256489"},{"taxonomy":"post_tag","embeddable":true,"href":"https:\/\/www.europesays.com\/fr\/wp-json\/wp\/v2\/tags?post=256489"}],"curies":[{"name":"wp","href":"https:\/\/api.w.org\/{rel}","templated":true}]}}