{"id":256502,"date":"2025-07-18T13:57:11","date_gmt":"2025-07-18T13:57:11","guid":{"rendered":"https:\/\/www.europesays.com\/fr\/256502\/"},"modified":"2025-07-18T13:57:11","modified_gmt":"2025-07-18T13:57:11","slug":"budget-immigration-sansal-algerie-le-grand-entretien-de-bruno-retailleau-au-figaro","status":"publish","type":"post","link":"https:\/\/www.europesays.com\/fr\/256502\/","title":{"rendered":"budget, immigration, Sansal, Alg\u00e9rie&#8230; Le grand entretien de Bruno Retailleau au Figaro"},"content":{"rendered":"<p><strong>EXCLUSIF &#8211; <\/strong>Le ministre de l\u2019Int\u00e9rieur d\u00e9nonce l\u2019\u00e9chec de \u00abla diplomatie des bons sentiments\u00bb ch\u00e8re \u00e0 Emmanuel Macron. Le patron des R\u00e9publicains pr\u00e9vient par ailleurs qu\u2019il ne compte s\u2019interdire aucun sujet jusqu\u2019\u00e0 la prochaine pr\u00e9sidentielle.<\/p>\n<p class=\"fig-paragraph\"><strong>LE FIGARO &#8211; Pour redresser la trajectoire des comptes publics,\u00a0<\/strong><a href=\"http:\/\/www.lefigaro.fr\/conjoncture\/impots-retraites-annee-blanche-jours-feries-ce-qu-il-faut-retenir-des-annonces-de-francois-bayrou-sur-le-budget-2026-20250715\" data-fig-type=\"NewsFlash\" data-gtm-custom-categorie=\"navigation\" data-gtm-custom-action=\"crossclick\" data-gtm-custom-label=\"Contextuel\" data-gtm-event=\"customEventSPE\" data-fig-domain=\"LEFIGARO\" target=\"_blank\" rel=\"noopener\"><strong>Fran\u00e7ois Bayrou a pr\u00e9sent\u00e9 mardi un plan qui pr\u00e9voit un effort budg\u00e9taire de pr\u00e8s de 44 milliards d\u2019euros<\/strong><\/a> <strong>. Cela vous semble \u00e0 la hauteur\u00a0?<\/strong><\/p>\n<p class=\"fig-paragraph\"><strong>Bruno RETAILLEAU &#8211; <\/strong>Fran\u00e7ois Bayrou dit qu\u2019il y a p\u00e9ril en la demeure et je le rejoins. Je le dis depuis des ann\u00e9es. Avant moi, Fran\u00e7ois Fillon lan\u00e7ait l\u2019alerte en parlant d\u2019un \u00ab\u00c9tat en faillite\u00bb. Il y a quelques jours, le FMI a d\u00e9grad\u00e9 la France tandis que notre dette souveraine s\u2019emballe. Si l\u2019on regarde les taux d\u2019emprunt de la dette fran\u00e7aise de la semaine pass\u00e9e, le taux auquel nous empruntions \u00e9tait plus \u00e9lev\u00e9 que l\u2019Espagne, l\u2019Italie et la Gr\u00e8ce. C\u2019est un signal d\u2019alarme.\u00a0<a href=\"http:\/\/www.lefigaro.fr\/conjoncture\/dette-deficit-comparer-la-france-d-aujourd-hui-a-la-grece-de-2010-c-est-sans-doute-excessif-20250715\" data-fig-type=\"Article\" data-gtm-custom-categorie=\"navigation\" data-gtm-custom-action=\"crossclick\" data-gtm-custom-label=\"Contextuel\" data-gtm-event=\"customEventSPE\" data-fig-domain=\"LEFIGARO\" target=\"_blank\" rel=\"noopener\">Un sc\u00e9nario \u00e0 la grecque ne peut pas \u00eatre \u00e9cart\u00e9<\/a>. Je d\u00e9nonce le syndicat des \u00aby a qu\u2019\u00e0 faut qu\u2019on\u00bb, le cartel du d\u00e9ni qui va du Rassemblement national aux Insoumis qui ne propose aucune solution.<\/p>\n<p class=\"fig-paragraph\">Les deux directions que le premier ministre a voulu prendre sont les bonnes\u00a0: un frein sur les d\u00e9penses et un coup d\u2019acc\u00e9l\u00e9rateur sur la production. C\u2019est n\u00e9cessaire pour construire une nouvelle prosp\u00e9rit\u00e9. C\u2019est un plan avec de bonnes pistes, mais qui doit \u00eatre pris pour ce qu\u2019il est\u00a0: un plan d\u2019urgence d\u2019un premier ministre qui dispose de marges de man\u0153uvre politiquement, \u00e9conomiquement et financi\u00e8rement tr\u00e8s r\u00e9duites. C\u2019est un plan qui peut et qui doit \u00eatre am\u00e9lior\u00e9. Il faut donc l\u2019am\u00e9liorer.<\/p>\n<p class=\"fig-paragraph\"><strong>Gel des d\u00e9penses de l\u2019\u00c9tat et des retraites, des prestations sociales et du bar\u00e8me de l\u2019imp\u00f4t sur le revenu, suppression de deux jours f\u00e9ri\u00e9s, \u00abcontribution de solidarit\u00e9\u00bb pour \u00ables plus fortun\u00e9s\u00bb, transformation de l\u2019abattement fiscal de 10% des retrait\u00e9s en \u00abforfait\u00bb&#8230; La charge vous para\u00eet-elle suffisamment bien r\u00e9partie\u00a0?<\/strong><\/p>\n<p class=\"fig-premium-paywall__infos\">\n        Cet article est r\u00e9serv\u00e9 aux abonn\u00e9s.        Il vous reste 88% \u00e0 d\u00e9couvrir.\n    <\/p>\n<p>                <img  data- alt=\"Le Figaro\" class=\"fig-img--complete fig-img\"\/><\/p>\n<p class=\"fig-premium-paywall__title\">Vous avez envie de lire la suite ?<\/p>\n<p class=\"fig-premium-paywall__subtitle\">D\u00e9bloquez tous les articles imm\u00e9diatement.<\/p>\n<p class=\"fig-premium-paywall__connect\">\n                D\u00e9j\u00e0 abonn\u00e9\u00a0?                <a class=\"fig-premium-paywall__connect-link\" href=\"https:\/\/connect.lefigaro.fr\/login?client=horizon_web&amp;type=main&amp;redirect_uri=https%3A%2F%2Fwww.lefigaro.fr%2Fpolitique%2Fen-2027-je-ferai-tout-pour-faire-gagner-la-droite-budget-immigration-sansal-algerie-le-grand-entretien-de-bruno-retailleau-au-figaro-20250718\" data-js-gtm=\"{&quot;customCategorie&quot;: &quot;conversion&quot;, &quot;customAction&quot;: &quot;before_Landing_Connexion_paywall_manuel&quot;, &quot;customLabel&quot;: &quot;bGVmaWdhcm8uZnJfXzFmMDYzYzgwLWY5MmEtNjQ3OC1iNmFkLTA5Y2I1YTljZmE2YV9fQXJ0aWNsZQ==_\u00abEn 2027, je ferai tout pour faire gagner la droite\u00bb\u00a0: budget, immigration, Sansal, Alg\u00e9rie... Le grand entretien de Bruno Retailleau au &lt;i&gt;Figaro&lt;\/i&gt;_350&quot;, &quot;customIDSPE&quot;: &quot;bGVmaWdhcm8uZnJfXzFmMDYzYzgwLWY5MmEtNjQ3OC1iNmFkLTA5Y2I1YTljZmE2YV9fQXJ0aWNsZQ==&quot;, &quot;event&quot;: &quot;customEventSPE&quot;}\" target=\"_blank\" rel=\"noopener\"><br \/>\n                    Connectez-vous<br \/>\n                <\/a>\n            <\/p>\n","protected":false},"excerpt":{"rendered":"EXCLUSIF &#8211; Le ministre de l\u2019Int\u00e9rieur d\u00e9nonce l\u2019\u00e9chec de \u00abla diplomatie des bons sentiments\u00bb ch\u00e8re \u00e0 Emmanuel Macron.&hellip;\n","protected":false},"author":2,"featured_media":256503,"comment_status":"","ping_status":"","sticky":false,"template":"","format":"standard","meta":{"footnotes":""},"categories":[2],"tags":[11,15,4142,1013,1011,27,431,6319,12],"class_list":{"0":"post-256502","1":"post","2":"type-post","3":"status-publish","4":"format-standard","5":"has-post-thumbnail","7":"category-actualites","8":"tag-actualites","9":"tag-algerie","10":"tag-boualem-sansal","11":"tag-bruno-retailleau","12":"tag-fr","13":"tag-france","14":"tag-francois-bayrou","15":"tag-les-republicains","16":"tag-news"},"share_on_mastodon":{"url":"https:\/\/pubeurope.com\/@fr\/114874590410041971","error":""},"_links":{"self":[{"href":"https:\/\/www.europesays.com\/fr\/wp-json\/wp\/v2\/posts\/256502","targetHints":{"allow":["GET"]}}],"collection":[{"href":"https:\/\/www.europesays.com\/fr\/wp-json\/wp\/v2\/posts"}],"about":[{"href":"https:\/\/www.europesays.com\/fr\/wp-json\/wp\/v2\/types\/post"}],"author":[{"embeddable":true,"href":"https:\/\/www.europesays.com\/fr\/wp-json\/wp\/v2\/users\/2"}],"replies":[{"embeddable":true,"href":"https:\/\/www.europesays.com\/fr\/wp-json\/wp\/v2\/comments?post=256502"}],"version-history":[{"count":0,"href":"https:\/\/www.europesays.com\/fr\/wp-json\/wp\/v2\/posts\/256502\/revisions"}],"wp:featuredmedia":[{"embeddable":true,"href":"https:\/\/www.europesays.com\/fr\/wp-json\/wp\/v2\/media\/256503"}],"wp:attachment":[{"href":"https:\/\/www.europesays.com\/fr\/wp-json\/wp\/v2\/media?parent=256502"}],"wp:term":[{"taxonomy":"category","embeddable":true,"href":"https:\/\/www.europesays.com\/fr\/wp-json\/wp\/v2\/categories?post=256502"},{"taxonomy":"post_tag","embeddable":true,"href":"https:\/\/www.europesays.com\/fr\/wp-json\/wp\/v2\/tags?post=256502"}],"curies":[{"name":"wp","href":"https:\/\/api.w.org\/{rel}","templated":true}]}}