{"id":256506,"date":"2025-07-18T13:59:10","date_gmt":"2025-07-18T13:59:10","guid":{"rendered":"https:\/\/www.europesays.com\/fr\/256506\/"},"modified":"2025-07-18T13:59:10","modified_gmt":"2025-07-18T13:59:10","slug":"ligue-2-saint-etienne-et-reims-devoilent-leur-maillots-exterieurs","status":"publish","type":"post","link":"https:\/\/www.europesays.com\/fr\/256506\/","title":{"rendered":"Ligue 2 &#8211; Saint-\u00c9tienne et Reims d\u00e9voilent leur maillots ext\u00e9rieurs"},"content":{"rendered":"<p>Rel\u00e9gu\u00e9s de Ligue 1, l\u2019AS <strong>Saint-\u00c9tienne<\/strong> et le <strong>Stade de Reims<\/strong> devraient d\u00e9placer un public cons\u00e9quent pour leurs matchs \u00e0 l\u2019ext\u00e9rieur en Ligue 2 lors de la saison \u00e0 venir. Les deux formations ont r\u00e9v\u00e9l\u00e9 ce vendredi les maillots qui seront port\u00e9s pour\u00a0 ces occasions.<\/p>\n<p>\u00c0 lire aussi &gt;&gt;\u00a0<a href=\"https:\/\/maligue2.fr\/2025\/07\/17\/mercato-le-fc-metz-officialise-un-autre-georgien-le-vafc-recrue-un-ancien-de-ligue-2\/\" target=\"_blank\" rel=\"noopener\">Mercato \u2013 Le FC Metz officialise un autre G\u00e9orgien, le VAFC recrue un ancien de Ligue 2<\/a><\/p>\n<p>Reims \u00e9voluera dans un maillot couleur craie, en rappel aux caves de Champagne\u2026 <a href=\"https:\/\/maligue2.fr\/2024\/11\/22\/ligue-2-lestac-devoile-un-troisieme-maillot\/\" target=\"_blank\" rel=\"noopener\">une teinte proche de celle utilis\u00e9e sur le troisi\u00e8me maillot du voisin troyen<\/a> la saison derni\u00e8re.<\/p>\n<blockquote class=\"twitter-tweet\">\n<p dir=\"ltr\" lang=\"fr\">\u2728  \u0301, \u0301 -.<\/p>\n<p>Des , il tient ses lignes.<br \/>De la , sa couleur s\u2019extrait.<\/p>\n<p> <a href=\"https:\/\/twitter.com\/pumafootball?ref_src=twsrc%5Etfw\" target=\"_blank\" rel=\"noopener\">@pumafootball<\/a> <a href=\"https:\/\/t.co\/KvStIb1Y88\">pic.twitter.com\/KvStIb1Y88<\/a><\/p>\n<p>\u2014 Stade de Reims (@StadeDeReims) <a href=\"https:\/\/twitter.com\/StadeDeReims\/status\/1946156538034315418?ref_src=twsrc%5Etfw\" target=\"_blank\" rel=\"noopener\">July 18, 2025<\/a><\/p>\n<\/blockquote>\n<p>C\u00f4t\u00e9 St\u00e9phanois, peu de surprises avec un maillot blanc aux liser\u00e9s verts.<\/p>\n<blockquote class=\"twitter-tweet\">\n<p dir=\"ltr\" lang=\"fr\"> L\u2019ASSE et <a href=\"https:\/\/twitter.com\/hummelFrance?ref_src=twsrc%5Etfw\" target=\"_blank\" rel=\"noopener\">@hummelFrance<\/a> d\u00e9voilent ce vendredi le nouveau maillot ext\u00e9rieur ! <\/p>\n<p>En hommage au Peuple Vert, un motif emboss\u00e9 repr\u00e9sentant des symboles forts des tribunes st\u00e9phanoises le parcourt ! \ufe0f<\/p>\n<p>\u2014 AS Saint-\u00c9tienne (@ASSEofficiel) <a href=\"https:\/\/twitter.com\/ASSEofficiel\/status\/1946153436485177500?ref_src=twsrc%5Etfw\" target=\"_blank\" rel=\"noopener\">July 18, 2025<\/a><\/p>\n<\/blockquote>\n<p>Photo \u00a9Stade de Reims<\/p>\n<p>\t\t<script async src=\"https:\/\/platform.twitter.com\/widgets.js\" charset=\"utf-8\"><\/script><\/p>\n","protected":false},"excerpt":{"rendered":"Rel\u00e9gu\u00e9s de Ligue 1, l\u2019AS Saint-\u00c9tienne et le Stade de Reims devraient d\u00e9placer un public cons\u00e9quent pour leurs&hellip;\n","protected":false},"author":2,"featured_media":256507,"comment_status":"","ping_status":"","sticky":false,"template":"","format":"standard","meta":{"footnotes":""},"categories":[9653],"tags":[1962,1111,11,2430,1777,674,1011,27,12,4243,25,4001],"class_list":{"0":"post-256506","1":"post","2":"type-post","3":"status-publish","4":"format-standard","5":"has-post-thumbnail","7":"category-saint-etienne","8":"tag-alaune5","9":"tag-actu","10":"tag-actualites","11":"tag-auvergne-rhone-alpes","12":"tag-eu","13":"tag-europe","14":"tag-fr","15":"tag-france","16":"tag-news","17":"tag-reims","18":"tag-republique-francaise","19":"tag-saint-etienne"},"share_on_mastodon":{"url":"https:\/\/pubeurope.com\/@fr\/114874598292084557","error":""},"_links":{"self":[{"href":"https:\/\/www.europesays.com\/fr\/wp-json\/wp\/v2\/posts\/256506","targetHints":{"allow":["GET"]}}],"collection":[{"href":"https:\/\/www.europesays.com\/fr\/wp-json\/wp\/v2\/posts"}],"about":[{"href":"https:\/\/www.europesays.com\/fr\/wp-json\/wp\/v2\/types\/post"}],"author":[{"embeddable":true,"href":"https:\/\/www.europesays.com\/fr\/wp-json\/wp\/v2\/users\/2"}],"replies":[{"embeddable":true,"href":"https:\/\/www.europesays.com\/fr\/wp-json\/wp\/v2\/comments?post=256506"}],"version-history":[{"count":0,"href":"https:\/\/www.europesays.com\/fr\/wp-json\/wp\/v2\/posts\/256506\/revisions"}],"wp:featuredmedia":[{"embeddable":true,"href":"https:\/\/www.europesays.com\/fr\/wp-json\/wp\/v2\/media\/256507"}],"wp:attachment":[{"href":"https:\/\/www.europesays.com\/fr\/wp-json\/wp\/v2\/media?parent=256506"}],"wp:term":[{"taxonomy":"category","embeddable":true,"href":"https:\/\/www.europesays.com\/fr\/wp-json\/wp\/v2\/categories?post=256506"},{"taxonomy":"post_tag","embeddable":true,"href":"https:\/\/www.europesays.com\/fr\/wp-json\/wp\/v2\/tags?post=256506"}],"curies":[{"name":"wp","href":"https:\/\/api.w.org\/{rel}","templated":true}]}}