{"id":256508,"date":"2025-07-18T14:02:13","date_gmt":"2025-07-18T14:02:13","guid":{"rendered":"https:\/\/www.europesays.com\/fr\/256508\/"},"modified":"2025-07-18T14:02:13","modified_gmt":"2025-07-18T14:02:13","slug":"tiziana-raspo-grand-nancy-et-les-bleues-sorties-en-huitiemes-de-finale","status":"publish","type":"post","link":"https:\/\/www.europesays.com\/fr\/256508\/","title":{"rendered":"Tiziana Raspo (Grand Nancy) et les Bleues sorties en huiti\u00e8mes de finale"},"content":{"rendered":"<p>Actuellement aux championnats du monde \u00e0 Singapour, la polo\u00efste du GNAC Tiziana Raspo et l\u2019\u00e9quipe de France ont \u00e9t\u00e9 \u00e9limin\u00e9es par la Gr\u00e8ce ce jeudi en huiti\u00e8mes de finale (23-9). La faute, notamment, \u00e0 un troisi\u00e8me quart-temps difficile o\u00f9 elles se sont inclin\u00e9es 8-0. Les joueuses de Lucas Heurtier disputeront cependant un match de classement ce samedi (6\u00a0h\u00a010) pour les places de 9 \u00e0 12. Ce sera face aux Chinoises, battues\u00a0ce jeudi par l\u2019Italie (13-11).<\/p>\n","protected":false},"excerpt":{"rendered":"Actuellement aux championnats du monde \u00e0 Singapour, la polo\u00efste du GNAC Tiziana Raspo et l\u2019\u00e9quipe de France ont&hellip;\n","protected":false},"author":2,"featured_media":256509,"comment_status":"","ping_status":"","sticky":false,"template":"","format":"standard","meta":{"footnotes":""},"categories":[9635],"tags":[1111,11,1704,1777,674,1011,27,775,1702,1703,12,25,517,1700,7488],"class_list":{"0":"post-256508","1":"post","2":"type-post","3":"status-publish","4":"format-standard","5":"has-post-thumbnail","7":"category-nancy","8":"tag-actu","9":"tag-actualites","10":"tag-edition-nancy-et-agglomeration","11":"tag-eu","12":"tag-europe","13":"tag-fr","14":"tag-france","15":"tag-grand-est","16":"tag-nancy","17":"tag-nancy-ville-54b","18":"tag-news","19":"tag-republique-francaise","20":"tag-sport","21":"tag-sport-lorrain","22":"tag-water-polo"},"share_on_mastodon":{"url":"https:\/\/pubeurope.com\/@fr\/114874610022331749","error":""},"_links":{"self":[{"href":"https:\/\/www.europesays.com\/fr\/wp-json\/wp\/v2\/posts\/256508","targetHints":{"allow":["GET"]}}],"collection":[{"href":"https:\/\/www.europesays.com\/fr\/wp-json\/wp\/v2\/posts"}],"about":[{"href":"https:\/\/www.europesays.com\/fr\/wp-json\/wp\/v2\/types\/post"}],"author":[{"embeddable":true,"href":"https:\/\/www.europesays.com\/fr\/wp-json\/wp\/v2\/users\/2"}],"replies":[{"embeddable":true,"href":"https:\/\/www.europesays.com\/fr\/wp-json\/wp\/v2\/comments?post=256508"}],"version-history":[{"count":0,"href":"https:\/\/www.europesays.com\/fr\/wp-json\/wp\/v2\/posts\/256508\/revisions"}],"wp:featuredmedia":[{"embeddable":true,"href":"https:\/\/www.europesays.com\/fr\/wp-json\/wp\/v2\/media\/256509"}],"wp:attachment":[{"href":"https:\/\/www.europesays.com\/fr\/wp-json\/wp\/v2\/media?parent=256508"}],"wp:term":[{"taxonomy":"category","embeddable":true,"href":"https:\/\/www.europesays.com\/fr\/wp-json\/wp\/v2\/categories?post=256508"},{"taxonomy":"post_tag","embeddable":true,"href":"https:\/\/www.europesays.com\/fr\/wp-json\/wp\/v2\/tags?post=256508"}],"curies":[{"name":"wp","href":"https:\/\/api.w.org\/{rel}","templated":true}]}}