{"id":256510,"date":"2025-07-18T14:03:11","date_gmt":"2025-07-18T14:03:11","guid":{"rendered":"https:\/\/www.europesays.com\/fr\/256510\/"},"modified":"2025-07-18T14:03:11","modified_gmt":"2025-07-18T14:03:11","slug":"la-baisse-de-subvention-serait-elle-due-a-des-querelles-politiques-a-la-seyne-cette-association-qui-protege-les-femmes-en-grande-detresse-sinterroge","status":"publish","type":"post","link":"https:\/\/www.europesays.com\/fr\/256510\/","title":{"rendered":"La baisse de subvention serait-elle due \u00e0 des \u00ab\u00a0querelles politiques\u00a0\u00bb \u00e0 La Seyne? Cette association qui prot\u00e8ge les femmes en grande d\u00e9tresse s&rsquo;interroge"},"content":{"rendered":"<p>Ouverte en septembre 2021 dans un appartement situ\u00e9 sur l\u2019avenue du Dr. Mazen, <strong>la Maison r\u00e9gionale des Femmes Fran\u00e7oise Giroud<\/strong> est un lieu destin\u00e9 \u00e0 accueillir et \u00e0 mettre \u00e0 l\u2019abri les femmes victimes de violences intrafamiliales, leur assurant une s\u00e9curit\u00e9 physique, morale, administrative et sociale. Elle est g\u00e9r\u00e9e par AFL Transition, association sp\u00e9cialis\u00e9e dans ce domaine. Sa directrice Nathalie Rocailleux monte aujourd\u2019hui au cr\u00e9neau pour d\u00e9noncer la baisse de la subvention municipale.<\/p>\n<p>En 2021, la Ville avait vers\u00e9 une subvention de <strong>30.000 euros<\/strong> pour lancer le projet. De 2022 \u00e0 2024, le montant est pass\u00e9 \u00e0 <strong>18.000 euros<\/strong>. \u00ab\u00a0Cette ann\u00e9e, nous n\u2019aurons que<strong> 6.000 euros<\/strong>, indique Nathalie Rocailleux. Quand j\u2019en ai eu connaissance de cette somme, au printemps dernier, j\u2019ai demand\u00e9 \u00e0 \u00eatre re\u00e7ue par Mme Bicais, puis par M. Minniti. Mais je n\u2019ai pas eu de r\u00e9ponse\u00a0\u00bb.<\/p>\n<p>L\u2019efficacit\u00e9 est \u00ab\u00a0d\u00e9montr\u00e9e\u00a0\u00bb<\/p>\n<p>La directrice fait part de son incompr\u00e9hension: \u00ab\u00a0En 2024, nous avons accompagn\u00e9 <strong>743 victimes<\/strong> (contre 730 l\u2019ann\u00e9e pr\u00e9c\u00e9dente), r\u00e9alis\u00e9 <strong>1.872 actes<\/strong> (contre 1.480 en 2023), effectu\u00e9 <strong>108<\/strong> mises \u00e0 l\u2019abri (contre 82 en 2023) et distribu\u00e9 <strong>127<\/strong> boutons d\u2019alerte connect\u00e9s. J\u2019ajoute que <strong>74%<\/strong> des saisines de la Caf dans le Var pour des femmes victimes de violences intrafamiliales \u00e9manent de la Maison Fran\u00e7oise Giroud\u00a0\u00bb.<\/p>\n<p>Faute d\u2019explications, Nathalie Rocailleux s\u2019interroge: \u00ab\u00a0Puisque la structure a d\u00e9montr\u00e9 son efficacit\u00e9, on se demande si la baisse de la subvention ne serait pas une cons\u00e9quence du conflit entre les \u00e9lus municipaux\u00a0\u00bb. On se souvient que le projet avait \u00e9t\u00e9 port\u00e9 par Jean-Pierre Colin qui, en tant que vice-pr\u00e9sident de la R\u00e9gion et 1er adjoint au maire d\u00e9l\u00e9gu\u00e9 \u00e0 la condition f\u00e9minine jusqu\u2019en 2022, s\u2019\u00e9tait impliqu\u00e9 personnellement pour lancer le projet. \u00ab\u00a0S\u2019agit-il de querelles politiques qui ne nous regardent pas et qui n\u2019ont rien \u00e0 voir avec l\u2019int\u00e9r\u00eat g\u00e9n\u00e9ral et celui des femmes en danger de mort?\u00a0\u00bb, questionne la directrice.<\/p>\n<p>                                Des d\u00e9penses incompressibles <\/p>\n<p>Toujours est-il que, selon Nathalie Rocailleux, la subvention municipale est \u00ab\u00a0vitale\u00a0\u00bb pour l\u2019activit\u00e9 de la structure qui compte trois salari\u00e9s (un charg\u00e9 d\u2019accueil, un \u00e9ducateur sp\u00e9cialis\u00e9 et un psychologue), \u00ab\u00a0auxquels s\u2019ajoutent le p\u00f4le ressources avec la direction g\u00e9n\u00e9rale, la comptabilit\u00e9 et les ressources humaines. Il faut aussi s\u2019acquitter du loyer (<strong>1.000 euros<\/strong> par mois) et de la r\u00e9mun\u00e9ration des intervenants ext\u00e9rieurs (commissaire aux comptes, expert comptable, avocat\u2026). Ce qui n\u00e9cessite un budget de <strong>167.000 euros<\/strong> par an\u00a0\u00bb. Un budget abond\u00e9 par la R\u00e9gion (<strong>40.000 euros<\/strong>), la Caf (<strong>18.000 euros<\/strong>) et des partenaires priv\u00e9s.<\/p>\n<p>\u00ab\u00a0Si on doit se s\u00e9parer d\u2019intervenants faute de moyens, notre action compl\u00e8te ne pourra \u00eatre men\u00e9e correctement car il manquera un ou plusieurs maillons dans la proc\u00e9dure. Et en pareil cas, les victimes pourront se retrouver \u00e0 nouveau en danger\u00a0\u00bb, estime Nathalie Rocailleux. Dans ces conditions, elle envisage de se tourner vers la R\u00e9gion qui est \u00e0 l\u2019intiative du projet et aupr\u00e8s de qui elle \u00ab\u00a0va solliciter une convention de partenariat financier permettant de p\u00e9r\u00e9niser la structure sur au moins cinq ans. Mais rien ne garantit qu\u2019une suite favorable sera donn\u00e9e\u00a0\u00bb, confie la directrice qui fait part de son inqui\u00e9tude sur l\u2019avenir de la Maison Fran\u00e7oise Giroud.<\/p>\n<p>            Les r\u00e9ponses du maire Jo Minniti<\/p>\n<p>Interrog\u00e9 sur la baisse de la dotation municipale accord\u00e9e \u00e0 la Maison Fran\u00e7oise Giroud, le premier magistrat Jo Minniti pr\u00e9cise d\u2019embl\u00e9e que ce n\u2019est lui qui a pris cette d\u00e9cision puisque \u00ab\u00a0la subvention a \u00e9t\u00e9 vot\u00e9e au printemps alors que je n\u2019\u00e9tais pas maire\u00a0\u00bb. Cela \u00e9tant, il souligne que, \u00ab\u00a0comme son nom l\u2019indique, il s\u2019agit d\u2019un \u00e9quipement \u00ab\u00a0r\u00e9gional\u00a0\u00bb, financ\u00e9 en grande partie par la R\u00e9gion, et qui fonctionne de mani\u00e8re r\u00e9gionale puisqu\u2019il n\u2019accueille pas que des personnes de La Seyne, mais aussi des communes alentours. Or la Ville a fait le choix d\u2019intervenir en priorit\u00e9 pour les Seynois. C\u2019est la raison pour laquelle elle a fait l\u2019acquisition, fin 2021, d\u2019un logement d\u2019urgence mis \u00e0 la disposition des Seynoises qui en ont besoin. Dans cet esprit, un deuxi\u00e8me logement a \u00e9t\u00e9 acquis dans le centre-ville ; on est en train de le r\u00e9nover et il sera lui aussi mis \u00e0 disposition d\u00e8s que les travaux seront achev\u00e9s\u00a0\u00bb.<\/p>\n<p>\u00ab\u00a0C\u2019est donc une r\u00e9orientation du budget consacr\u00e9 \u00e0 la Maison r\u00e9gionale Fran\u00e7oise Giroud qui a \u00e9t\u00e9 op\u00e9r\u00e9e, poursuit Jo Minniti, sachant que la cause des femmes en grande d\u00e9tresse, la Ville la partage puisqu\u2019elle investit dans ce sens. Et au bout du compte, les deux appartements et les travaux engag\u00e9s co\u00fbtent plus cher \u00e0 la commune que le montant de la subvention. A cet \u00e9gard, ce sont au total 90 000 euros de subvention qui ont \u00e9t\u00e9 accord\u00e9s par la Ville \u00e0 la Maison Fran\u00e7oise Giroud depuis le d\u00e9but\u00a0\u00bb.<\/p>\n<p>\u00ab\u00a0Ce n\u2019est pas une d\u00e9cision politique\u00a0\u00bb<\/p>\n<p>De plus, estime le maire, \u00ab\u00a0rien ne montre qu\u2019un manque de 12.000 euros \u00e0 l\u2019ann\u00e9e obligera la structure \u00e0 liquider son personnel. Il semble aussi que la R\u00e9gion, qui porte le projet, pourrait sans doute financer davantage que nous qui avons peu de marge de man\u0153uvre budg\u00e9taire\u00a0\u00bb.<\/p>\n<p>Par ailleurs, montrant des courriers internes, Jo Minniti indique que \u00ab\u00a0les services de la Ville m\u2019ont fait savoir que les \u00e9lus ont \u00e9t\u00e9 inform\u00e9s de quelques dysfonctionnements concernant cette Maison. Un &lsquo;manque de lisibilit\u00e9 de l\u2019action&rsquo; a \u00e9t\u00e9 point\u00e9, ainsi qu\u2019&rsquo;un manque de collaboration avec le CLSPD&rsquo; (Conseil local de s\u00e9curit\u00e9 et de pr\u00e9vention de la d\u00e9linquance) qui \u00e9tait pourtant pr\u00e9vu au d\u00e9part. Je ne peux pas dire si cela a pes\u00e9 dans le choix qui a \u00e9t\u00e9 fait, mais c\u2019est un fait\u00a0\u00bb.<\/p>\n<p>En revanche, le maire r\u00e9fute l\u2019id\u00e9e d\u2019une \u00ab\u00a0d\u00e9cision politique\u00a0\u00bb: \u00ab\u00a0A ma connaissance, ce n\u2019est pas le cas, d\u2019autant que toutes les subventions aux associations ont \u00e9t\u00e9 r\u00e9duites pour des questions budg\u00e9taires\u00a0\u00bb.<\/p>\n<p>Jo Minniti indique enfin ne \u00ab\u00a0pas avoir \u00e9t\u00e9 inform\u00e9 de la demande d\u2019entretien\u00a0\u00bb formul\u00e9e par Nathalie Rocailleux. \u00ab\u00a0Mais je suis pr\u00eat \u00e0 la recevoir comme je re\u00e7ois tous ceux qui en font la demande\u00a0\u00bb, conclut-il.<\/p>\n","protected":false},"excerpt":{"rendered":"Ouverte en septembre 2021 dans un appartement situ\u00e9 sur l\u2019avenue du Dr. Mazen, la Maison r\u00e9gionale des Femmes&hellip;\n","protected":false},"author":2,"featured_media":256511,"comment_status":"","ping_status":"","sticky":false,"template":"","format":"standard","meta":{"footnotes":""},"categories":[9619],"tags":[1111,11,1777,674,1011,27,12,882,25,2310,1631],"class_list":{"0":"post-256510","1":"post","2":"type-post","3":"status-publish","4":"format-standard","5":"has-post-thumbnail","7":"category-toulon","8":"tag-actu","9":"tag-actualites","10":"tag-eu","11":"tag-europe","12":"tag-fr","13":"tag-france","14":"tag-news","15":"tag-provence-alpes-cote-dazur","16":"tag-republique-francaise","17":"tag-toulon","18":"tag-vie-associative"},"share_on_mastodon":{"url":"https:\/\/pubeurope.com\/@fr\/114874613936842060","error":""},"_links":{"self":[{"href":"https:\/\/www.europesays.com\/fr\/wp-json\/wp\/v2\/posts\/256510","targetHints":{"allow":["GET"]}}],"collection":[{"href":"https:\/\/www.europesays.com\/fr\/wp-json\/wp\/v2\/posts"}],"about":[{"href":"https:\/\/www.europesays.com\/fr\/wp-json\/wp\/v2\/types\/post"}],"author":[{"embeddable":true,"href":"https:\/\/www.europesays.com\/fr\/wp-json\/wp\/v2\/users\/2"}],"replies":[{"embeddable":true,"href":"https:\/\/www.europesays.com\/fr\/wp-json\/wp\/v2\/comments?post=256510"}],"version-history":[{"count":0,"href":"https:\/\/www.europesays.com\/fr\/wp-json\/wp\/v2\/posts\/256510\/revisions"}],"wp:featuredmedia":[{"embeddable":true,"href":"https:\/\/www.europesays.com\/fr\/wp-json\/wp\/v2\/media\/256511"}],"wp:attachment":[{"href":"https:\/\/www.europesays.com\/fr\/wp-json\/wp\/v2\/media?parent=256510"}],"wp:term":[{"taxonomy":"category","embeddable":true,"href":"https:\/\/www.europesays.com\/fr\/wp-json\/wp\/v2\/categories?post=256510"},{"taxonomy":"post_tag","embeddable":true,"href":"https:\/\/www.europesays.com\/fr\/wp-json\/wp\/v2\/tags?post=256510"}],"curies":[{"name":"wp","href":"https:\/\/api.w.org\/{rel}","templated":true}]}}