{"id":256520,"date":"2025-07-18T14:10:15","date_gmt":"2025-07-18T14:10:15","guid":{"rendered":"https:\/\/www.europesays.com\/fr\/256520\/"},"modified":"2025-07-18T14:10:15","modified_gmt":"2025-07-18T14:10:15","slug":"pres-de-grenoble-cette-ville-tranquille-va-installer-41-cameras-des-outils-indispensables","status":"publish","type":"post","link":"https:\/\/www.europesays.com\/fr\/256520\/","title":{"rendered":"Pr\u00e8s de Grenoble. Cette \u00ab\u00a0ville tranquille\u00a0\u00bb va installer 41 cam\u00e9ras : \u00ab\u00a0Des outils indispensables\u00a0\u00bb"},"content":{"rendered":"<p>            Par<br \/>\n        <strong><br \/>\n            <a href=\"https:\/\/actu.fr\/auteur\/lisa-rodrigues\" title=\"Consulter tous les articles de Lisa Rodrigues\" target=\"_blank\" rel=\"noopener\">Lisa Rodrigues<\/a><br \/>\n        <\/strong><\/p>\n<p>        Publi\u00e9 le<\/p>\n<p>            18 juil. 2025 \u00e0 15h18        <\/p>\n<p>En bordure de l\u2019agglom\u00e9ration de <a href=\"https:\/\/actu.fr\/auvergne-rhone-alpes\/grenoble_38185\" target=\"_blank\" rel=\"noopener\">Grenoble<\/a> et aux portes du Vercors, Seyssins est une commune relativement \u00e9pargn\u00e9e par les faits divers d\u2019importance. Il n\u2019emp\u00eache, comme beaucoup d\u2019autres petites villes, les <strong>actes d\u2019incivilit\u00e9<\/strong> (abris de bus cass\u00e9s, rod\u00e9os, intrusion ou d\u00e9gradations de b\u00e2timents publics) et les <strong>agressions<\/strong> sont de plus en plus fr\u00e9quents.\u00a0<br \/>\u00ab\u00a0On a beau \u00eatre une ville calme et tranquille, il y a des ph\u00e9nom\u00e8nes qui perturbent la tranquillit\u00e9 des quartiers\u00a0\u00bb, explique Fabrice Hugel\u00e9, maire de la commune, \u00e0 la r\u00e9daction. Pour contrer ce probl\u00e8me, la municipalit\u00e9 va se doter d\u2019un \u00ab\u00a0nouvel outil\u00a0\u00bb : la<strong> vid\u00e9oprotection<\/strong>. De z\u00e9ro cam\u00e9ra, la commune <strong>va en installer 41<\/strong> sur divers secteurs.<\/p>\n<p>    <a href=\"https:\/\/www.google.com\/maps\/embed?pb=!1m18!1m12!1m3!1d22507.567307561065!2d5.64906037939799!3d45.15781944848545!2m3!1f0!2f0!3f0!3m2!1i1024!2i768!4f13.1!3m3!1m2!1s0x478a8cd323975747%3A0x408ab2ae4be6650!2sSeyssins!5e0!3m2!1sfr!2sfr!4v1752841876655!5m2!1sfr!2sfr\" title=\"Ouvrie le lien\" target=\"_blank\" rel=\"noopener\">Cliquez ici pour visualiser le contenu<\/a><\/p>\n<p>\u00ab\u00a0On ne peut pas \u00eatre le trou dans la raquette\u00a0\u00bb<\/p>\n<p class=\" wall-content\">L\u2019arriv\u00e9e de cet outil est <strong>n\u00e9cessaire<\/strong>, selon le maire, d\u2019autant que <a href=\"https:\/\/actu.fr\/auvergne-rhone-alpes\/eybens_38158\/pres-de-grenoble-cette-commune-prend-une-mesure-forte-contre-la-delinquance-une-necessite_62697894.html\" target=\"_blank\" rel=\"noopener\">plusieurs communes<\/a> alentour se sont \u00e9quip\u00e9es. \u00ab\u00a0On ne peut pas rester sans cet outil, car on devient la destination de groupes\u00a0\u00bb fuyant les zones sous protection vid\u00e9o.<\/p>\n<blockquote class=\"ac-article-quote wall-content\">\n<p>On ne peut pas \u00eatre le trou dans la raquette. On peut avoir des axes qui sont des lignes de fuite pour certains d\u00e9linquants ou des zones qui peuvent attirer des squats qui, quand ils sont syst\u00e9miques, viennent avec des nuisances sonores pour les riverains, voire des trafics.<\/p>\n<p>    <strong>Fabrice Hugel\u00e9<\/strong><br \/>\n        Maire de Seyssins    <\/p><\/blockquote>\n<p class=\" wall-content\">Mais il n\u2019y a pas que les <a href=\"https:\/\/actu.fr\/auvergne-rhone-alpes\/grenoble_38185\/grenoble-les-chiffres-de-la-delinquance-sont-tombes-et-ils-ne-sont-pas-rejouissants_62428706.html\" target=\"_blank\" rel=\"noopener\">faits de d\u00e9linquance<\/a> : les cam\u00e9ras peuvent aussi \u00eatre utiles pour les \u00ab\u00a0accidents de la circulation ou les malaises\u00a0\u00bb sur la voie publique, ajoute le maire.<\/p>\n<p>Une premi\u00e8re exp\u00e9rimentation concluante<\/p>\n<p class=\" wall-content\">Quand on lui demande pourquoi la vid\u00e9oprotection est install\u00e9e \u00e0 moins d\u2019un an des <a href=\"https:\/\/actu.fr\/tag\/municipales-2026\" target=\"_blank\" rel=\"noopener\">municipales<\/a> sur sa commune, Fabrice Hugel\u00e9 balaie les sous-entendus d\u2019opportunit\u00e9 politique, soulignant une \u00ab\u00a0r\u00e9flexion de longue haleine\u00a0\u00bb. \u00ab\u00a0<a href=\"https:\/\/actu.fr\/auvergne-rhone-alpes\/seyssins_38486\" target=\"_blank\" rel=\"noopener\">Seyssins<\/a> avait m\u00eame des cam\u00e9ras il y a 20 ans. La ville \u00e9tait la premi\u00e8re \u00e0 les installer ! Mais elles \u00e9taient devenues obsol\u00e8tes, alors elles ont \u00e9t\u00e9 retir\u00e9es.\u00a0\u00bb<\/p>\n<p class=\" wall-content\">L\u2019\u00e9lu indique que les premiers diagnostics sur un retour de la vid\u00e9oprotection sont demand\u00e9s en 2017. Il a ensuite fallu attendre les autorisations n\u00e9cessaires pour lancer le projet. \u00ab\u00a0Le travail a \u00e9t\u00e9 valid\u00e9 par le r\u00e9f\u00e9rent s\u00fbret\u00e9 de la gendarmerie en 2023.\u00a0\u00bb\u00a0<\/p>\n<p class=\" wall-content\">Une exp\u00e9rimentation de deux ans est ensuite op\u00e9r\u00e9e pour d\u00e9montrer \u00ab\u00a0l\u2019utilit\u00e9\u00a0\u00bb de l\u2019outil. Des <strong>cam\u00e9ras mobiles<\/strong> sont install\u00e9es au niveau du Prisme, la salle de spectacle de la commune, o\u00f9 \u00ab\u00a0on a eu plusieurs tentatives d\u2019incendie\u00a0\u00bb. Gr\u00e2ce aux images enregistr\u00e9es, les jeunes pyromanes ont \u00e9t\u00e9 identifi\u00e9s. Ils ont \u00e9cop\u00e9 d\u2019un rappel \u00e0 la loi et de travaux d\u2019int\u00e9r\u00eat g\u00e9n\u00e9ral.\u00a0<\/p>\n<p>O\u00f9 seront les cam\u00e9ras ?<\/p>\n<p class=\" wall-content\">Face \u00e0 ces bons r\u00e9sultats, le conseil municipal donne le feu vert pour l\u2019installation d\u2019une vid\u00e9oprotection fixe. Les travaux de la premi\u00e8re tranche (23 cam\u00e9ras) vont d\u00e9marrer \u00e0 la rentr\u00e9e, pour une <strong>mise en service pr\u00e9vue avant No\u00ebl 2025<\/strong> et un co\u00fbt total de <strong>295 000\u20ac TTC<\/strong>.<\/p>\n<p class=\" wall-content\">Dans le d\u00e9tail, 15 cam\u00e9ras seront situ\u00e9es dans le secteur du Prisme et du terminus de la ligne de tram C et huit seront autour du stade et des rues Louis-Armand et du Dauphin\u00e9.<\/p>\n<p class=\" wall-content\">La deuxi\u00e8me tranche (18 cam\u00e9ras) sera install\u00e9e en 2026 dans le quartier de la mairie, sur le carrefour de l\u2019avenue de Grenoble, vers les Garlettes et au niveau du Rondeau. Le co\u00fbt de cette tranche est estim\u00e9e aujourd\u2019hui \u00e0 <strong>120 000\u20ac<\/strong>.<\/p>\n<p>Coop\u00e9ration avec la justice<\/p>\n<p class=\" wall-content\">Et le maire insiste bien, ce n\u2019est pas de la vid\u00e9osurveillance. \u00ab\u00a0On enregistre les images et on les ressort uniquement sur r\u00e9quisition du procureur. <strong>Personne ne regarde les images<\/strong>, on n\u2019a pas de PC de surveillance !\u00a0\u00bb Car les cam\u00e9ras sont aussi vues comme des \u00ab\u00a0outils indispensables pour travailler avec la justice et les forces de l\u2019ordre, et pour \u00e9lucider certains faits\u00a0\u00bb.<\/p>\n<p class=\" wall-content\">\u00ab\u00a0Mais ce n\u2019est pas une mesure unique, souligne l\u2019\u00e9dile. Avant \u00e7a, on a d\u00e9ploy\u00e9 des moyens de pr\u00e9sence humaine sur le terrain, des m\u00e9diateurs et des services publics\u00a0\u00bb, notamment avec la police pluri-communale partag\u00e9e avec la ville voisine de <a href=\"https:\/\/actu.fr\/auvergne-rhone-alpes\/seyssinet-pariset_38485\" target=\"_blank\" rel=\"noopener\">Seyssinet-Pariset<\/a>.<\/p>\n<p class=\" wall-content\">\u00ab\u00a0M\u00eame si, d\u2019apr\u00e8s les statistiques, le nombre de faits divers \u00e0 Seyssins est moins important que d\u2019autres communes, on a <strong>l\u2019obligation de traiter ces ph\u00e9nom\u00e8nes<\/strong>\u00ab\u00a0, conclut Fabrice Hugel\u00e9.<\/p>\n<p class=\" wall-content\">Suivez toute l\u2019actualit\u00e9 de vos villes et m\u00e9dias favoris en vous inscrivant \u00e0 <a href=\"https:\/\/moncompte.actu.fr\" title=\"D\u00e9couvez Mon Actu\" rel=\"nofollow noopener\" data-trk=\"{&quot;cta&quot;:{&quot;action&quot;:&quot;https:\\\/\\\/moncompte.actu.fr&quot;,&quot;category&quot;:&quot;mon compte&quot;,&quot;from&quot;:&quot;article footer&quot;,&quot;name&quot;:&quot;Mon actu&quot;,&quot;type&quot;:&quot;cta&quot;}}\" target=\"_blank\">Mon Actu<\/a>.<\/p>\n","protected":false},"excerpt":{"rendered":"Par Lisa Rodrigues Publi\u00e9 le 18 juil. 2025 \u00e0 15h18 En bordure de l\u2019agglom\u00e9ration de Grenoble et aux&hellip;\n","protected":false},"author":2,"featured_media":256521,"comment_status":"","ping_status":"","sticky":false,"template":"","format":"standard","meta":{"footnotes":""},"categories":[9566],"tags":[1111,11,2430,1777,674,1011,27,2731,2825,12,1072,25,104,10819],"class_list":{"0":"post-256520","1":"post","2":"type-post","3":"status-publish","4":"format-standard","5":"has-post-thumbnail","7":"category-grenoble","8":"tag-actu","9":"tag-actualites","10":"tag-auvergne-rhone-alpes","11":"tag-eu","12":"tag-europe","13":"tag-fr","14":"tag-france","15":"tag-grenoble","16":"tag-insecurite","17":"tag-news","18":"tag-police","19":"tag-republique-francaise","20":"tag-societe","21":"tag-videoprotection"},"share_on_mastodon":{"url":"https:\/\/pubeurope.com\/@fr\/114874641462508694","error":""},"_links":{"self":[{"href":"https:\/\/www.europesays.com\/fr\/wp-json\/wp\/v2\/posts\/256520","targetHints":{"allow":["GET"]}}],"collection":[{"href":"https:\/\/www.europesays.com\/fr\/wp-json\/wp\/v2\/posts"}],"about":[{"href":"https:\/\/www.europesays.com\/fr\/wp-json\/wp\/v2\/types\/post"}],"author":[{"embeddable":true,"href":"https:\/\/www.europesays.com\/fr\/wp-json\/wp\/v2\/users\/2"}],"replies":[{"embeddable":true,"href":"https:\/\/www.europesays.com\/fr\/wp-json\/wp\/v2\/comments?post=256520"}],"version-history":[{"count":0,"href":"https:\/\/www.europesays.com\/fr\/wp-json\/wp\/v2\/posts\/256520\/revisions"}],"wp:featuredmedia":[{"embeddable":true,"href":"https:\/\/www.europesays.com\/fr\/wp-json\/wp\/v2\/media\/256521"}],"wp:attachment":[{"href":"https:\/\/www.europesays.com\/fr\/wp-json\/wp\/v2\/media?parent=256520"}],"wp:term":[{"taxonomy":"category","embeddable":true,"href":"https:\/\/www.europesays.com\/fr\/wp-json\/wp\/v2\/categories?post=256520"},{"taxonomy":"post_tag","embeddable":true,"href":"https:\/\/www.europesays.com\/fr\/wp-json\/wp\/v2\/tags?post=256520"}],"curies":[{"name":"wp","href":"https:\/\/api.w.org\/{rel}","templated":true}]}}