{"id":256522,"date":"2025-07-18T14:11:24","date_gmt":"2025-07-18T14:11:24","guid":{"rendered":"https:\/\/www.europesays.com\/fr\/256522\/"},"modified":"2025-07-18T14:11:24","modified_gmt":"2025-07-18T14:11:24","slug":"grenoble-un-vetetiste-de-55-ans-gravement-blesse-sur-une-piste-de-descente-des-deux-alpes","status":"publish","type":"post","link":"https:\/\/www.europesays.com\/fr\/256522\/","title":{"rendered":"Grenoble. Un v\u00e9t\u00e9tiste de 55 ans gravement bless\u00e9 sur une piste de descente des Deux-Alpes"},"content":{"rendered":"<p>Les secouristes de la CRS Alpes, de la S\u00e9curit\u00e9 civile et du Samu ont port\u00e9 assistance ce jeudi \u00e0 un v\u00e9t\u00e9tiste de 55 ans qui venait de chuter sur une piste de descente des Deux-Alpes. Victime d\u2019un grave traumatisme dorsal, l\u2019homme a \u00e9t\u00e9 m\u00e9dicalis\u00e9 avant d\u2019\u00eatre h\u00e9liport\u00e9 au CHU Grenoble Alpes o\u00f9 il a \u00e9t\u00e9 admis au service d\u00e9chocage.<\/p>\n<p>Par ailleurs, les m\u00eames \u00e9quipes se sont rendues sur la commune d\u2019Ancelle (Hautes-Alpes) pour secourir une randonneuse de 62 ans victime d\u2019une fracture de jambe. Une autre v\u00e9t\u00e9tiste \u00e2g\u00e9e de 66 ans a \u00e9t\u00e9 secourue dans l\u2019apr\u00e8s-midi dans le secteur d\u2019Autrans pour une blessure \u00e0 une jambe.<\/p>\n","protected":false},"excerpt":{"rendered":"Les secouristes de la CRS Alpes, de la S\u00e9curit\u00e9 civile et du Samu ont port\u00e9 assistance ce jeudi&hellip;\n","protected":false},"author":2,"featured_media":256523,"comment_status":"","ping_status":"","sticky":false,"template":"","format":"standard","meta":{"footnotes":""},"categories":[9566],"tags":[119,1111,11,2430,113,1777,674,274,1795,1011,27,2731,108,20385,12,20647,25],"class_list":{"0":"post-256522","1":"post","2":"type-post","3":"status-publish","4":"format-standard","5":"has-post-thumbnail","7":"category-grenoble","8":"tag-accident","9":"tag-actu","10":"tag-actualites","11":"tag-auvergne-rhone-alpes","12":"tag-edition-gresivaudan-oisans","13":"tag-eu","14":"tag-europe","15":"tag-faits-divers-justice","16":"tag-fil-web","17":"tag-fr","18":"tag-france","19":"tag-grenoble","20":"tag-isere","21":"tag-les-deux-alpes","22":"tag-news","23":"tag-oisans","24":"tag-republique-francaise"},"share_on_mastodon":{"url":"https:\/\/pubeurope.com\/@fr\/114874645435447113","error":""},"_links":{"self":[{"href":"https:\/\/www.europesays.com\/fr\/wp-json\/wp\/v2\/posts\/256522","targetHints":{"allow":["GET"]}}],"collection":[{"href":"https:\/\/www.europesays.com\/fr\/wp-json\/wp\/v2\/posts"}],"about":[{"href":"https:\/\/www.europesays.com\/fr\/wp-json\/wp\/v2\/types\/post"}],"author":[{"embeddable":true,"href":"https:\/\/www.europesays.com\/fr\/wp-json\/wp\/v2\/users\/2"}],"replies":[{"embeddable":true,"href":"https:\/\/www.europesays.com\/fr\/wp-json\/wp\/v2\/comments?post=256522"}],"version-history":[{"count":0,"href":"https:\/\/www.europesays.com\/fr\/wp-json\/wp\/v2\/posts\/256522\/revisions"}],"wp:featuredmedia":[{"embeddable":true,"href":"https:\/\/www.europesays.com\/fr\/wp-json\/wp\/v2\/media\/256523"}],"wp:attachment":[{"href":"https:\/\/www.europesays.com\/fr\/wp-json\/wp\/v2\/media?parent=256522"}],"wp:term":[{"taxonomy":"category","embeddable":true,"href":"https:\/\/www.europesays.com\/fr\/wp-json\/wp\/v2\/categories?post=256522"},{"taxonomy":"post_tag","embeddable":true,"href":"https:\/\/www.europesays.com\/fr\/wp-json\/wp\/v2\/tags?post=256522"}],"curies":[{"name":"wp","href":"https:\/\/api.w.org\/{rel}","templated":true}]}}