{"id":256524,"date":"2025-07-18T14:12:59","date_gmt":"2025-07-18T14:12:59","guid":{"rendered":"https:\/\/www.europesays.com\/fr\/256524\/"},"modified":"2025-07-18T14:12:59","modified_gmt":"2025-07-18T14:12:59","slug":"a-rennes-cet-evenement-avait-rencontre-un-franc-succes-il-est-de-retour","status":"publish","type":"post","link":"https:\/\/www.europesays.com\/fr\/256524\/","title":{"rendered":"\u00c0 Rennes, cet \u00e9v\u00e9nement avait rencontr\u00e9 un franc succ\u00e8s : il est de retour"},"content":{"rendered":"<p>            Par<br \/>\n        <strong><br \/>\n            <a href=\"https:\/\/actu.fr\/auteur\/brian-legoff\" title=\"Consulter tous les articles de Brian Le Goff\" rel=\"nofollow noopener\" target=\"_blank\">Brian Le Goff<\/a><br \/>\n        <\/strong><\/p>\n<p>        Publi\u00e9 le<\/p>\n<p>            15 juil. 2025 \u00e0 8h02        <\/p>\n<p><strong>Ambiance festive, musique entra\u00eenante et dress code rouge et blanc\u2009:<\/strong> les F\u00e9rias font leur grand retour \u00e0 <a href=\"https:\/\/actu.fr\/rennes\/\" rel=\"nofollow noopener\" target=\"_blank\">Rennes<\/a> pour une seconde \u00e9dition haute en couleur, ce samedi 19\u00a0juillet 2025, au parc des Gayeulles.<\/p>\n<p class=\" wall-content\">Organis\u00e9e \u00e0 la guinguette du Parc des Bois, cette journ\u00e9e promet de <strong>transporter les Rennais tout droit dans le Sud-Ouest,<\/strong> au c\u0153ur de l\u2019esprit festif des f\u00e9rias. Au programme\u2009: animations musicales, taureau m\u00e9canique, Pe\u00f1a et convivialit\u00e9 au bord de l\u2019\u00e9tang.<\/p>\n<p>Fanfare, DJ set, Pe\u00f1a, taureau m\u00e9canique\u2026<\/p>\n<p class=\" wall-content\">C\u00f4t\u00e9 musique, la <strong>fanfare La GangRennes<\/strong> ouvrira les festivit\u00e9s avec son \u00e9nergie d\u00e9bordante et ses rythmes endiabl\u00e9s. Puis, place au<strong> DJ Arnofantomas<\/strong>, qui fera r\u00e9sonner les plus grands classiques des f\u00e9rias pour prolonger l\u2019ambiance jusque dans la soir\u00e9e.<\/p>\n<p class=\" wall-content\">Les traditionnelles Pe\u00f1a (sorte de chor\u00e9graphie o\u00f9 une partie du public est assis, jambes \u00e9cart\u00e9es, les uns derri\u00e8re les autres et porte d\u2019autres personnes par-dessus eux) auront pour <strong>\u00ab\u2009mission d\u2019entourer enti\u00e8rement l\u2019\u00e9tang des Gayeulles\u2009\u00bb<\/strong>, pour une immersion totale.<\/p>\n<p class=\" wall-content\">Autre attraction phare de l\u2019\u00e9v\u00e9nement\u2009: un <strong>taureau m\u00e9canique,<\/strong> accessible pendant toute la dur\u00e9e de la f\u00eate, pour les amateurs de d\u00e9fi et de fun.<\/p>\n<p>Vid\u00e9os : en ce moment sur Actu<\/p>\n<p class=\" wall-content\">Le dress code rouge et blanc est fortement recommand\u00e9 pour plonger pleinement dans l\u2019ambiance. Et pour se rafra\u00eechir, la buvette proposera<strong> sangria, planteur et autres boissons fra\u00eeches.<\/strong><\/p>\n<p>Nouveaut\u00e9s cette ann\u00e9e<\/p>\n<p class=\" wall-content\">La guinguette installera un jeu d\u2019adresse avec une<strong> structure gonflable<\/strong>. Un <strong>food truck de confiseries<\/strong> est \u00e9galement pr\u00e9vu.<\/p>\n<p>Rendez-vous samedi 19\u00a0juillet de 16\u2009h \u00e0 23\u2009h \u00e0 la guinguette du Parc des Bois, au parc des Gayeulles. Un \u00e9v\u00e9nement gratuit et ouvert \u00e0 toutes et tous.<\/p>\n<p class=\" wall-content\">Suivez toute l\u2019actualit\u00e9 de vos villes et m\u00e9dias favoris en vous inscrivant \u00e0 <a href=\"https:\/\/moncompte.actu.fr\" title=\"D\u00e9couvez Mon Actu\" rel=\"nofollow noopener\" data-trk=\"{&quot;cta&quot;:{&quot;action&quot;:&quot;https:\\\/\\\/moncompte.actu.fr&quot;,&quot;category&quot;:&quot;mon compte&quot;,&quot;from&quot;:&quot;article footer&quot;,&quot;name&quot;:&quot;Mon actu&quot;,&quot;type&quot;:&quot;cta&quot;}}\" target=\"_blank\">Mon Actu<\/a>.<\/p>\n<ul class=\"ac-article-tag wall-content\">\n<li><a href=\"https:\/\/actu.fr\/tag\/animations\" data-trk=\"{&quot;cta&quot;:{&quot;action&quot;:&quot;Animations&quot;,&quot;category&quot;:&quot;tag&quot;,&quot;from&quot;:&quot;article footer&quot;,&quot;name&quot;:&quot;Animations&quot;,&quot;type&quot;:&quot;cta&quot;}}\" rel=\"nofollow noopener\" target=\"_blank\">#Animations<\/a><\/li>\n<li><a href=\"https:\/\/actu.fr\/tag\/fetes-de-bayonne\" data-trk=\"{&quot;cta&quot;:{&quot;action&quot;:&quot;F\\u00eates de Bayonne&quot;,&quot;category&quot;:&quot;tag&quot;,&quot;from&quot;:&quot;article footer&quot;,&quot;name&quot;:&quot;F\\u00eates de Bayonne&quot;,&quot;type&quot;:&quot;cta&quot;}}\" rel=\"nofollow noopener\" target=\"_blank\">#F\u00eates de Bayonne<\/a><\/li>\n<\/ul>\n","protected":false},"excerpt":{"rendered":"Par Brian Le Goff Publi\u00e9 le 15 juil. 2025 \u00e0 8h02 Ambiance festive, musique entra\u00eenante et dress code&hellip;\n","protected":false},"author":2,"featured_media":256525,"comment_status":"","ping_status":"","sticky":false,"template":"","format":"standard","meta":{"footnotes":""},"categories":[2821],"tags":[1111,11,1063,829,1777,674,39648,1011,27,1652,12,584,25],"class_list":{"0":"post-256524","1":"post","2":"type-post","3":"status-publish","4":"format-standard","5":"has-post-thumbnail","7":"category-rennes","8":"tag-actu","9":"tag-actualites","10":"tag-animations","11":"tag-bretagne","12":"tag-eu","13":"tag-europe","14":"tag-fetes-de-bayonne","15":"tag-fr","16":"tag-france","17":"tag-loisirs-culture","18":"tag-news","19":"tag-rennes","20":"tag-republique-francaise"},"share_on_mastodon":{"url":"https:\/\/pubeurope.com\/@fr\/114874653282999171","error":""},"_links":{"self":[{"href":"https:\/\/www.europesays.com\/fr\/wp-json\/wp\/v2\/posts\/256524","targetHints":{"allow":["GET"]}}],"collection":[{"href":"https:\/\/www.europesays.com\/fr\/wp-json\/wp\/v2\/posts"}],"about":[{"href":"https:\/\/www.europesays.com\/fr\/wp-json\/wp\/v2\/types\/post"}],"author":[{"embeddable":true,"href":"https:\/\/www.europesays.com\/fr\/wp-json\/wp\/v2\/users\/2"}],"replies":[{"embeddable":true,"href":"https:\/\/www.europesays.com\/fr\/wp-json\/wp\/v2\/comments?post=256524"}],"version-history":[{"count":0,"href":"https:\/\/www.europesays.com\/fr\/wp-json\/wp\/v2\/posts\/256524\/revisions"}],"wp:featuredmedia":[{"embeddable":true,"href":"https:\/\/www.europesays.com\/fr\/wp-json\/wp\/v2\/media\/256525"}],"wp:attachment":[{"href":"https:\/\/www.europesays.com\/fr\/wp-json\/wp\/v2\/media?parent=256524"}],"wp:term":[{"taxonomy":"category","embeddable":true,"href":"https:\/\/www.europesays.com\/fr\/wp-json\/wp\/v2\/categories?post=256524"},{"taxonomy":"post_tag","embeddable":true,"href":"https:\/\/www.europesays.com\/fr\/wp-json\/wp\/v2\/tags?post=256524"}],"curies":[{"name":"wp","href":"https:\/\/api.w.org\/{rel}","templated":true}]}}