{"id":256528,"date":"2025-07-18T14:15:28","date_gmt":"2025-07-18T14:15:28","guid":{"rendered":"https:\/\/www.europesays.com\/fr\/256528\/"},"modified":"2025-07-18T14:15:28","modified_gmt":"2025-07-18T14:15:28","slug":"toute-lactu-top-music-strasbourg-durcit-les-sanctions-contre-la-pollution-urbaine","status":"publish","type":"post","link":"https:\/\/www.europesays.com\/fr\/256528\/","title":{"rendered":"Toute l&rsquo;actu Top Music &#8211; Strasbourg durcit les sanctions contre la pollution urbaine"},"content":{"rendered":"<p><img decoding=\"async\" class=\"\" style=\"width:100%\" src=\"https:\/\/www.europesays.com\/fr\/wp-content\/uploads\/2025\/07\/d_chets1752832523600.webp.webp\" alt=\"Strasbourg durcit les sanctions contre la pollution urbaine\"\/><\/p>\n<p>Strasbourg durcit les sanctions contre la pollution urbaine<\/p>\n<p>Cr\u00e9dit : Lucie Jacquemin<\/p>\n<p><strong>Pr\u00e9venir \u2013 Traiter \u2013 Sanctionner<\/strong>, c\u2019est la devise de la ville de Strasbourg concernant la propret\u00e9 de l\u2019espace public. Le nouvel arr\u00eat\u00e9, sign\u00e9 par la maire, remplace celui de janvier 2023. L\u2019objectif est de<strong> changer les montants des sanctions<\/strong> afin de <strong>plus dissuader<\/strong> les auteurs de d\u00e9gradations et d\u2019abandon de d\u00e9chets dans l\u2019espace public.<\/p>\n<p><strong>Les montants des amendes :<\/strong><\/p>\n<tr style=\"height: 22px;\">\n<td style=\"width: 48.635%; height: 22px;\">Cat\u00e9gories<\/td>\n<td style=\"width: 48.635%; height: 22px;\">Montant de l&rsquo;amende<\/td>\n<\/tr>\n<tr style=\"height: 54px;\">\n<td style=\"width: 48.635%; height: 54px;\">\n<p>Petits d\u00e9chets (m\u00e9gots de cigarette ou cigare, chewing-gum)\u00a0<\/p>\n<\/td>\n<td style=\"width: 48.635%; height: 54px;\">135 \u20ac<\/td>\n<\/tr>\n<tr style=\"height: 44px;\">\n<td style=\"width: 48.635%; height: 44px;\">D\u00e9chets m\u00e9nagers (sacs poubelles, emballages dont bouteilles en verre, d\u00e9tritus, cartons, papiers, textiles\u2026)<\/td>\n<td style=\"width: 48.635%; height: 44px;\">200 \u20ac<\/td>\n<\/tr>\n<tr style=\"height: 22px;\">\n<td style=\"width: 48.635%; height: 22px;\">D\u00e9chets verts (gazon, branchages,\u2026)<\/td>\n<td style=\"width: 48.635%; height: 22px;\">200 \u20ac<\/td>\n<\/tr>\n<tr style=\"height: 22px;\">\n<td style=\"width: 48.635%; height: 22px;\">Tags, graffitis, autocollants, affichages sauvages<\/td>\n<td style=\"width: 48.635%; height: 22px;\">450 \u20ac<\/td>\n<\/tr>\n<tr style=\"height: 22px;\">\n<td style=\"width: 48.635%; height: 22px;\">D\u00e9chets encombrants (mobilier, literie, palettes\u2026)<\/td>\n<td style=\"width: 48.635%; height: 22px;\">750 \u20ac<\/td>\n<\/tr>\n<tr style=\"height: 22px;\">\n<td style=\"width: 48.635%; height: 22px;\">Corps gras alimentaires usag\u00e9s (graisses, huiles de friture)<\/td>\n<td style=\"width: 48.635%; height: 22px;\">1 000 \u20ac<\/td>\n<\/tr>\n<tr style=\"height: 176px;\">\n<td style=\"width: 48.635%; height: 176px;\">\n<p>Pneumatiques<\/p>\n<p>D\u00e9chets \u00e9lectroniques ou \u00e9lectrom\u00e9nagers (r\u00e9frig\u00e9rateurs, t\u00e9l\u00e9viseurs, lave-linge\u2026)<\/p>\n<p>Produits et mat\u00e9riaux de construction du b\u00e2timent (gravats, huisseries, isolants,\u2026)<\/p>\n<\/td>\n<td style=\"width: 48.635%; height: 176px;\">2 000 \u20ac<\/td>\n<\/tr>\n<tr style=\"height: 22px;\">\n<td style=\"width: 48.635%; height: 22px;\">Produits dangereux (peintures, vernis, solvants, amiante,\u2026)<\/td>\n<td style=\"width: 48.635%; height: 22px;\">5 000 \u20ac<\/td>\n<\/tr>\n<p><strong>Sanctions adapt\u00e9es aux types et gravit\u00e9s des d\u00e9p<\/strong><strong>\u00f4ts<br \/><\/strong><\/p>\n<p>L\u2019amende pourra \u00eatre <strong>major\u00e9e <\/strong>en fonction de la gravit\u00e9 de l\u2019infraction. Par exemple, si le <strong>d\u00e9p\u00f4t de d\u00e9chets se fait en voiture,<\/strong> elle sera<strong> doubl\u00e9e<\/strong>. Concernant les <strong>graffitis, les autocollants, et les affichages sauvages,<\/strong> s\u2019ils d\u00e9passent une superficie de <strong>10 m\u00b2<\/strong>, l\u2019amende sera <strong>multipli\u00e9e par 3.<\/strong> \u00c0 savoir qu&rsquo;en 2024, principalement \u00e0 Strasbourg, <strong>63 374 m\u00b2 <\/strong>de graffitis et d\u2019affichages sauvages ont \u00e9t\u00e9 retir\u00e9s.<\/p>\n<p>La Ville de Strasbourg renforce \u00e9galement <strong>la surveillance de 20 secteurs touch\u00e9s <\/strong>par une soixantaine de d\u00e9p\u00f4ts sauvages r\u00e9currents, notamment dans les quartiers prioritaires.<\/p>\n","protected":false},"excerpt":{"rendered":"Strasbourg durcit les sanctions contre la pollution urbaine Cr\u00e9dit : Lucie Jacquemin Pr\u00e9venir \u2013 Traiter \u2013 Sanctionner, c\u2019est&hellip;\n","protected":false},"author":2,"featured_media":256529,"comment_status":"","ping_status":"","sticky":false,"template":"","format":"standard","meta":{"footnotes":""},"categories":[2820],"tags":[1111,11,2389,7622,3008,1777,674,1011,27,39649,775,12,1800,25,7185,640],"class_list":{"0":"post-256528","1":"post","2":"type-post","3":"status-publish","4":"format-standard","5":"has-post-thumbnail","7":"category-strasbourg","8":"tag-actu","9":"tag-actualites","10":"tag-alsace","11":"tag-amendes","12":"tag-dechets","13":"tag-eu","14":"tag-europe","15":"tag-fr","16":"tag-france","17":"tag-graffitis","18":"tag-grand-est","19":"tag-news","20":"tag-pollution","21":"tag-republique-francaise","22":"tag-sanctions","23":"tag-strasbourg"},"share_on_mastodon":{"url":"https:\/\/pubeurope.com\/@fr\/114874661313805570","error":""},"_links":{"self":[{"href":"https:\/\/www.europesays.com\/fr\/wp-json\/wp\/v2\/posts\/256528","targetHints":{"allow":["GET"]}}],"collection":[{"href":"https:\/\/www.europesays.com\/fr\/wp-json\/wp\/v2\/posts"}],"about":[{"href":"https:\/\/www.europesays.com\/fr\/wp-json\/wp\/v2\/types\/post"}],"author":[{"embeddable":true,"href":"https:\/\/www.europesays.com\/fr\/wp-json\/wp\/v2\/users\/2"}],"replies":[{"embeddable":true,"href":"https:\/\/www.europesays.com\/fr\/wp-json\/wp\/v2\/comments?post=256528"}],"version-history":[{"count":0,"href":"https:\/\/www.europesays.com\/fr\/wp-json\/wp\/v2\/posts\/256528\/revisions"}],"wp:featuredmedia":[{"embeddable":true,"href":"https:\/\/www.europesays.com\/fr\/wp-json\/wp\/v2\/media\/256529"}],"wp:attachment":[{"href":"https:\/\/www.europesays.com\/fr\/wp-json\/wp\/v2\/media?parent=256528"}],"wp:term":[{"taxonomy":"category","embeddable":true,"href":"https:\/\/www.europesays.com\/fr\/wp-json\/wp\/v2\/categories?post=256528"},{"taxonomy":"post_tag","embeddable":true,"href":"https:\/\/www.europesays.com\/fr\/wp-json\/wp\/v2\/tags?post=256528"}],"curies":[{"name":"wp","href":"https:\/\/api.w.org\/{rel}","templated":true}]}}