{"id":256530,"date":"2025-07-18T14:16:11","date_gmt":"2025-07-18T14:16:11","guid":{"rendered":"https:\/\/www.europesays.com\/fr\/256530\/"},"modified":"2025-07-18T14:16:11","modified_gmt":"2025-07-18T14:16:11","slug":"megots-chewing-gums-sacs-poubelle-jeter-vos-dechets-dans-la-rue-va-vous-couter-cher-a-strasbourg","status":"publish","type":"post","link":"https:\/\/www.europesays.com\/fr\/256530\/","title":{"rendered":"M\u00e9gots, chewing-gums, sacs-poubelle\u2026 Jeter vos d\u00e9chets dans la rue va vous co\u00fbter cher\u00a0\u00e0\u00a0Strasbourg"},"content":{"rendered":"<p>            Par<br \/>\n        <strong><br \/>\n            <a href=\"https:\/\/actu.fr\/auteur\/olivia-kouassi\" title=\"Consulter tous les articles de Olivia Kouassi\" target=\"_blank\" rel=\"noopener\">Olivia Kouassi<\/a><br \/>\n        <\/strong><\/p>\n<p>        Publi\u00e9 le<\/p>\n<p>            18 juil. 2025 \u00e0 16h09        <\/p>\n<p>Jusqu\u2019\u00e0<strong> 5\u2009000\u00a0euros d\u2019amende<\/strong>. Pour lutter contre l\u2019abandon des <a href=\"https:\/\/actu.fr\/tag\/dechets\" target=\"_blank\" rel=\"noopener\">d\u00e9chets<\/a> de tout type dans les rues, la Ville de <strong>Strasbourg<\/strong> (<a href=\"https:\/\/actu.fr\/strasbourg\/\" target=\"_blank\" rel=\"noopener\">Bas-Rhin<\/a>) a d\u00e9cid\u00e9 de toucher au portefeuille. Une <strong>grille tarifaire<\/strong> a \u00e9t\u00e9 instaur\u00e9e au courant du mois de juillet pour sanctionner les contrevenants qui abonneraient des d\u00e9tritus.<\/p>\n<p class=\" wall-content\">D\u00e9couvrez en d\u00e9tail le montant des <a href=\"https:\/\/actu.fr\/tag\/amendes\" target=\"_blank\" rel=\"noopener\">amendes<\/a> selon les d\u00e9chets.<\/p>\n<p>De 135 \u00e0 5\u2009000\u00a0euros d\u2019amende selon les d\u00e9chets<\/p>\n<p class=\" wall-content\">\u00c0 travers un arr\u00eat\u00e9, la municipalit\u00e9 fait donc usage de son pouvoir de police et d\u00e9cide de sanctionner l\u2019abandon de d\u00e9chets. Les agents de la ville seront donc charg\u00e9s de dresser des amendes. Jusqu\u2019alors, seule la police nationale pouvait verbaliser \u00e0 hauteur de 135\u00a0euros les personnes responsables d\u2019abandon de d\u00e9chets.<\/p>\n<p class=\" wall-content\">D\u00e9couvrez la grille tarifaire mise en place\u2009:<\/p>\n<ul class=\" wall-content\">\n<li>Les petits d\u00e9chets (m\u00e9gots, chewing-gums, etc)\u2009: <strong>135\u00a0euros<\/strong><\/li>\n<li>D\u00e9chets de type m\u00e9nagers (sacs-poubelle, emballages dont bouteilles en verre, d\u00e9tritus, cartons, papiers, textiles, etc)\u2009: <strong>200\u00a0euros<\/strong><\/li>\n<li>D\u00e9chets verts (gazon, branchages, etc)\u2009: <strong>200\u00a0euros<\/strong><\/li>\n<li>Tags, graffitis, autocollants, affichages sauvages\u2009: <strong>450\u00a0euros<\/strong><\/li>\n<li>D\u00e9chets encombrants (mobilier, literie, palettes, etc)\u2009: <strong>750\u00a0euros<\/strong><\/li>\n<li>Corps gras alimentaires usag\u00e9s (graisses, huiles de friture)\u2009: <strong>1\u2009000\u00a0euros<\/strong><\/li>\n<li>Pneumatiques, d\u00e9chets d\u2019\u00e9quipements \u00e9lectriques et \u00e9lectroniques ou \u00e9lectrom\u00e9nagers (r\u00e9frig\u00e9rateurs, t\u00e9l\u00e9viseurs, lave-linge, etc), produits et mat\u00e9riaux de construction du b\u00e2timent (gravats, huisseries, isolants, etc)\u2009: <strong>2\u2009000\u00a0euros<\/strong><\/li>\n<li>Produits dangereux (peintures, vernis, solvants, amiante, etc)\u2009: <strong>5\u2009000\u00a0euros<\/strong><\/li>\n<\/ul>\n<p>Vid\u00e9os : en ce moment sur Actu<\/p>\n<p class=\" wall-content\"><strong>Ces montants peuvent \u00eatre major\u00e9s<\/strong> par application d\u2019un coefficient multiplicateur, pr\u00e9cise la Ville. Si les d\u00e9chets ont \u00e9t\u00e9 d\u00e9pos\u00e9s \u00e0 l\u2019aide d\u2019un v\u00e9hicule, l\u2019amende sera par exemple multipli\u00e9e par deux.<\/p>\n<p class=\" wall-content\">Suivez toute l\u2019actualit\u00e9 de vos villes et m\u00e9dias favoris en vous inscrivant \u00e0 <a href=\"https:\/\/moncompte.actu.fr\" title=\"D\u00e9couvez Mon Actu\" rel=\"nofollow noopener\" data-trk=\"{&quot;cta&quot;:{&quot;action&quot;:&quot;https:\\\/\\\/moncompte.actu.fr&quot;,&quot;category&quot;:&quot;mon compte&quot;,&quot;from&quot;:&quot;article footer&quot;,&quot;name&quot;:&quot;Mon actu&quot;,&quot;type&quot;:&quot;cta&quot;}}\" target=\"_blank\">Mon Actu<\/a>.<\/p>\n","protected":false},"excerpt":{"rendered":"Par Olivia Kouassi Publi\u00e9 le 18 juil. 2025 \u00e0 16h09 Jusqu\u2019\u00e0 5\u2009000\u00a0euros d\u2019amende. Pour lutter contre l\u2019abandon des&hellip;\n","protected":false},"author":2,"featured_media":256531,"comment_status":"","ping_status":"","sticky":false,"template":"","format":"standard","meta":{"footnotes":""},"categories":[2820],"tags":[1111,11,7622,3008,1777,5342,674,1011,27,775,12,25,104,640],"class_list":{"0":"post-256530","1":"post","2":"type-post","3":"status-publish","4":"format-standard","5":"has-post-thumbnail","7":"category-strasbourg","8":"tag-actu","9":"tag-actualites","10":"tag-amendes","11":"tag-dechets","12":"tag-eu","13":"tag-eurometropole-de-strasbourg","14":"tag-europe","15":"tag-fr","16":"tag-france","17":"tag-grand-est","18":"tag-news","19":"tag-republique-francaise","20":"tag-societe","21":"tag-strasbourg"},"share_on_mastodon":{"url":"https:\/\/pubeurope.com\/@fr\/114874665116321289","error":""},"_links":{"self":[{"href":"https:\/\/www.europesays.com\/fr\/wp-json\/wp\/v2\/posts\/256530","targetHints":{"allow":["GET"]}}],"collection":[{"href":"https:\/\/www.europesays.com\/fr\/wp-json\/wp\/v2\/posts"}],"about":[{"href":"https:\/\/www.europesays.com\/fr\/wp-json\/wp\/v2\/types\/post"}],"author":[{"embeddable":true,"href":"https:\/\/www.europesays.com\/fr\/wp-json\/wp\/v2\/users\/2"}],"replies":[{"embeddable":true,"href":"https:\/\/www.europesays.com\/fr\/wp-json\/wp\/v2\/comments?post=256530"}],"version-history":[{"count":0,"href":"https:\/\/www.europesays.com\/fr\/wp-json\/wp\/v2\/posts\/256530\/revisions"}],"wp:featuredmedia":[{"embeddable":true,"href":"https:\/\/www.europesays.com\/fr\/wp-json\/wp\/v2\/media\/256531"}],"wp:attachment":[{"href":"https:\/\/www.europesays.com\/fr\/wp-json\/wp\/v2\/media?parent=256530"}],"wp:term":[{"taxonomy":"category","embeddable":true,"href":"https:\/\/www.europesays.com\/fr\/wp-json\/wp\/v2\/categories?post=256530"},{"taxonomy":"post_tag","embeddable":true,"href":"https:\/\/www.europesays.com\/fr\/wp-json\/wp\/v2\/tags?post=256530"}],"curies":[{"name":"wp","href":"https:\/\/api.w.org\/{rel}","templated":true}]}}