{"id":256532,"date":"2025-07-18T14:17:09","date_gmt":"2025-07-18T14:17:09","guid":{"rendered":"https:\/\/www.europesays.com\/fr\/256532\/"},"modified":"2025-07-18T14:17:09","modified_gmt":"2025-07-18T14:17:09","slug":"meteo-a-nice-vents-violents-nuages-et-fortes-chaleurs-les-previsions","status":"publish","type":"post","link":"https:\/\/www.europesays.com\/fr\/256532\/","title":{"rendered":"M\u00e9t\u00e9o \u00e0 Nice. Vents violents, nuages et fortes chaleurs : les pr\u00e9visions"},"content":{"rendered":"<p>            Par<br \/>\n        <strong><br \/>\n            <a href=\"https:\/\/actu.fr\/auteur\/ugo-maillard\" title=\"Consulter tous les articles de Ugo Maillard\" rel=\"nofollow noopener\" target=\"_blank\">Ugo Maillard<\/a><br \/>\n        <\/strong><\/p>\n<p>        Publi\u00e9 le<\/p>\n<p>            18 juil. 2025 \u00e0 15h11        <\/p>\n<p>Apr\u00e8s une semaine marqu\u00e9e par un temps ensoleill\u00e9 et des temp\u00e9ratures agr\u00e9ables, le ciel devrait s\u2019agiter. Les pr\u00e9visions <strong>m\u00e9t\u00e9orologiques<\/strong> indiquent que le week-end du samedi 19 et dimanche 20 juillet 2025 sera mouvement\u00e9 \u00e0 <a href=\"https:\/\/actu.fr\/nice\/\" rel=\"nofollow noopener\" target=\"_blank\">Nice<\/a>.\u00a0<\/p>\n<p class=\" wall-content\">Les derni\u00e8res donn\u00e9es de <a href=\"https:\/\/actu.fr\/tag\/meteo-france\" rel=\"nofollow noopener\" target=\"_blank\">M\u00e9t\u00e9o France<\/a>.<\/p>\n<p>Des rafales jusqu\u2019\u00e0 40 km\/h\u00a0<\/p>\n<p class=\" wall-content\">\u00c0 Nice et dans les <a href=\"https:\/\/actu.fr\/provence-alpes-cote-d-azur\/alpes-maritimes_06\" rel=\"nofollow noopener\" target=\"_blank\">Alpes-Maritimes<\/a>, des bourrasques sont attendues durant tout le week-end. Selon les donn\u00e9es du service officiel de la m\u00e9t\u00e9orologie et de la climatologie en France, les rafales de vent pourraient atteindre les 40 km\/h \u00e0 Nice.<\/p>\n<p class=\" wall-content\">Elles sont attendues dans l\u2019apr\u00e8s-midi de samedi et la matin\u00e9e de dimanche.<\/p>\n<p>Une maximale de 29\u00b0C<\/p>\n<p class=\" wall-content\">Bien loin des <a href=\"https:\/\/actu.fr\/provence-alpes-cote-d-azur\/nice_06088\/alerte-canicule-a-nice-jusqu-a-37-c-voici-ou-il-va-faire-le-plus-chaud_62835279.html\" rel=\"nofollow noopener\" target=\"_blank\">\u00e9pisodes caniculaires<\/a> que la ville de Nice a pu conna\u00eetre lors du mois de juin, les temp\u00e9ratures devraient \u00eatre similaires aux normales de saison.\u00a0<\/p>\n<p>Vid\u00e9os : en ce moment sur Actu<\/p>\n<p class=\" wall-content\">Le mercure affichera entre 23 et 29\u00b0C en moyenne, avec une maximale attendue dimanche apr\u00e8s-midi.<\/p>\n<p>Un temps nuageux samedi<\/p>\n<p class=\" wall-content\">La journ\u00e9e du samedi 19 juillet sera marqu\u00e9e par un ciel couvert \u00e0 Nice. De rares \u00e9claircies sont attendues avant un retour du soleil pour dimanche.<\/p>\n<p class=\" wall-content\">Suivez toute l\u2019actualit\u00e9 de vos villes et m\u00e9dias favoris en vous inscrivant \u00e0 <a href=\"https:\/\/moncompte.actu.fr\" title=\"D\u00e9couvez Mon Actu\" rel=\"nofollow noopener\" data-trk=\"{&quot;cta&quot;:{&quot;action&quot;:&quot;https:\\\/\\\/moncompte.actu.fr&quot;,&quot;category&quot;:&quot;mon compte&quot;,&quot;from&quot;:&quot;article footer&quot;,&quot;name&quot;:&quot;Mon actu&quot;,&quot;type&quot;:&quot;cta&quot;}}\" target=\"_blank\">Mon Actu<\/a>.<\/p>\n","protected":false},"excerpt":{"rendered":"Par Ugo Maillard Publi\u00e9 le 18 juil. 2025 \u00e0 15h11 Apr\u00e8s une semaine marqu\u00e9e par un temps ensoleill\u00e9&hellip;\n","protected":false},"author":2,"featured_media":256533,"comment_status":"","ping_status":"","sticky":false,"template":"","format":"standard","meta":{"footnotes":""},"categories":[2819],"tags":[1111,11,1777,674,1011,27,2487,2357,12,2401,882,25],"class_list":{"0":"post-256532","1":"post","2":"type-post","3":"status-publish","4":"format-standard","5":"has-post-thumbnail","7":"category-nice","8":"tag-actu","9":"tag-actualites","10":"tag-eu","11":"tag-europe","12":"tag-fr","13":"tag-france","14":"tag-meteo","15":"tag-meteo-france","16":"tag-news","17":"tag-nice","18":"tag-provence-alpes-cote-dazur","19":"tag-republique-francaise"},"share_on_mastodon":{"url":"https:\/\/pubeurope.com\/@fr\/114874669010617790","error":""},"_links":{"self":[{"href":"https:\/\/www.europesays.com\/fr\/wp-json\/wp\/v2\/posts\/256532","targetHints":{"allow":["GET"]}}],"collection":[{"href":"https:\/\/www.europesays.com\/fr\/wp-json\/wp\/v2\/posts"}],"about":[{"href":"https:\/\/www.europesays.com\/fr\/wp-json\/wp\/v2\/types\/post"}],"author":[{"embeddable":true,"href":"https:\/\/www.europesays.com\/fr\/wp-json\/wp\/v2\/users\/2"}],"replies":[{"embeddable":true,"href":"https:\/\/www.europesays.com\/fr\/wp-json\/wp\/v2\/comments?post=256532"}],"version-history":[{"count":0,"href":"https:\/\/www.europesays.com\/fr\/wp-json\/wp\/v2\/posts\/256532\/revisions"}],"wp:featuredmedia":[{"embeddable":true,"href":"https:\/\/www.europesays.com\/fr\/wp-json\/wp\/v2\/media\/256533"}],"wp:attachment":[{"href":"https:\/\/www.europesays.com\/fr\/wp-json\/wp\/v2\/media?parent=256532"}],"wp:term":[{"taxonomy":"category","embeddable":true,"href":"https:\/\/www.europesays.com\/fr\/wp-json\/wp\/v2\/categories?post=256532"},{"taxonomy":"post_tag","embeddable":true,"href":"https:\/\/www.europesays.com\/fr\/wp-json\/wp\/v2\/tags?post=256532"}],"curies":[{"name":"wp","href":"https:\/\/api.w.org\/{rel}","templated":true}]}}