{"id":256534,"date":"2025-07-18T14:18:09","date_gmt":"2025-07-18T14:18:09","guid":{"rendered":"https:\/\/www.europesays.com\/fr\/256534\/"},"modified":"2025-07-18T14:18:09","modified_gmt":"2025-07-18T14:18:09","slug":"la-justice-invalide-linterdiction-du-burkini-dans-cette-commune","status":"publish","type":"post","link":"https:\/\/www.europesays.com\/fr\/256534\/","title":{"rendered":"la justice invalide l&rsquo;interdiction du burkini dans cette commune"},"content":{"rendered":"<p>            Par<br \/>\n        <strong><br \/>\n            <a href=\"https:\/\/actu.fr\/auteur\/ugo-maillard\" title=\"Consulter tous les articles de Ugo Maillard\" target=\"_blank\" rel=\"noopener\">Ugo Maillard<\/a><br \/>\n        <\/strong><\/p>\n<p>        Publi\u00e9 le<\/p>\n<p>            18 juil. 2025 \u00e0 15h37        <\/p>\n<p>La mairie de Mandelieu-la-Napoule (<a href=\"https:\/\/actu.fr\/provence-alpes-cote-d-azur\/alpes-maritimes_06\" target=\"_blank\" rel=\"noopener\">Alpes-Maritimes<\/a>) a pris un arr\u00eat\u00e9 municipal <strong>interdisant l\u2019acc\u00e8s aux plages publiques<\/strong> de sa commune et la baignade, entre le 15\u00a0juillet et le 31\u00a0ao\u00fbt 2025, \u00e0 toutes les personnes portant une \u00ab\u2009tenue de bain manifestant de fa\u00e7on ostensible une appartenance religieuse\u2009\u00bb.\u00a0Comprenez, le maire a interdit le port du burkini sur les plages municipales.<\/p>\n<p class=\" wall-content\">Saisi par la Ligue des Droits de l\u2019Homme, le tribunal administratif de Nice suspend la d\u00e9cision de S\u00e9bastien Leroy (LR), a appris <a href=\"https:\/\/actu.fr\/nice\/\" target=\"_blank\" rel=\"noopener\">actu Nice<\/a> ce vendredi 18\u00a0juillet 2025.<\/p>\n<p>Une \u00ab\u2009atteinte grave \u00e0 trois libert\u00e9s\u2009\u00bb<\/p>\n<p class=\" wall-content\">Les personnes se baignant avec un burkini ou une \u00ab\u2009tenue de bain manifestant de fa\u00e7on ostensible une appartenance religieuse\u2009\u00bb peuvent donc profiter des plages de Mandelieu-la-Napoule.<\/p>\n<p>    <a href=\"https:\/\/www.google.com\/maps\/embed?pb=!1m18!1m12!1m3!1d46280.13888775545!2d6.876779796474153!3d43.53343732963603!2m3!1f0!2f0!3f0!3m2!1i1024!2i768!4f13.1!3m3!1m2!1s0x12ce8320cb630595%3A0x9ead3caddcae74b3!2s06210%20Mandelieu-la-Napoule!5e0!3m2!1sfr!2sfr!4v1752845291251!5m2!1sfr!2sfr\" title=\"Ouvrie le lien\" target=\"_blank\" rel=\"noopener\">Cliquez ici pour visualiser le contenu<\/a><\/p>\n<p class=\" wall-content\">\u00ab\u2009Une telle interdiction dans l\u2019espace public doit en effet \u00eatre justifi\u00e9e par un risque actuel et av\u00e9r\u00e9 pour l\u2019ordre public\u2009\u00bb, justifie le tribunal administratif par le biais d\u2019un communiqu\u00e9.<\/p>\n<blockquote class=\"ac-article-quote wall-content\">\n<p>Le maire de Mandelieu-la-Napoule ne pouvait prendre une telle interdiction et que celle-ci porte une atteinte grave et ill\u00e9gale \u00e0 trois libert\u00e9s fondamentales : la libert\u00e9 d\u2019aller et venir, la libert\u00e9 de conscience et la libert\u00e9 personnelle.<\/p>\n<p>    <strong>Tribunal administratif de Nice<\/strong>\n            <\/p><\/blockquote>\n<p>Aucun risque pour l\u2019ordre public<\/p>\n<p class=\" wall-content\">Hormis l\u2019atteinte aux libert\u00e9s fondamentale point\u00e9e du doigt par la justice, il est \u00e9galement fait mention du fait que \u00ab\u2009la commune se borne \u00e0 faire \u00e9tat de troubles et de heurts qui auraient eu lieu sur les plages de la commune au cours de l\u2019\u00e9t\u00e9 2024, ainsi que du contexte actuel de tensions interreligieuses\u2009\u00bb.<\/p>\n<p class=\" wall-content\">\u00ab\u2009Toutefois, ni ces incidents, au demeurant non \u00e9tablis, ni le contexte de tensions interreligieuses ne sont susceptibles de faire appara\u00eetre que l\u2019interdiction sur l\u2019ensemble des plages de la commune de tenues manifestant de mani\u00e8re ostensible une appartenance religieuse serait, \u00e0 la date \u00e0 laquelle a \u00e9t\u00e9 pris l\u2019arr\u00eat\u00e9 contest\u00e9, justifi\u00e9 par des risques av\u00e9r\u00e9s de troubles \u00e0 l\u2019ordre public\u2009\u00bb, compl\u00e8te la justice.<\/p>\n<p class=\" wall-content\">Suivez toute l\u2019actualit\u00e9 de vos villes et m\u00e9dias favoris en vous inscrivant \u00e0 <a href=\"https:\/\/moncompte.actu.fr\" title=\"D\u00e9couvez Mon Actu\" rel=\"nofollow noopener\" data-trk=\"{&quot;cta&quot;:{&quot;action&quot;:&quot;https:\\\/\\\/moncompte.actu.fr&quot;,&quot;category&quot;:&quot;mon compte&quot;,&quot;from&quot;:&quot;article footer&quot;,&quot;name&quot;:&quot;Mon actu&quot;,&quot;type&quot;:&quot;cta&quot;}}\" target=\"_blank\">Mon Actu<\/a>.<\/p>\n","protected":false},"excerpt":{"rendered":"Par Ugo Maillard Publi\u00e9 le 18 juil. 2025 \u00e0 15h37 La mairie de Mandelieu-la-Napoule (Alpes-Maritimes) a pris un&hellip;\n","protected":false},"author":2,"featured_media":179373,"comment_status":"","ping_status":"","sticky":false,"template":"","format":"standard","meta":{"footnotes":""},"categories":[2819],"tags":[1111,11,1777,674,1011,27,303,12,2401,8302,882,4020,25,104],"class_list":{"0":"post-256534","1":"post","2":"type-post","3":"status-publish","4":"format-standard","5":"has-post-thumbnail","7":"category-nice","8":"tag-actu","9":"tag-actualites","10":"tag-eu","11":"tag-europe","12":"tag-fr","13":"tag-france","14":"tag-justice","15":"tag-news","16":"tag-nice","17":"tag-plages","18":"tag-provence-alpes-cote-dazur","19":"tag-religion","20":"tag-republique-francaise","21":"tag-societe"},"share_on_mastodon":{"url":"https:\/\/pubeurope.com\/@fr\/114874672921540785","error":""},"_links":{"self":[{"href":"https:\/\/www.europesays.com\/fr\/wp-json\/wp\/v2\/posts\/256534","targetHints":{"allow":["GET"]}}],"collection":[{"href":"https:\/\/www.europesays.com\/fr\/wp-json\/wp\/v2\/posts"}],"about":[{"href":"https:\/\/www.europesays.com\/fr\/wp-json\/wp\/v2\/types\/post"}],"author":[{"embeddable":true,"href":"https:\/\/www.europesays.com\/fr\/wp-json\/wp\/v2\/users\/2"}],"replies":[{"embeddable":true,"href":"https:\/\/www.europesays.com\/fr\/wp-json\/wp\/v2\/comments?post=256534"}],"version-history":[{"count":0,"href":"https:\/\/www.europesays.com\/fr\/wp-json\/wp\/v2\/posts\/256534\/revisions"}],"wp:featuredmedia":[{"embeddable":true,"href":"https:\/\/www.europesays.com\/fr\/wp-json\/wp\/v2\/media\/179373"}],"wp:attachment":[{"href":"https:\/\/www.europesays.com\/fr\/wp-json\/wp\/v2\/media?parent=256534"}],"wp:term":[{"taxonomy":"category","embeddable":true,"href":"https:\/\/www.europesays.com\/fr\/wp-json\/wp\/v2\/categories?post=256534"},{"taxonomy":"post_tag","embeddable":true,"href":"https:\/\/www.europesays.com\/fr\/wp-json\/wp\/v2\/tags?post=256534"}],"curies":[{"name":"wp","href":"https:\/\/api.w.org\/{rel}","templated":true}]}}