{"id":256537,"date":"2025-07-18T14:20:13","date_gmt":"2025-07-18T14:20:13","guid":{"rendered":"https:\/\/www.europesays.com\/fr\/256537\/"},"modified":"2025-07-18T14:20:13","modified_gmt":"2025-07-18T14:20:13","slug":"gilet-pare-balles-armes-drogue-decouverte-dune-planque-de-narcotrafiquants-pres-de-nantes","status":"publish","type":"post","link":"https:\/\/www.europesays.com\/fr\/256537\/","title":{"rendered":"Gilet pare-balles, armes, drogue&#8230; d\u00e9couverte d\u2019une planque de narcotrafiquants pr\u00e8s de Nantes"},"content":{"rendered":"<p>Un homme de 46 ans a \u00e9t\u00e9 plac\u00e9 en garde \u00e0 vue mercredi dernier. Identifi\u00e9 en raison de la forte odeur de cannabis qui s\u2019en d\u00e9gageait, son appartement de Saint-Herblain, dans la banlieue nantaise, servait d\u2019entrep\u00f4t aux trafiquants locaux.<\/p>\n<p class=\"fig-paragraph\">La \u00abnourrice\u00bb \u00e9tait bien \u00e9quip\u00e9e. Mercredi 16 juillet, la police nationale a interpell\u00e9, \u00e0 son domicile, un habitant de Saint-Herblain, dans la banlieue\u00a0<a href=\"https:\/\/www.lefigaro.fr\/nantes\" target=\"_blank\" data-fig-type=\"Section\" rel=\"noopener\" data-gtm-custom-categorie=\"navigation\" data-gtm-custom-action=\"crossclick\" data-gtm-custom-label=\"Contextuel\" data-gtm-event=\"customEventSPE\" data-fig-domain=\"LEFIGARO\">de Nantes<\/a>\u00a0(Loire-Atlantique). Les forces de l\u2019ordre ont \u00e9t\u00e9 alert\u00e9es par un huissier charg\u00e9\u00a0<a href=\"http:\/\/www.lefigaro.fr\/conjoncture\/si-la-gauche-passe-je-ne-louerai-plus-mon-logement-cette-idee-du-nouveau-front-populaire-qui-fait-enrager-les-proprietaires-20240622\" target=\"_blank\" data-fig-type=\"Article\" rel=\"noopener\" data-gtm-custom-categorie=\"navigation\" data-gtm-custom-action=\"crossclick\" data-gtm-custom-label=\"Contextuel\" data-gtm-event=\"customEventSPE\" data-fig-domain=\"LEFIGARO\">d\u2019une expulsion locative<\/a>, qui avait \u00e9t\u00e9 frapp\u00e9 par la forte odeur de cannabis qui se d\u00e9gageait de l\u2019appartement.<\/p>\n<p class=\"fig-paragraph\">\u00c2g\u00e9 de 46 ans, l\u2019occupant du logement s\u2019est r\u00e9v\u00e9l\u00e9 \u00eatre un toxicomane d\u00e9pendant au crack et d\u00e9j\u00e0 connu des services de police. Mieux encore, il faisait office\u00a0<a href=\"http:\/\/www.lefigaro.fr\/actualite-france\/un-statut-de-repenti-pour-les-meres-qui-cachent-de-la-drogue-a-l-etude-20240226\" target=\"_blank\" data-fig-type=\"NewsFlash\" rel=\"noopener\" data-gtm-custom-categorie=\"navigation\" data-gtm-custom-action=\"crossclick\" data-gtm-custom-label=\"Contextuel\" data-gtm-event=\"customEventSPE\" data-fig-domain=\"LEFIGARO\">de \u00abnourrice\u00bb<\/a>\u00a0&#8211; c\u2019est-\u00e0-dire qu\u2019il pr\u00eatait son domicile \u00e0 des narcotrafiquants, qui y stockaient une partie de leur mat\u00e9riel. L\u2019appartement renfermait ainsi 2,5 kg de cannabis, 375 grammes de coca\u00efne, 724 grammes d\u2019h\u00e9ro\u00efne et 98 grammes d\u2019ecstasy.<\/p>\n<p>                                    <a class=\"fig-a11y-skip a11y-hidden\" href=\"#fig-a11y-skip-main-inarticle\"><br \/>\n        Passer la publicit\u00e9<br \/>\n    <\/a><\/p>\n<p>Une housse myst\u00e9rieuse<\/p>\n<p class=\"fig-paragraph\">La perquisition du logement a \u00e9galement livr\u00e9 aux enqu\u00eateurs deux armes de poing &#8211; de calibre 9 et 7,65 mm -, plusieurs\u00a0<a href=\"http:\/\/www.lefigaro.fr\/lyon\/300-000-euros-en-six-mois-3-faussaires-de-pieces-d-identite-arretes-au-sud-de-lyon-20240222\" target=\"_blank\" data-fig-type=\"NewsFlash\" rel=\"noopener\" data-gtm-custom-categorie=\"navigation\" data-gtm-custom-action=\"crossclick\" data-gtm-custom-label=\"Contextuel\" data-gtm-event=\"customEventSPE\" data-fig-domain=\"LEFIGARO\">pi\u00e8ces d\u2019identit\u00e9 falsifi\u00e9es<\/a>, quelques pi\u00e8ces de car\u00e9nage et, plus \u00e9tonnant, un gilet pare-balles de la gendarmerie nationale. Deux scooters sans plaque ont \u00e9galement \u00e9t\u00e9 saisis dans le local \u00e0 v\u00e9lo de l\u2019immeuble.<\/p>\n<p class=\"fig-body-link\">\n            \u00c0 lire aussi<br \/>\n        <a class=\"fig-body-link__link\" href=\"http:\/\/www.lefigaro.fr\/nantes\/pres-de-nantes-un-narcotrafiquant-gerait-son-affaire-depuis-le-parvis-d-une-eglise-20250718\" target=\"_blank\" data-fig-type=\"NewsFlash\" rel=\"noopener\" data-gtm-custom-categorie=\"navigation\" data-gtm-custom-action=\"crossclick\" data-gtm-custom-label=\"Contextuel\" data-gtm-event=\"customEventSPE\" data-fig-domain=\"LEFIGARO\">Pr\u00e8s de Nantes, un narcotrafiquant g\u00e9rait son affaire depuis le parvis d\u2019une \u00e9glise<br \/>\n    <\/a>\n<\/p>\n<p class=\"fig-paragraph\">\u00abApr\u00e8s v\u00e9rifications, il s\u2019est av\u00e9r\u00e9 que le gilet saisi n\u2019appartient pas \u00e0 la gendarmerie, l\u2019examen des plaques num\u00e9rot\u00e9es ayant indiqu\u00e9 qu\u2019il s\u2019agissait d\u2019une contrefa\u00e7on, telle qu\u2019on en trouve facilement sur Internet\u00bb, pr\u00e9cise une source polici\u00e8re nantaise. Plus myst\u00e9rieux, en revanche, la housse de ce gilet militaire s\u2019est av\u00e9r\u00e9e \u00eatre bel et bien authentique. L\u2019origine de sa provenance n\u2019a, pour l\u2019heure, pas encore \u00e9t\u00e9 \u00e9lucid\u00e9e.<\/p>\n<p class=\"fig-paragraph\">Le suspect n\u2019a pas r\u00e9v\u00e9l\u00e9 d\u2019informations \u00e0 la police sur l\u2019origine des stup\u00e9fiants, des armes et du reste du mat\u00e9riel saisi lors de la perquisition. L\u2019ensemble des biens a \u00e9t\u00e9 confi\u00e9 aux laboratoires de la police nationale, pour analyses. L\u2019individu a \u00e9t\u00e9 d\u00e9f\u00e9r\u00e9 jeudi matin devant le parquet de Nantes, dans le cadre d\u2019une proc\u00e9dure de reconnaissance pr\u00e9alable de culpabilit\u00e9.<\/p>\n","protected":false},"excerpt":{"rendered":"Un homme de 46 ans a \u00e9t\u00e9 plac\u00e9 en garde \u00e0 vue mercredi dernier. Identifi\u00e9 en raison de&hellip;\n","protected":false},"author":2,"featured_media":256538,"comment_status":"","ping_status":"","sticky":false,"template":"","format":"standard","meta":{"footnotes":""},"categories":[2818],"tags":[1111,11,1777,674,462,1011,27,2640,2642,766,2638,2643,2637,2639,2646,2645,2641,2635,2644,2647,12,2636,25],"class_list":{"0":"post-256537","1":"post","2":"type-post","3":"status-publish","4":"format-standard","5":"has-post-thumbnail","7":"category-nantes","8":"tag-actu","9":"tag-actualites","10":"tag-eu","11":"tag-europe","12":"tag-fc-nantes","13":"tag-fr","14":"tag-france","15":"tag-hauts-paves-saint-felix","16":"tag-ile-de-nantes","17":"tag-nantes","18":"tag-nantes-bellevue-chantenay-sainte-anne","19":"tag-nantes-breil-barberie","20":"tag-nantes-centre-ville","21":"tag-nantes-dervallieres-zola","22":"tag-nantes-doulon-bottiere","23":"tag-nantes-erdre","24":"tag-nantes-malakoff-saint-donatien","25":"tag-nantes-metropole","26":"tag-nantes-nord","27":"tag-nantes-sud","28":"tag-news","29":"tag-pays-de-la-loire","30":"tag-republique-francaise"},"share_on_mastodon":{"url":"https:\/\/pubeurope.com\/@fr\/114874680879273645","error":""},"_links":{"self":[{"href":"https:\/\/www.europesays.com\/fr\/wp-json\/wp\/v2\/posts\/256537","targetHints":{"allow":["GET"]}}],"collection":[{"href":"https:\/\/www.europesays.com\/fr\/wp-json\/wp\/v2\/posts"}],"about":[{"href":"https:\/\/www.europesays.com\/fr\/wp-json\/wp\/v2\/types\/post"}],"author":[{"embeddable":true,"href":"https:\/\/www.europesays.com\/fr\/wp-json\/wp\/v2\/users\/2"}],"replies":[{"embeddable":true,"href":"https:\/\/www.europesays.com\/fr\/wp-json\/wp\/v2\/comments?post=256537"}],"version-history":[{"count":0,"href":"https:\/\/www.europesays.com\/fr\/wp-json\/wp\/v2\/posts\/256537\/revisions"}],"wp:featuredmedia":[{"embeddable":true,"href":"https:\/\/www.europesays.com\/fr\/wp-json\/wp\/v2\/media\/256538"}],"wp:attachment":[{"href":"https:\/\/www.europesays.com\/fr\/wp-json\/wp\/v2\/media?parent=256537"}],"wp:term":[{"taxonomy":"category","embeddable":true,"href":"https:\/\/www.europesays.com\/fr\/wp-json\/wp\/v2\/categories?post=256537"},{"taxonomy":"post_tag","embeddable":true,"href":"https:\/\/www.europesays.com\/fr\/wp-json\/wp\/v2\/tags?post=256537"}],"curies":[{"name":"wp","href":"https:\/\/api.w.org\/{rel}","templated":true}]}}