{"id":256541,"date":"2025-07-18T14:22:12","date_gmt":"2025-07-18T14:22:12","guid":{"rendered":"https:\/\/www.europesays.com\/fr\/256541\/"},"modified":"2025-07-18T14:22:12","modified_gmt":"2025-07-18T14:22:12","slug":"a-bordeaux-une-brigade-de-la-police-municipale-passe-aux-armes","status":"publish","type":"post","link":"https:\/\/www.europesays.com\/fr\/256541\/","title":{"rendered":"\u00c0 Bordeaux, une brigade de la police municipale passe aux armes"},"content":{"rendered":"<p class=\"wp-block-post-excerpt__excerpt\">La police municipale de Bordeaux d\u00e9ploie pour la premi\u00e8re fois 27 agents arm\u00e9s dans les rues de la ville. R\u00e9pression et pr\u00e9vention pr\u00e9sent\u00e9e comme les deux pans d\u2019une m\u00eame politique de s\u00e9curit\u00e9. <\/p>\n<p><a href=\"https:\/\/rue89bordeaux.com\/category\/actualite\/\" rel=\"tag noopener\" target=\"_blank\">Actualit\u00e9<\/a>, <a href=\"https:\/\/rue89bordeaux.com\/category\/kiosque-abonne\/\" rel=\"tag noopener\" target=\"_blank\">\u00c9dition abonn\u00e9s<\/a><\/p>\n<p>Clara Len\u00f4tre<\/p>\n<p>Publi\u00e9 le 18 juillet 2025\u00a0\u00a0\u00b7\u00a0\u00a0<\/p>\n<p>Imprim\u00e9 le 18 juillet 2025 \u00e0 16h22\u00a0\u00a0\u00b7\u00a0\u00a0<\/p>\n<p>\t\t\t\t\t3\u00a0minutes\n<\/p>\n<p>Ce jeudi 17 juillet, un des points les plus clivants du plan de renforcement de la police municipale de Bordeaux, \u00e0 savoir l\u2019armement d\u2019une brigade d\u2019appui et de s\u00e9curisation (BAS), est officiellement lanc\u00e9 par le maire \u00e9colo Pierre Hurmic. Une d\u00e9cision contest\u00e9e par l\u2019opposition \u00e0 gauche de la majorit\u00e9, alors que sa droite d\u00e9plore beaucoup de retard dans son application.<\/p>\n<p>Depuis le 21 juin 2025, quinze premiers agents de cette brigade ont \u00e9t\u00e9 d\u00e9ploy\u00e9s sur le terrain, chacun arm\u00e9 d\u2019un pistolet semi-automatique. Douze nouvelles recrues viennent grossir les rangs d\u00e8s cette semaine apr\u00e8s avoir suivi une formation. Affect\u00e9s dans un premier temps \u00e0 la brigade de nuit et \u00e0 la brigade motocycliste, ils rejoindront au dernier trimestre de 2025 la BAS, qui sera compos\u00e9e de 57 agents.<\/p>\n<p>Rue89 Bordeaux a besoin de vos dons<\/p>\n<p>Mille mercis \u00e0 nos 131 donateurs ! Gr\u00e2ce \u00e0 vous, nous avons atteint notre objectif initial de 10\u202f000\u202f\u20ac. Ce soutien va nous permettre de renflouer notre tr\u00e9sorerie, apr\u00e8s le d\u00e9sengagement en 2025 d\u2019un annonceur important \u2013 Bordeaux M\u00e9tropole \u2013 et de r\u00e9gler nos factures en attente.<br \/>Cependant, la cagnotte reste ouverte jusqu\u2019\u00e0 fin septembre afin de vous laisser l\u2019occasion de continuer \u00e0 soutenir votre m\u00e9dia ind\u00e9pendant. Chaque don est d\u00e9ductible des imp\u00f4ts \u00e0 hauteur de 66\u202f%. En recevoir davantage nous permettra de consolider nos finances, d\u2019envisager une rentr\u00e9e sereine, et surtout, d\u2019enrichir nos contenus et de renforcer notre r\u00e9daction.<\/p>\n<p><\/p>\n<p>Lisez la suite pour 1\u20ac<\/p>\n<p>En profitant de notre offre d\u2019essai, r\u00e9siliable en ligne \u00e0 tout moment.<\/p>\n<p><strong>Pour acc\u00e9der \u00e0 cet article, il faut \u00eatre abonn\u00e9. Pourquoi\u00a0?<\/strong><\/p>\n<p>Les informations exclusives, les enqu\u00eates et certains reportages constituent l\u2019\u00e9dition abonn\u00e9s de Rue89 Bordeaux. En tant que m\u00e9dia ind\u00e9pendant, nos ressources proviennent de nos lectrices et lecteurs abonn\u00e9s, aucun milliardaire ni groupe bancaire ne nous finance.<\/p>\n<p>Nous demandons \u00e0 nos lecteurs une faible contribution pour disposer \u00e0 Bordeaux d\u2019un m\u00e9dia critique des pouvoirs, capable d\u2019enqu\u00eater et de traiter les enjeux locaux en profondeur et dans la dur\u00e9e.<\/p>\n<p>Chaque abonnement compte. Toutes nos recettes sont investies dans un journalisme local ind\u00e9pendant, dont la force et la r\u00e9activit\u00e9 d\u00e9pend directement du nombre d\u2019abonn\u00e9s actifs.<\/p>\n<p class=\"has-text-align-right\"><strong><a href=\"https:\/\/rue89bordeaux.com\/?p=128375\" data-type=\"page\" data-id=\"0\" target=\"_blank\" rel=\"noopener\">Je m\u2019abonne\u00a0 <\/a><\/strong><\/p>\n<p>\t\t\t<a href=\"https:\/\/rue89bordeaux.com\/\" class=\"custom-logo-link\" rel=\"home noopener\" target=\"_blank\"><img loading=\"lazy\" decoding=\"async\" width=\"290\" height=\"49\" src=\"https:\/\/www.europesays.com\/fr\/wp-content\/uploads\/2025\/04\/logo.png\" class=\"custom-logo\" alt=\"Rue89Bordeaux Enqu\u00eates et informations de proximit\u00e9\"  \/><\/a><\/p>\n<p>\n\t\t\t\tAbonnez-vous maintenant pour suivre l\u2019actualit\u00e9 locale.\t\t\t<\/p>\n<p class=\"font-bold font-serif-heading mb-2 text-4xl\">\n\t\t\t\t\t\tL\u2019investigation locale \u00e0 port\u00e9e de main.\n\t\t\t\t\t<\/p>\n<p>\n\t\t\t\t\t\tAbonnez-vous et profitez d\u2019un acc\u00e8s illimit\u00e9 \u00e0 Rue89Bordeaux. Annulez quand vous voulez.\n\t\t\t\t\t<\/p>\n<p class=\"xl:text-sm\">\n\t\t\t\t\tD\u00e9j\u00e0 abonn\u00e9\u00a0?<br \/>\n\t\t\t\t\t<a class=\"border border-transparent text-center transition-colors duration-instant focus:border-info focus:rounded focus:shadow-focus cursor-pointer text-black hover:text-gray-700 active:bg-black-700 font-semibold inline-block\" href=\"https:\/\/rue89bordeaux.com\/user\/login\/?redirect=\/2025\/07\/a-bordeaux-une-brigade-de-la-police-municipale-passe-aux-armes\/\" target=\"_blank\" rel=\"noopener\">Connectez-vous<\/a>\t\t\t\t<\/p>\n<p>\n\t\t\t\tChoisissez votre formule\u00a0:\n\t\t\t<\/p>\n<p>\t\t\t\tFermer<\/p>\n","protected":false},"excerpt":{"rendered":"La police municipale de Bordeaux d\u00e9ploie pour la premi\u00e8re fois 27 agents arm\u00e9s dans les rues de la&hellip;\n","protected":false},"author":2,"featured_media":256542,"comment_status":"","ping_status":"","sticky":false,"template":"","format":"standard","meta":{"footnotes":""},"categories":[2817],"tags":[1111,11,6376,1997,1777,674,1011,27,12,2219,2872,25],"class_list":{"0":"post-256541","1":"post","2":"type-post","3":"status-publish","4":"format-standard","5":"has-post-thumbnail","7":"category-bordeaux","8":"tag-actu","9":"tag-actualites","10":"tag-armes","11":"tag-bordeaux","12":"tag-eu","13":"tag-europe","14":"tag-fr","15":"tag-france","16":"tag-news","17":"tag-nouvelle-aquitaine","18":"tag-police-municipale","19":"tag-republique-francaise"},"share_on_mastodon":{"url":"https:\/\/pubeurope.com\/@fr\/114874688738033492","error":""},"_links":{"self":[{"href":"https:\/\/www.europesays.com\/fr\/wp-json\/wp\/v2\/posts\/256541","targetHints":{"allow":["GET"]}}],"collection":[{"href":"https:\/\/www.europesays.com\/fr\/wp-json\/wp\/v2\/posts"}],"about":[{"href":"https:\/\/www.europesays.com\/fr\/wp-json\/wp\/v2\/types\/post"}],"author":[{"embeddable":true,"href":"https:\/\/www.europesays.com\/fr\/wp-json\/wp\/v2\/users\/2"}],"replies":[{"embeddable":true,"href":"https:\/\/www.europesays.com\/fr\/wp-json\/wp\/v2\/comments?post=256541"}],"version-history":[{"count":0,"href":"https:\/\/www.europesays.com\/fr\/wp-json\/wp\/v2\/posts\/256541\/revisions"}],"wp:featuredmedia":[{"embeddable":true,"href":"https:\/\/www.europesays.com\/fr\/wp-json\/wp\/v2\/media\/256542"}],"wp:attachment":[{"href":"https:\/\/www.europesays.com\/fr\/wp-json\/wp\/v2\/media?parent=256541"}],"wp:term":[{"taxonomy":"category","embeddable":true,"href":"https:\/\/www.europesays.com\/fr\/wp-json\/wp\/v2\/categories?post=256541"},{"taxonomy":"post_tag","embeddable":true,"href":"https:\/\/www.europesays.com\/fr\/wp-json\/wp\/v2\/tags?post=256541"}],"curies":[{"name":"wp","href":"https:\/\/api.w.org\/{rel}","templated":true}]}}