{"id":256545,"date":"2025-07-18T14:24:11","date_gmt":"2025-07-18T14:24:11","guid":{"rendered":"https:\/\/www.europesays.com\/fr\/256545\/"},"modified":"2025-07-18T14:24:11","modified_gmt":"2025-07-18T14:24:11","slug":"toulouse-fc-le-sponsor-majeur-sur-le-maillot-prolonge-de-trois-ans","status":"publish","type":"post","link":"https:\/\/www.europesays.com\/fr\/256545\/","title":{"rendered":"Toulouse FC. Le sponsor majeur sur le maillot prolonge de trois ans"},"content":{"rendered":"<p><img fetchpriority=\"high\" decoding=\"async\" width=\"620\" height=\"413\" src=\"https:\/\/www.europesays.com\/fr\/wp-content\/uploads\/2025\/07\/TC-x-LP-Promotion-620x413.jpeg\" alt=\"Toulouse FC. Le sponsor majeur sur le maillot prolonge de trois ans\" class=\"wp-image-373633\"  \/>Un partenariat qui dure entre le TFC et LP Promotion.<\/p>\n<p>Le <a href=\"https:\/\/sportune.20minutes.fr\/toulouse-fc-tfc\" rel=\"nofollow noopener\" target=\"_blank\">Toulouse Football Club<\/a> a officialis\u00e9 ce vendredi la prolongation de son accord avec LP Promotion jusqu\u2019\u00e0 l\u2019\u00e9t\u00e9 2028. Cette extension de trois saisons maintient le groupe immobilier national comme partenaire majeur du club violet. Ce renouvellement p\u00e9rennise une relation commerciale initi\u00e9e au milieu des ann\u00e9es 2000.<\/p>\n<p>LP Promotion a accompagn\u00e9 le <a href=\"https:\/\/sportune.20minutes.fr\/toulouse-fc-tfc\" rel=\"nofollow noopener\" target=\"_blank\">TFC<\/a> \u00e0 travers ses diff\u00e9rents parcours sportifs, de la <a href=\"https:\/\/sportune.20minutes.fr\/ligue-2-l2\" rel=\"nofollow noopener\" target=\"_blank\">Ligue 2<\/a> aux comp\u00e9titions europ\u00e9ennes r\u00e9centes. Le groupe immobilier conserve sa position de partenaire principal sur le maillot toulousain.<\/p>\n<p>Dans le cadre de cet accord, LP Promotion maintient sa pr\u00e9sence sur la face avant du maillot pour la saison 2025-2026 et b\u00e9n\u00e9ficie d\u2019une visibilit\u00e9 renforc\u00e9e au Stadium via diff\u00e9rents supports premium. Le partenaire dispose \u00e9galement d\u2019un programme d\u2019activations et de places pour assister aux matchs des Violets.<\/p>\n<p>Un partenariat \u00e9galement tourn\u00e9 vers le projet de centre de formation<\/p>\n<p>\u00ab\u00a0LP Promotion est un partenaire historique du <a href=\"https:\/\/sportune.20minutes.fr\/toulouse-fc-tfc\" rel=\"nofollow noopener\" target=\"_blank\">Toulouse FC<\/a>, pr\u00e9sent \u00e0 nos c\u00f4t\u00e9s depuis pr\u00e8s de vingt ans. Leur fid\u00e9lit\u00e9 et leur engagement, constants au fil des saisons, t\u00e9moignent de la solidit\u00e9 de notre relation. Cette prolongation s\u2019inscrit dans une volont\u00e9 partag\u00e9e de poursuivre ensemble le d\u00e9veloppement du club et de faire grandir un projet durable, ancr\u00e9 dans son territoire\u00a0\u00bb, r\u00e9agit par communiqu\u00e9, le nouveau pr\u00e9sident du <a href=\"https:\/\/sportune.20minutes.fr\/toulouse-fc-tfc\" rel=\"nofollow noopener\" target=\"_blank\">TFC<\/a>, Olivier Cloarec.<\/p>\n<p>Cette prolongation s\u2019inscrit dans la strat\u00e9gie de d\u00e9veloppement du <a href=\"https:\/\/sportune.20minutes.fr\/toulouse-fc-tfc\" rel=\"nofollow noopener\" target=\"_blank\">Toulouse FC<\/a>, notamment dans le cadre du projet du centre de performance qui doit reprendre dans les prochaines semaines. Le groupe LP Promotion apporte son expertise pour accompagner cette r\u00e9alisation.<\/p>\n","protected":false},"excerpt":{"rendered":"Un partenariat qui dure entre le TFC et LP Promotion. Le Toulouse Football Club a officialis\u00e9 ce vendredi&hellip;\n","protected":false},"author":2,"featured_media":256546,"comment_status":"","ping_status":"","sticky":false,"template":"","format":"standard","meta":{"footnotes":""},"categories":[2816],"tags":[1111,11,1777,674,1011,27,12,2680,25,17992,4450,2312,39650],"class_list":{"0":"post-256545","1":"post","2":"type-post","3":"status-publish","4":"format-standard","5":"has-post-thumbnail","7":"category-toulouse","8":"tag-actu","9":"tag-actualites","10":"tag-eu","11":"tag-europe","12":"tag-fr","13":"tag-france","14":"tag-news","15":"tag-occitanie","16":"tag-republique-francaise","17":"tag-sponsoring","18":"tag-tfc","19":"tag-toulouse","20":"tag-yahoo"},"share_on_mastodon":{"url":"https:\/\/pubeurope.com\/@fr\/114874696665684285","error":""},"_links":{"self":[{"href":"https:\/\/www.europesays.com\/fr\/wp-json\/wp\/v2\/posts\/256545","targetHints":{"allow":["GET"]}}],"collection":[{"href":"https:\/\/www.europesays.com\/fr\/wp-json\/wp\/v2\/posts"}],"about":[{"href":"https:\/\/www.europesays.com\/fr\/wp-json\/wp\/v2\/types\/post"}],"author":[{"embeddable":true,"href":"https:\/\/www.europesays.com\/fr\/wp-json\/wp\/v2\/users\/2"}],"replies":[{"embeddable":true,"href":"https:\/\/www.europesays.com\/fr\/wp-json\/wp\/v2\/comments?post=256545"}],"version-history":[{"count":0,"href":"https:\/\/www.europesays.com\/fr\/wp-json\/wp\/v2\/posts\/256545\/revisions"}],"wp:featuredmedia":[{"embeddable":true,"href":"https:\/\/www.europesays.com\/fr\/wp-json\/wp\/v2\/media\/256546"}],"wp:attachment":[{"href":"https:\/\/www.europesays.com\/fr\/wp-json\/wp\/v2\/media?parent=256545"}],"wp:term":[{"taxonomy":"category","embeddable":true,"href":"https:\/\/www.europesays.com\/fr\/wp-json\/wp\/v2\/categories?post=256545"},{"taxonomy":"post_tag","embeddable":true,"href":"https:\/\/www.europesays.com\/fr\/wp-json\/wp\/v2\/tags?post=256545"}],"curies":[{"name":"wp","href":"https:\/\/api.w.org\/{rel}","templated":true}]}}