{"id":256553,"date":"2025-07-18T14:28:10","date_gmt":"2025-07-18T14:28:10","guid":{"rendered":"https:\/\/www.europesays.com\/fr\/256553\/"},"modified":"2025-07-18T14:28:10","modified_gmt":"2025-07-18T14:28:10","slug":"ligpn-requiert-un-renvoi-devant-le-conseil-de-discipline-des-policiers-de-laffaire-hedi","status":"publish","type":"post","link":"https:\/\/www.europesays.com\/fr\/256553\/","title":{"rendered":"l\u2019IGPN requiert un renvoi devant le conseil de discipline des policiers de l\u2019affaire Hedi"},"content":{"rendered":"<p>L\u2019IGPN a rendu son rapport dans l\u2019affaire Hedi, du nom de ce jeune homme qui avait perdu, en juillet 2023, une partie de son cr\u00e2ne en marge des \u00e9meutes \u00e0 Marseille. La police des polices met notamment en cause la commandante de police en poste ce soir-l\u00e0.<\/p>\n<p class=\"fig-paragraph\">L\u2019image du jeune gar\u00e7on au visage d\u00e9figur\u00e9 avait fait le tour des r\u00e9seaux sociaux \u00e0 l\u2019\u00e9t\u00e9 2023. Deux ans apr\u00e8s les faits,\u00a0<a href=\"http:\/\/www.lefigaro.fr\/marseille\/marseille-enquete-de-l-igpn-apres-la-parution-d-un-livre-sur-les-tueurs-a-gages-20241021\" data-fig-type=\"NewsFlash\" data-gtm-custom-categorie=\"navigation\" data-gtm-custom-action=\"crossclick\" data-gtm-custom-label=\"Contextuel\" data-gtm-event=\"customEventSPE\" data-fig-domain=\"LEFIGARO\" rel=\"nofollow noopener\" target=\"_blank\">l\u2019inspection g\u00e9n\u00e9rale de la police nationale<\/a>\u00a0a rendu son rapport dans<a href=\"http:\/\/www.lefigaro.fr\/faits-divers\/affaire-hedi-le-policier-marseillais-remis-en-liberte-20230901\" data-fig-type=\"NewsFlash\" data-gtm-custom-categorie=\"navigation\" data-gtm-custom-action=\"crossclick\" data-gtm-custom-label=\"Contextuel\" data-gtm-event=\"customEventSPE\" data-fig-domain=\"LEFIGARO\" rel=\"nofollow noopener\" target=\"_blank\">\u00a0l\u2019affaire Hedi,<\/a>\u00a0a appris Le Figaro aupr\u00e8s de l\u2019avocat de la victime, confirmant une information initiale de\u00a0<a href=\"https:\/\/www.mediapart.fr\/journal\/france\/150725\/affaire-hedi-l-igpn-reclame-un-conseil-de-discipline-le-ministere-attend\" target=\"_blank\" rel=\"sponsored noopener nofollow\" data-gtm-custom-categorie=\"navigation\" data-gtm-custom-action=\"crossclick\" data-gtm-custom-label=\"Contextuel\" data-gtm-event=\"customEventSPE\">Mediapart<\/a>.<\/p>\n<p class=\"fig-paragraph\">En juillet 2023, le parquet de Marseille avait ouvert une information judiciaire, pour violences en r\u00e9union par personne d\u00e9positaire de l\u2019autorit\u00e9 publique ayant entra\u00een\u00e9 une ITT (incapacit\u00e9 totale de travail) sup\u00e9rieure \u00e0 8 jours. Dans la nuit du 1er au 2 juillet 2023, un jeune homme de 21 ans, Hedi, avait \u00e9t\u00e9 hospitalis\u00e9 \u00e0 la suite d\u2019importantes blessures. Le jeune homme, \u00e2g\u00e9 de 22 ans au moment des faits avait \u00e9t\u00e9 amput\u00e9 d\u2019une partie de son cr\u00e2ne apr\u00e8s un tir de LBD et un d\u00e9ferlement de coups de poing et de pied de policiers, alors qu\u2019il se trouvait au sol. Au final, quatre membres des forces de l\u2019ordre avaient \u00e9t\u00e9 mis en examen.<\/p>\n<p>                                    <a class=\"fig-a11y-skip a11y-hidden\" href=\"#fig-a11y-skip-main-inarticle\"><br \/>\n        Passer la publicit\u00e9<br \/>\n    <\/a><\/p>\n<p>D\u2019importantes s\u00e9quelles<\/p>\n<p class=\"fig-paragraph\">Dans ce rapport en date de f\u00e9vrier dernier, selon l\u2019avocat, la police des polices requiert des sanctions disciplinaires \u00e0 l\u2019encontre des policiers mis en cause dans ce dossier, sans pour autant qu\u2019un conseil de discipline n\u2019ait eu encore lieu. Selon nos confr\u00e8res, l\u2019IGPN pointe un \u00abusage disproportionn\u00e9\u00bb de la force face \u00e0 un homme \u00abqui ne repr\u00e9sentait aucune menace imm\u00e9diate\u00bb. Elle met \u00e9galement en cause la commandante en poste \u00e0 ce moment-l\u00e0.<\/p>\n<p class=\"fig-paragraph\">\u00abElle \u00e9tait au plus pr\u00e8s des faits commis par ses subordonn\u00e9s, rapporte Me Mehdi Khezami. Elle avait donc parfaitement connaissance de l\u2019agression dont a \u00e9t\u00e9 victime Hedi. Elle n\u2019est pas intervenue, ni pour emp\u00eacher, ni pour mettre un terme, ni pour d\u00e9noncer ces faits, en d\u00e9pit de sa sup\u00e9riorit\u00e9 hi\u00e9rarchique et de son pouvoir. Nous pensons que sa mise en examen serait parfaitement justifi\u00e9e car il existe des indices graves ou concordants que la commandante a commis des infractions p\u00e9nales.\u00bb<\/p>\n<p class=\"fig-paragraph\">Selon l\u2019avocat d\u2019Hedi, son client aujourd\u2019hui conserve d\u2019importantes s\u00e9quelles psychiques et psychologiques\u00a0: \u00abCes s\u00e9quelles l\u2019emp\u00eachent d\u2019envisager un avenir car elles l\u2019emp\u00eachent de travailler, en raison notamment de troubles cognitifs, de troubles de l\u2019attention et de fortes douleurs.\u00bb<\/p>\n","protected":false},"excerpt":{"rendered":"L\u2019IGPN a rendu son rapport dans l\u2019affaire Hedi, du nom de ce jeune homme qui avait perdu, en&hellip;\n","protected":false},"author":2,"featured_media":256554,"comment_status":"","ping_status":"","sticky":false,"template":"","format":"standard","meta":{"footnotes":""},"categories":[2814],"tags":[1111,11,1777,674,1011,27,35088,884,12,1072,882,25],"class_list":{"0":"post-256553","1":"post","2":"type-post","3":"status-publish","4":"format-standard","5":"has-post-thumbnail","7":"category-marseille","8":"tag-actu","9":"tag-actualites","10":"tag-eu","11":"tag-europe","12":"tag-fr","13":"tag-france","14":"tag-igpn","15":"tag-marseille","16":"tag-news","17":"tag-police","18":"tag-provence-alpes-cote-dazur","19":"tag-republique-francaise"},"share_on_mastodon":{"url":"https:\/\/pubeurope.com\/@fr\/114874712273480616","error":""},"_links":{"self":[{"href":"https:\/\/www.europesays.com\/fr\/wp-json\/wp\/v2\/posts\/256553","targetHints":{"allow":["GET"]}}],"collection":[{"href":"https:\/\/www.europesays.com\/fr\/wp-json\/wp\/v2\/posts"}],"about":[{"href":"https:\/\/www.europesays.com\/fr\/wp-json\/wp\/v2\/types\/post"}],"author":[{"embeddable":true,"href":"https:\/\/www.europesays.com\/fr\/wp-json\/wp\/v2\/users\/2"}],"replies":[{"embeddable":true,"href":"https:\/\/www.europesays.com\/fr\/wp-json\/wp\/v2\/comments?post=256553"}],"version-history":[{"count":0,"href":"https:\/\/www.europesays.com\/fr\/wp-json\/wp\/v2\/posts\/256553\/revisions"}],"wp:featuredmedia":[{"embeddable":true,"href":"https:\/\/www.europesays.com\/fr\/wp-json\/wp\/v2\/media\/256554"}],"wp:attachment":[{"href":"https:\/\/www.europesays.com\/fr\/wp-json\/wp\/v2\/media?parent=256553"}],"wp:term":[{"taxonomy":"category","embeddable":true,"href":"https:\/\/www.europesays.com\/fr\/wp-json\/wp\/v2\/categories?post=256553"},{"taxonomy":"post_tag","embeddable":true,"href":"https:\/\/www.europesays.com\/fr\/wp-json\/wp\/v2\/tags?post=256553"}],"curies":[{"name":"wp","href":"https:\/\/api.w.org\/{rel}","templated":true}]}}