{"id":256555,"date":"2025-07-18T14:29:11","date_gmt":"2025-07-18T14:29:11","guid":{"rendered":"https:\/\/www.europesays.com\/fr\/256555\/"},"modified":"2025-07-18T14:29:11","modified_gmt":"2025-07-18T14:29:11","slug":"lyon-lauteur-dun-accident-mortel-en-fuite-depuis-sa-condamnation-arrete-grace-a-son-gout-pour-les-pizzas","status":"publish","type":"post","link":"https:\/\/www.europesays.com\/fr\/256555\/","title":{"rendered":"Lyon. L\u2019auteur d\u2019un accident mortel, en fuite depuis sa condamnation, arr\u00eat\u00e9 gr\u00e2ce \u00e0 son go\u00fbt pour les pizzas"},"content":{"rendered":"<p>Ce vendredi 18\u00a0juillet \u00e0 6 heures, Nabil Saoula a \u00e9t\u00e9 arr\u00eat\u00e9 dans l\u2019appartement de la Duch\u00e8re, \u00e0 Lyon (9e) qui lui servait de planque. Vis\u00e9 par un mandat d\u2019arr\u00eat de la Cour d\u2019appel de Lyon en date du 2\u00a0juillet, il a \u00e9t\u00e9 trahi par sa consommation de pizza. Car c\u2019est en surveillant les livraisons que les enqu\u00eateurs du GRIF (groupe de recherche des individus en fuite) ont pu rep\u00e9rer l\u2019appartement conspiratif o\u00f9 il a \u00e9t\u00e9 interpell\u00e9 avec l\u2019appui de la BRI.<\/p>\n<p>Il a ensuite \u00e9t\u00e9 pr\u00e9sent\u00e9 \u00e0 la cour d\u2019appel, en vue de son incarc\u00e9ration pour purger une peine de 8 ans d\u2019emprisonnement, prononc\u00e9e le 3\u00a0f\u00e9vrier et confirm\u00e9e le 2\u00a0juillet en appel. Pr\u00e9sent en premi\u00e8re instance et bri\u00e8vement incarc\u00e9r\u00e9, Nabil Saoula ne s\u2019est pas pr\u00e9sent\u00e9 devant <a href=\"https:\/\/www.leprogres.fr\/faits-divers-justice\/2025\/07\/02\/retraite-tue-par-un-chauffard-fuyant-la-police-les-huit-ans-de-prison-confirmes-en-appel-le-prevenu-en-fuite\" target=\"_blank\" rel=\"noopener\">la cour d\u2019appel,<\/a> car il \u00e9tait en cavale.<\/p>\n<p>  Deux pi\u00e9tons fauch\u00e9s<\/p>\n<p>Les faits qui lui ont valu cette condamnation remontent au matin du 21\u00a0septembre 2018, \u00e0 Villeurbanne. Apr\u00e8s une nuit arros\u00e9e \u00e0 la vodka, il est rep\u00e9r\u00e9 par la police au volant d\u2019un Range Rover qu\u2019il a emprunt\u00e9 pour parader lors d\u2019un mariage.<\/p>\n<p>\u00c0 la vue des gyrophares, il acc\u00e9l\u00e8re pour \u00e9chapper au contr\u00f4le mais apr\u00e8s neuf minutes de fuite, il rate un virage, arrache du mobilier urbain rue de Pressens\u00e9, et fauche deux pi\u00e9tons sur le trottoir. Alors que les victimes sont sous ses roues, il passe la marche arri\u00e8re puis s\u2019enfuit. Alain Gadeau, un retrait\u00e9 de 64 ans, ne survivra pas et un adolescent est gri\u00e8vement bless\u00e9.<\/p>\n","protected":false},"excerpt":{"rendered":"Ce vendredi 18\u00a0juillet \u00e0 6 heures, Nabil Saoula a \u00e9t\u00e9 arr\u00eat\u00e9 dans l\u2019appartement de la Duch\u00e8re, \u00e0 Lyon&hellip;\n","protected":false},"author":2,"featured_media":256556,"comment_status":"","ping_status":"","sticky":false,"template":"","format":"standard","meta":{"footnotes":""},"categories":[1889],"tags":[1111,11,2430,271,272,2757,1777,674,274,107,1011,27,2428,24818,24817,12,25,2429],"class_list":{"0":"post-256555","1":"post","2":"type-post","3":"status-publish","4":"format-standard","5":"has-post-thumbnail","7":"category-lyon","8":"tag-actu","9":"tag-actualites","10":"tag-auvergne-rhone-alpes","11":"tag-crime","12":"tag-delit-et-contravention","13":"tag-edition-lyon-villeurbanne","14":"tag-eu","15":"tag-europe","16":"tag-faits-divers-justice","17":"tag-fil-info","18":"tag-fr","19":"tag-france","20":"tag-lyon","21":"tag-lyon-9e","22":"tag-lyon-9e-arrondissement","23":"tag-news","24":"tag-republique-francaise","25":"tag-rhone"},"share_on_mastodon":{"url":"https:\/\/pubeurope.com\/@fr\/114874716200021565","error":""},"_links":{"self":[{"href":"https:\/\/www.europesays.com\/fr\/wp-json\/wp\/v2\/posts\/256555","targetHints":{"allow":["GET"]}}],"collection":[{"href":"https:\/\/www.europesays.com\/fr\/wp-json\/wp\/v2\/posts"}],"about":[{"href":"https:\/\/www.europesays.com\/fr\/wp-json\/wp\/v2\/types\/post"}],"author":[{"embeddable":true,"href":"https:\/\/www.europesays.com\/fr\/wp-json\/wp\/v2\/users\/2"}],"replies":[{"embeddable":true,"href":"https:\/\/www.europesays.com\/fr\/wp-json\/wp\/v2\/comments?post=256555"}],"version-history":[{"count":0,"href":"https:\/\/www.europesays.com\/fr\/wp-json\/wp\/v2\/posts\/256555\/revisions"}],"wp:featuredmedia":[{"embeddable":true,"href":"https:\/\/www.europesays.com\/fr\/wp-json\/wp\/v2\/media\/256556"}],"wp:attachment":[{"href":"https:\/\/www.europesays.com\/fr\/wp-json\/wp\/v2\/media?parent=256555"}],"wp:term":[{"taxonomy":"category","embeddable":true,"href":"https:\/\/www.europesays.com\/fr\/wp-json\/wp\/v2\/categories?post=256555"},{"taxonomy":"post_tag","embeddable":true,"href":"https:\/\/www.europesays.com\/fr\/wp-json\/wp\/v2\/tags?post=256555"}],"curies":[{"name":"wp","href":"https:\/\/api.w.org\/{rel}","templated":true}]}}