{"id":256561,"date":"2025-07-18T14:35:22","date_gmt":"2025-07-18T14:35:22","guid":{"rendered":"https:\/\/www.europesays.com\/fr\/256561\/"},"modified":"2025-07-18T14:35:22","modified_gmt":"2025-07-18T14:35:22","slug":"agnes-varda-flaneuse-libre-dun-paris-revolu-blind-magazine","status":"publish","type":"post","link":"https:\/\/www.europesays.com\/fr\/256561\/","title":{"rendered":"Agn\u00e8s Varda, fl\u00e2neuse libre d\u2019un Paris r\u00e9volu \u2014 Blind Magazine"},"content":{"rendered":"<p>L\u2019exposition, construite comme un voyage \u00e0 travers ses images, ses films et ses objets, rend hommage \u00e0 la photographe qu\u2019elle fut avant de devenir la cin\u00e9aste c\u00e9l\u00e9br\u00e9e. Un parcours foisonnant et sensible \u00e0 travers l\u2019\u0153uvre photographique encore trop m\u00e9connue de la cin\u00e9aste, o\u00f9 la capitale devient miroir, d\u00e9cor et mati\u00e8re premi\u00e8re. De la photographie au cin\u00e9ma, du documentaire \u00e0 la fiction, du r\u00e9el \u00e0 la po\u00e9sie, Agn\u00e8s Varda a sillonn\u00e9 Paris comme elle a fa\u00e7onn\u00e9 son art : en libert\u00e9.<\/p>\n<p>\u00ab Je n\u2019habite pas Paris, j\u2019habite Paris 14e \u00bb, disait Varda. Le fil rouge de cette promenade, c\u2019est une adresse : 86 rue Daguerre, Paris 14e. On red\u00e9couvre ici les d\u00e9buts d\u2019une jeune femme qui, dans les ann\u00e9es 1950, install\u00e9e au 86 rue Daguerre, transforme deux boutiques d\u00e9cr\u00e9pites en atelier de cr\u00e9ation. Ce lieu, devenu mythique, est plus qu\u2019une adresse : c\u2019est le point d\u2019ancrage d\u2019une vie, un laboratoire quotidien d\u2019exp\u00e9rimentations visuelles et narratives. C\u2019est l\u00e0 qu\u2019elle photographie ses premiers mod\u00e8les \u2014 des voisins, des com\u00e9diens, des amis. C\u2019est l\u00e0, surtout, que s\u2019invente un regard : un cadre brut, une lumi\u00e8re naturelle, une intimit\u00e9. Varda commence photographe, artisanale et intuitive, entre CAP et chambre noire. Elle monte sa premi\u00e8re exposition dans la cour en 1954, comme d\u2019autres plantent des choux.<\/p>\n<p><a href=\"https:\/\/www.blind-magazine.com\/wp-content\/uploads\/2025\/06\/1.-agnes-varda-autoportrait-dans-son-studio-rue-daguerre-scaled.jpg\" target=\"_blank\" rel=\"noopener\"><\/p>\n<p><img fetchpriority=\"high\" decoding=\"async\" width=\"867\" height=\"1024\" src=\"https:\/\/www.europesays.com\/fr\/wp-content\/uploads\/2025\/07\/1.-agnes-varda-autoportrait-dans-son-studio-rue-daguerre-867x1024.jpg\" alt=\"Agn\u00e8s Varda, Autoportrait dans son studio, rue Daguerre, Paris 14e, 1956 \u00a9 Succession Agn\u00e8s Varda\"  \/><\/p>\n<p><\/a>Agn\u00e8s Varda, Autoportrait dans son studio, rue Daguerre, Paris 14e, 1956 \u00a9 Succession Agn\u00e8s Varda<\/p>\n<p><a href=\"https:\/\/www.blind-magazine.com\/wp-content\/uploads\/2025\/06\/7.-agnes-varda-valentine-schlegel-et-frederique-bourguet-a-montmartre-scaled.jpg\" target=\"_blank\" rel=\"noopener\"><\/p>\n<p><img loading=\"lazy\" decoding=\"async\" width=\"743\" height=\"1024\" src=\"https:\/\/www.europesays.com\/fr\/wp-content\/uploads\/2025\/07\/7.-agnes-varda-valentine-schlegel-et-frederique-bourguet-a-montmartre-743x1024.jpg\" alt=\"Agn\u00e8s Varda, Valentine Schlegel et Fr\u00e9d\u00e9rique Bourguet \u00e0 Montmartre, Paris 18e, 1948-1949 \u00a9 Succession Agn\u00e8s Varda\"  \/><\/p>\n<p><\/a>Agn\u00e8s Varda, Valentine Schlegel et Fr\u00e9d\u00e9rique Bourguet \u00e0 Montmartre, Paris 18e, 1948-1949 \u00a9 Succession Agn\u00e8s Varda<\/p>\n<p>La rue Daguerre n\u2019est pas seulement un refuge. Elle devient le centre gravitationnel d\u2019une \u0153uvre libre. Tout est l\u00e0, dans cette maison de cr\u00e9ation et de m\u00e9moire, devenue au fil du temps un studio, une sc\u00e8ne, un personnage. L\u2019exposition en explore toutes les facettes : 130 tirages, pour la plupart in\u00e9dits, des extraits de films, des objets, des documents, ses travaux pour la publicit\u00e9 et la presse, des installations. On comprend pourquoi la cin\u00e9aste se d\u00e9finissait volontiers comme \u00ab daguerr\u00e9otypesse \u00bb, clin d\u2019\u0153il f\u00e9minis\u00e9 aux pionniers de la photographie.<\/p>\n<p>Mais si la rue Daguerre est le c\u0153ur, Paris est le corps entier. \u00c0 travers ses images, Varda capte une ville vivante, inattendue. Ses photos de th\u00e9\u00e2tre, prises pour le TNP de Jean Vilar, r\u00e9v\u00e8lent un Paris populaire et habit\u00e9. Il y a aussi les artistes qu\u2019elle rencontre et photographie avec humour et malice : Alexander Calder devant son atelier, Fellini pos\u00e9 au milieu des gravats d\u2019une ancienne fortification portes de Vanves, Brassa\u00ef devant un mur d\u00e9cr\u00e9pit\u2026 Agn\u00e8s Varda les fait entrer dans son th\u00e9\u00e2tre du quotidien, les d\u00e9tourne du prestige pour les r\u00e9int\u00e9grer dans une ville vivante, imparfaite, pleine d\u2019asp\u00e9rit\u00e9s. Il y a toujours, chez Varda, une mani\u00e8re de d\u00e9placer le r\u00e9el, de le faire d\u00e9railler. Le quotidien devient terrain de jeu, les visages familiers en deviennent les acteurs.\u00a0<\/p>\n<p><a href=\"https:\/\/www.blind-magazine.com\/wp-content\/uploads\/2025\/06\/5.-agnes-varda-fellini.jpg\" target=\"_blank\" rel=\"noopener\"><img loading=\"lazy\" decoding=\"async\" width=\"1024\" height=\"920\" src=\"https:\/\/www.europesays.com\/fr\/wp-content\/uploads\/2025\/07\/5.-agnes-varda-fellini-1024x920.jpg\" alt=\"Agn\u00e8s Varda, Fellini \u00e0 la porte de Vanves, Paris 14e, mars 1956 \u00a9 Succession Agn\u00e8s Varda\" class=\"wp-image-21542732\"  \/><\/a>Agn\u00e8s Varda, Fellini \u00e0 la porte de Vanves, Paris 14e, mars 1956<br \/>\n\u00a9 Succession Agn\u00e8s Varda<\/p>\n<p><a href=\"https:\/\/www.blind-magazine.com\/wp-content\/uploads\/2025\/06\/4.-agnes-varda-alexandre-calder.jpg\" target=\"_blank\" rel=\"noopener\"><\/p>\n<p><img loading=\"lazy\" decoding=\"async\" width=\"1024\" height=\"866\" src=\"https:\/\/www.europesays.com\/fr\/wp-content\/uploads\/2025\/07\/4.-agnes-varda-alexandre-calder-1024x866.jpg\" alt=\"Agn\u00e8s Varda, Alexander Calder devant son atelier, Paris 14e, octobre 1954 \u00a9 Succession Agn\u00e8s Varda \/ 2025 Calder Foundation, New York \/ ADAGP, Paris\"  \/><\/p>\n<p><\/a>Agn\u00e8s Varda, Alexander Calder devant son atelier, Paris 14e, octobre 1954 \u00a9 Succession Agn\u00e8s Varda \/ 2025 Calder Foundation, New York \/ ADAGP, Paris<\/p>\n<p><a href=\"https:\/\/www.blind-magazine.com\/wp-content\/uploads\/2025\/06\/8.-liliane-de-kermadec-corinne-marchand-sur-le-tournage-du-film-cleo-de-5-a-7.jpg\" target=\"_blank\" rel=\"noopener\"><\/p>\n<p><img loading=\"lazy\" decoding=\"async\" width=\"1024\" height=\"683\" src=\"https:\/\/www.europesays.com\/fr\/wp-content\/uploads\/2025\/07\/8.-liliane-de-kermadec-corinne-marchand-sur-le-tournage-du-film-cleo-de-5-a-7-1024x683.jpg\" alt=\"Photographie de Liliane de Kermadec, Corinne Marchand sur le tournage du film d\u2019Agn\u00e8s Varda Cl\u00e9o de 5 \u00e0 7, Cl\u00e9o au caf\u00e9 du D\u00f4me, Paris 14e, 1961 Liliane de Kermadec \u00a9 Cin\u00e9-Tamaris\"  \/><\/p>\n<p><\/a>Photographie de Liliane de Kermadec, Corinne Marchand sur le tournage du film d\u2019Agn\u00e8s<br \/>\nVarda Cl\u00e9o de 5 \u00e0 7, Cl\u00e9o au caf\u00e9 du D\u00f4me, Paris 14e, 1961<br \/>\nLiliane de Kermadec \u00a9 Cin\u00e9-Tamaris<\/p>\n<p><a href=\"https:\/\/www.blind-magazine.com\/wp-content\/uploads\/2025\/06\/3.-tournage-du-film-l-une-chante-l-autre-pas.jpg\" target=\"_blank\" rel=\"noopener\"><\/p>\n<p><img loading=\"lazy\" decoding=\"async\" width=\"1024\" height=\"771\" src=\"https:\/\/www.europesays.com\/fr\/wp-content\/uploads\/2025\/07\/3.-tournage-du-film-l-une-chante-l-autre-pas-1024x771.jpg\" alt=\"Photographie de Robert Picard, Val\u00e9rie Mairesse, Robert Dadi\u00e8s et Agn\u00e8s Varda sur le tournage du film d\u2019Agn\u00e8s Varda L\u2019une Chante, l\u2019autre pas, 1976 Robert Picard \u00a9 Cin\u00e9-Tamaris\"  \/><\/p>\n<p><\/a>Photographie de Robert Picard, Val\u00e9rie Mairesse, Robert Dadi\u00e8s et Agn\u00e8s Varda sur le<br \/>\ntournage du film d\u2019Agn\u00e8s Varda L\u2019une Chante, l\u2019autre pas, 1976<br \/>\nRobert Picard \u00a9 Cin\u00e9-Tamaris<\/p>\n<p>Et puis, il y a l\u2019autoportrait, omnipr\u00e9sent sans jamais \u00eatre frontal. Agn\u00e8s Varda appara\u00eet partout : en reflet, en silhouette, en figure de dos. Elle s\u2019amuse de sa propre image, joue avec son petit corps, sa coupe au carr\u00e9, son air \u00e0 la fois s\u00e9rieux et cabotin. Elle ne se raconte pas comme une l\u00e9gende mais comme un personnage de fiction au sein de son propre d\u00e9cor, fa\u00e7onn\u00e9 par des d\u00e9cennies d\u2019amour et de cr\u00e9ation.<\/p>\n<p>Les photographies, sont souvent en dialogue avec des extraits de films tourn\u00e9s dans la capitale : Cl\u00e9o de 5 \u00e0 7, bien s\u00fbr, o\u00f9 le parcours d\u2019une femme dans Paris \u00e9pouse l\u2019angoisse de la maladie et le trouble existentiel ; Les Fianc\u00e9s du pont MacDonald, pastiche burlesque avec Godard et Anna Karina, tourn\u00e9 au bord du canal de l\u2019Ourcq ; ou encore L\u2019Op\u00e9ra-Mouffe, court-m\u00e9trage inclassable, r\u00e9alis\u00e9 alors qu\u2019elle \u00e9tait enceinte, et qui fait appara\u00eetre les visages marqu\u00e9s des habitants du quartier Mouffetard. L\u2019exposition tisse ces liens entre photo et film, r\u00e9v\u00e9lant l\u2019unit\u00e9 d\u2019un regard.<\/p>\n<p><a href=\"https:\/\/www.blind-magazine.com\/wp-content\/uploads\/2025\/06\/10.-collier-schorr-agnes-varda-dans-sa-cour-rue-daguerre-scaled.jpg\" target=\"_blank\" rel=\"noopener\"><img loading=\"lazy\" decoding=\"async\" width=\"683\" height=\"1024\" src=\"https:\/\/www.europesays.com\/fr\/wp-content\/uploads\/2025\/07\/10.-collier-schorr-agnes-varda-dans-sa-cour-rue-daguerre-683x1024.jpg\" alt=\"Collier Schorr, Agn\u00e8s Varda dans sa cour rue Daguerre, Paris 14e S\u00e9ance pour Interview magazine, 22 juillet 2018, n\u00b0 521 Courtesy Collier Schorr\" class=\"wp-image-21542734\"  \/><\/a>Collier Schorr, Agn\u00e8s Varda dans sa cour rue Daguerre, Paris 14e S\u00e9ance pour Interview magazine, 22 juillet 2018, n\u00b0 521 Courtesy Collier Schorr<\/p>\n<p><a href=\"https:\/\/www.blind-magazine.com\/wp-content\/uploads\/2025\/06\/9.-agnes-varda-rue-mouffetard-scaled.jpg\" target=\"_blank\" rel=\"noopener\"><img loading=\"lazy\" decoding=\"async\" width=\"810\" height=\"1024\" src=\"https:\/\/www.europesays.com\/fr\/wp-content\/uploads\/2025\/07\/9.-agnes-varda-rue-mouffetard-810x1024.jpg\" alt=\"Agn\u00e8s Varda, Rue Mouffetard, Paris 5e, 1957 \u00a9 Succession Agn\u00e8s Varda\" class=\"wp-image-21542736\"  \/><\/a>Agn\u00e8s Varda, Rue Mouffetard, Paris 5e, 1957<br \/>\n\u00a9 Succession Agn\u00e8s Varda<\/p>\n<blockquote class=\"wp-block-quote has-text-align-center is-layout-flow wp-block-quote-is-layout-flow\">\n<blockquote class=\"wp-block-quote is-layout-flow wp-block-quote-is-layout-flow\">\n<blockquote><p>\u00ab C\u2019est tr\u00e8s beau de filmer les gens, de leur montrer le film et qu\u2019ils soient contents. C\u2019est un t\u00e9moignage sur le quartier o\u00f9 j\u2019habite. Je ne suis pas pass\u00e9iste, il se trouve que j\u2019habite un vieux quartier. L\u00e0 o\u00f9 on est, on peut t\u00e9moigner de l\u2019existence. \u00bb \u2013 Agn\u00e8s Varda parle du film \u201cDaguerr\u00e9otypes\u201d consacr\u00e9 \u00e0 ses voisins du 14\u00e8me arrondissement<\/p><\/blockquote>\n<\/blockquote>\n<\/blockquote>\n<p>Si Agn\u00e8s Varda est une cin\u00e9aste, elle est aussi une chroniqueuse sociale, une f\u00e9ministe du r\u00e9el. Au fil des salles, l\u2019exposition r\u00e9v\u00e8le combien l\u2019image, chez Varda, est toujours une affaire de lien. Lien entre les lieux et les \u00eatres, entre les souvenirs et les gestes, entre le sensible et le politique. Elle reste fid\u00e8le \u00e0 cette attention au fragment, \u00e0 ce go\u00fbt du d\u00e9tail.\u00a0<\/p>\n<p>\u00ab Le Paris d\u2019Agn\u00e8s Varda \u00bb est une exposition g\u00e9n\u00e9reuse et subtile. En se concentrant sur son ancrage parisien, elle r\u00e9v\u00e8le les mille visages de l\u2019\u0153uvre d\u2019une vie, tiss\u00e9e de libert\u00e9, de tendresse et d\u2019impertinence. Elle nous rappelle que la ville est une sc\u00e8ne de cin\u00e9ma, un album de famille, un atelier d\u2019artiste. Qu\u2019on peut s\u2019y promener \u00ab de-ci, de-l\u00e0 \u00bb. Que regarder est d\u00e9j\u00e0 un acte de cr\u00e9ation.<\/p>\n<p><a href=\"https:\/\/www.blind-magazine.com\/wp-content\/uploads\/2025\/06\/6.-agnes-varda-boulevard-du-montparnasse.jpg\" target=\"_blank\" rel=\"noopener\"><\/p>\n<p><img loading=\"lazy\" decoding=\"async\" width=\"958\" height=\"1024\" src=\"https:\/\/www.europesays.com\/fr\/wp-content\/uploads\/2025\/07\/6.-agnes-varda-boulevard-du-montparnasse-958x1024.jpg\" alt=\"Agn\u00e8s Varda, Boulevard du Montparnasse, Paris, mars 1956 \u00a9 Succession Agn\u00e8s Varda\"  \/><\/p>\n<p><\/a>Agn\u00e8s Varda, Boulevard du Montparnasse, Paris, mars 1956<br \/>\n\u00a9 Succession Agn\u00e8s Varda<\/p>\n<p><strong>The exhibition \u201c<\/strong><a href=\"https:\/\/www.carnavalet.paris.fr\/expositions\/le-paris-dagnes-varda\" target=\"_blank\" rel=\"noopener\"><strong>Agn\u00e8s Varda\u2019s Paris, here and there<\/strong><\/a><strong>\u201d is on view until August 24, 2025 at the <\/strong><a href=\"https:\/\/www.carnavalet.paris.fr\/\" target=\"_blank\" rel=\"noopener\"><strong>Carnavalet Museum<\/strong><\/a><strong>, in Paris.<\/strong><\/p>\n","protected":false},"excerpt":{"rendered":"L\u2019exposition, construite comme un voyage \u00e0 travers ses images, ses films et ses objets, rend hommage \u00e0 la&hellip;\n","protected":false},"author":2,"featured_media":256562,"comment_status":"","ping_status":"","sticky":false,"template":"","format":"standard","meta":{"footnotes":""},"categories":[1888],"tags":[1111,1928,11,1927,1777,674,1011,27,12,1926,626,1925,25,18932],"class_list":{"0":"post-256561","1":"post","2":"type-post","3":"status-publish","4":"format-standard","5":"has-post-thumbnail","7":"category-paris","8":"tag-actu","9":"tag-actu-paris","10":"tag-actualites","11":"tag-actualites-paris","12":"tag-eu","13":"tag-europe","14":"tag-fr","15":"tag-france","16":"tag-news","17":"tag-news-paris","18":"tag-paris","19":"tag-paris-news","20":"tag-republique-francaise","21":"tag-template-cover-simple"},"share_on_mastodon":{"url":"https:\/\/pubeurope.com\/@fr\/114874740164276905","error":""},"_links":{"self":[{"href":"https:\/\/www.europesays.com\/fr\/wp-json\/wp\/v2\/posts\/256561","targetHints":{"allow":["GET"]}}],"collection":[{"href":"https:\/\/www.europesays.com\/fr\/wp-json\/wp\/v2\/posts"}],"about":[{"href":"https:\/\/www.europesays.com\/fr\/wp-json\/wp\/v2\/types\/post"}],"author":[{"embeddable":true,"href":"https:\/\/www.europesays.com\/fr\/wp-json\/wp\/v2\/users\/2"}],"replies":[{"embeddable":true,"href":"https:\/\/www.europesays.com\/fr\/wp-json\/wp\/v2\/comments?post=256561"}],"version-history":[{"count":0,"href":"https:\/\/www.europesays.com\/fr\/wp-json\/wp\/v2\/posts\/256561\/revisions"}],"wp:featuredmedia":[{"embeddable":true,"href":"https:\/\/www.europesays.com\/fr\/wp-json\/wp\/v2\/media\/256562"}],"wp:attachment":[{"href":"https:\/\/www.europesays.com\/fr\/wp-json\/wp\/v2\/media?parent=256561"}],"wp:term":[{"taxonomy":"category","embeddable":true,"href":"https:\/\/www.europesays.com\/fr\/wp-json\/wp\/v2\/categories?post=256561"},{"taxonomy":"post_tag","embeddable":true,"href":"https:\/\/www.europesays.com\/fr\/wp-json\/wp\/v2\/tags?post=256561"}],"curies":[{"name":"wp","href":"https:\/\/api.w.org\/{rel}","templated":true}]}}