{"id":256569,"date":"2025-07-18T14:39:11","date_gmt":"2025-07-18T14:39:11","guid":{"rendered":"https:\/\/www.europesays.com\/fr\/256569\/"},"modified":"2025-07-18T14:39:11","modified_gmt":"2025-07-18T14:39:11","slug":"priorite-a-lukraine-washington-remet-a-plus-tard-la-livraison-des-systemes-patriot-commandes-par-la-suisse","status":"publish","type":"post","link":"https:\/\/www.europesays.com\/fr\/256569\/","title":{"rendered":"Priorit\u00e9 \u00e0 l&rsquo;Ukraine : Washington remet \u00e0 plus tard la livraison des syst\u00e8mes Patriot command\u00e9s par la Suisse"},"content":{"rendered":"<p><img fetchpriority=\"high\" decoding=\"async\" src=\"https:\/\/www.europesays.com\/fr\/wp-content\/uploads\/2025\/07\/patriot-suisse-20230704.jpg\" alt=\"\" width=\"600\" height=\"337\" class=\"alignnone size-full wp-image-71145\"  \/><\/p>\n<p>Au d\u00e9but du mois, les \u00c9tats-Unis firent savoir qu\u2019ils allaient suspendre leurs livraisons de \u00ab\u00a0certaines armes\u00a0\u00bb \u00e0 l\u2019Ukraine afin de pr\u00e9server les stocks de leurs forces arm\u00e9es. \u00ab\u00a0Cette d\u00e9cision a \u00e9t\u00e9 prise pour mettre les int\u00e9r\u00eats de l\u2019Am\u00e9rique en premier, \u00e0 la suite d\u2019un passage en revue, par le d\u00e9partement de la D\u00e9fense, de l\u2019aide militaire de notre nation \u00e0 d\u2019autres pays \u00e0 travers le monde\u00a0\u00bb, justifia Anna Kelly, la porte-parole adjointe de la Maison Blanche. <\/p>\n<p>D\u2019apr\u00e8s plusieurs m\u00e9dias am\u00e9ricains, cette mesure concernait notamment les obus et, surtout, les missiles de d\u00e9fense a\u00e9rienne Patriot, essentiels pour permettre \u00e0 l\u2019Ukraine de se prot\u00e9ger des attaques russes de drones et de missiles. <\/p>\n<p>Cela \u00e9tant, selon le minist\u00e8re ukrainien de la D\u00e9fense, Kiev n\u2019aurait \u00ab\u00a0re\u00e7u aucune notification officielle concernant la suspension ou la r\u00e9vision des calendriers de livraison de l\u2019aide militaire convenue\u00a0\u00bb. Et d\u2019ajouter : \u00ab\u00a0La voie vers la fin de la guerre passe par une pression constante et commune sur l\u2019agresseur, ainsi que par un soutien ind\u00e9fectible \u00e0 l\u2019Ukraine\u00a0\u00bb. <\/p>\n<p>Aussi, cette annonce \u00e9tait-elle vraiment fond\u00e9e ou bien relevait-elle d\u2019une man\u0153uvre diplomatique, sachant que des discussions sur l\u2019achat d\u2019\u00e9quipements militaires par certains membres de l\u2019Otan au profit de l\u2019Ukraine \u00e9taient alors en cours ? <\/p>\n<p>\u00ab\u00a0Le plus important actuellement est que l\u2019Europe puisse acheter du mat\u00e9riel militaire ici, aux \u00c9tats-Unis, afin que nous puissions faire don de ces syst\u00e8mes militaires directement \u00e0 l\u2019Ukraine. [\u2026] Nous parlons actuellement de dix syst\u00e8mes Patriot\u00a0\u00bb, avait en effet d\u00e9clar\u00e9 Troels Lund Poulsen, le ministre danois de la D\u00e9fense, alors en visite officielle \u00e0 Washington, le 8 juillet. <\/p>\n<p>\u00ab\u00a0C\u2019est important, car les discussions d\u2019il y a deux mois indiquaient qu\u2019il n\u2019y avait plus rien \u00e0 acheter ici, aux \u00c9tats-Unis. Les discussions actuelles vont donc dans le bon sens\u00a0\u00bb, avait-il ajout\u00e9. <\/p>\n<p>A priori, la seconde hypoth\u00e8se \u00e9tait la bonne\u2026 En effet, le 14 juillet, \u00e0 l\u2019issue d\u2019une r\u00e9union avec Mark Rutte, le secr\u00e9taire g\u00e9n\u00e9ral de l\u2019Otan, le pr\u00e9sident Trump a approuv\u00e9 un accord visant \u00e0 ce que certains alli\u00e9s ach\u00e8tent des \u00e9quipements militaires am\u00e9ricains pour les livrer ensuite aux forces ukrainiennes. <\/p>\n<p>\u00ab\u00a0Nous allons fournir des armes \u00e0 l\u2019Otan en grande quantit\u00e9. Ce sont eux qui vont les livrer et ils vont en payer 100 % du co\u00fbt\u00a0\u00bb, a annonc\u00e9 M. Trump, en promettant de nouvelles sanctions \u00e0 la Russie  si celle-ci n\u2019engage pas des pourparlers de paix avec l\u2019Ukraine d\u2019ici cinquante jours. <\/p>\n<p>En r\u00e9alit\u00e9, ces \u00e9quipements militaires \u2013 principalement des syst\u00e8mes Patriot \u2013 seront achet\u00e9s par une poign\u00e9e de pays de l\u2019Otan, \u00e0 savoir le Danemark, les Pays-Bas, l\u2019Allemagne, la Su\u00e8de, la Finlande, la Norv\u00e8ge, le Royaume-Uni et le Canada. Sans surprise, \u00e9tant donn\u00e9 leur coop\u00e9ration sur le syst\u00e8me SAMP\/T, la France et l\u2019Italie ont d\u00e9cid\u00e9 de ne pas s\u2019associer \u00e0 cette initiative.<\/p>\n<p>Reste que cet accord a fait une \u00ab\u00a0victime collat\u00e9rale\u00a0\u00bb. En juin 2021, dans le cadre de son programme Air 2030, la Suisse annon\u00e7a qu\u2019elle ach\u00e8terait des chasseurs-bombardiers F-35A et des syst\u00e8mes Patriot aupr\u00e8s des \u00c9tats-Unis. Seulement, ces deux projets accumulent les difficult\u00e9s. <\/p>\n<p>En effet, Washington a fait savoir \u00e0 Berne que les trente-six F-35A command\u00e9s en 2022 allaient co\u00fbter bien plus cher que pr\u00e9vu, en raison d\u2019un malentendu sur la notion de \u00ab\u00a0prix fixe\u00a0\u00bb. Malentendu qui a depuis tourn\u00e9 \u00e0 l\u2019affaire d\u2019\u00c9tat\u2026 <\/p>\n<p>Quant \u00e0 la commande des cinq syst\u00e8mes Patriot, avec leurs missiles intercepteurs GEM-T [Guidance Enhanced Missiles], sign\u00e9e en 2022, elle risque de ne pas se concr\u00e9tiser de sit\u00f4t. Normalement, les livraisons auraient d\u00fb commencer en 2026 pour s\u2019achever deux ans plus tard. Or, la priorit\u00e9 allant d\u00e9sormais \u00e0 l\u2019Ukraine, les \u00c9tats-Unis ont pr\u00e9venu les autorit\u00e9s suisses que ce calendrier ne serait pas respect\u00e9. C\u2019est en effet ce qu\u2019a annonc\u00e9 le D\u00e9partement de la d\u00e9fense, de la protection de la population et des sports [DDPS], via un communiqu\u00e9 publi\u00e9 le 17 juillet. <\/p>\n<p>\u00ab\u00a0Les livraisons \u00e0 la Suisse prendront ainsi du retard. Pour l\u2019instant, on ignore combien de syst\u00e8mes seront concern\u00e9s et si la livraison des missiles sera \u00e9galement impact\u00e9e. Il est pour l\u2019heure impossible de d\u00e9terminer la dur\u00e9e des retards et d\u2019estimer s\u2019il y aura d\u2019autres r\u00e9percussions pour la Suisse. Les clarifications sont en cours\u00a0\u00bb, a expliqu\u00e9 le DDPS. <\/p>\n<p>L\u2019an pass\u00e9, les \u00c9tats-Unis avaient \u00e9galement pr\u00e9venu la Suisse que les missiles intercepteurs PAC-3 MSE [Missile Segment Enhancement], qui avaient fait l\u2019objet d\u2019un contrat s\u00e9par\u00e9, allaient \u00eatre livr\u00e9s en retard, d\u00e9j\u00e0 en raison de la priorit\u00e9 donn\u00e9e \u00e0 l\u2019Ukraine. <\/p>\n<p>Comme le rappelle le quotiden Le Temps, \u00ab\u00a0le cr\u00e9dit d\u2019engagement pour l\u2019acquisition du Patriot, incluant les \u00e9l\u00e9ments de conduite, les missiles PAC2 GEMT, la formation et les syst\u00e8mes d\u2019instruction, les trains de mesures logistiques, ainsi que le mat\u00e9riel de remplacement, s\u2019\u00e9l\u00e8ve \u00e0 1,987 milliard de francs [suisses]\u00a0\u00bb. Une somme \u00e0 laquelle s\u2019ajoutent les 300 millions pour les missiles PAC-3 MSE. <\/p>\n","protected":false},"excerpt":{"rendered":"Au d\u00e9but du mois, les \u00c9tats-Unis firent savoir qu\u2019ils allaient suspendre leurs livraisons de \u00ab\u00a0certaines armes\u00a0\u00bb \u00e0 l\u2019Ukraine&hellip;\n","protected":false},"author":2,"featured_media":256570,"comment_status":"","ping_status":"","sticky":false,"template":"","format":"standard","meta":{"footnotes":""},"categories":[1590],"tags":[11,39651,15470,73,1777,674,693,7032,12,38068,3067,220],"class_list":{"0":"post-256569","1":"post","2":"type-post","3":"status-publish","4":"format-standard","5":"has-post-thumbnail","7":"category-ukraine","8":"tag-actualites","9":"tag-air-2030","10":"tag-defense-aerienne","11":"tag-etats-unis","12":"tag-eu","13":"tag-europe","14":"tag-industrie","15":"tag-livraison","16":"tag-news","17":"tag-patriot","18":"tag-suisse","19":"tag-ukraine"},"share_on_mastodon":{"url":"https:\/\/pubeurope.com\/@fr\/114874755630390266","error":""},"_links":{"self":[{"href":"https:\/\/www.europesays.com\/fr\/wp-json\/wp\/v2\/posts\/256569","targetHints":{"allow":["GET"]}}],"collection":[{"href":"https:\/\/www.europesays.com\/fr\/wp-json\/wp\/v2\/posts"}],"about":[{"href":"https:\/\/www.europesays.com\/fr\/wp-json\/wp\/v2\/types\/post"}],"author":[{"embeddable":true,"href":"https:\/\/www.europesays.com\/fr\/wp-json\/wp\/v2\/users\/2"}],"replies":[{"embeddable":true,"href":"https:\/\/www.europesays.com\/fr\/wp-json\/wp\/v2\/comments?post=256569"}],"version-history":[{"count":0,"href":"https:\/\/www.europesays.com\/fr\/wp-json\/wp\/v2\/posts\/256569\/revisions"}],"wp:featuredmedia":[{"embeddable":true,"href":"https:\/\/www.europesays.com\/fr\/wp-json\/wp\/v2\/media\/256570"}],"wp:attachment":[{"href":"https:\/\/www.europesays.com\/fr\/wp-json\/wp\/v2\/media?parent=256569"}],"wp:term":[{"taxonomy":"category","embeddable":true,"href":"https:\/\/www.europesays.com\/fr\/wp-json\/wp\/v2\/categories?post=256569"},{"taxonomy":"post_tag","embeddable":true,"href":"https:\/\/www.europesays.com\/fr\/wp-json\/wp\/v2\/tags?post=256569"}],"curies":[{"name":"wp","href":"https:\/\/api.w.org\/{rel}","templated":true}]}}