{"id":256572,"date":"2025-07-18T14:41:11","date_gmt":"2025-07-18T14:41:11","guid":{"rendered":"https:\/\/www.europesays.com\/fr\/256572\/"},"modified":"2025-07-18T14:41:11","modified_gmt":"2025-07-18T14:41:11","slug":"declaration-sur-les-cyberactivites-malveillantes-de-la-russie-qui-touchent-le-royaume-uni","status":"publish","type":"post","link":"https:\/\/www.europesays.com\/fr\/256572\/","title":{"rendered":"D\u00e9claration sur les cyberactivit\u00e9s malveillantes de la Russie qui touchent le Royaume-Uni"},"content":{"rendered":"<p>Le 18 juillet\u00a02025 \u2013 Ottawa (Ontario) \u2013 Affaires mondiales Canada<\/p>\n<p>La ministre des Affaires \u00e9trang\u00e8res, l\u2019honorable Anita\u00a0Anand, le ministre de la D\u00e9fense nationale, l\u2019honorable David\u00a0J.\u00a0McGuinty, et le ministre de la S\u00e9curit\u00e9 publique, l\u2019honorable Gary\u00a0Anandasangaree, ont fait aujourd\u2019hui la d\u00e9claration suivante\u00a0:<\/p>\n<p>\u00ab\u00a0Le Canada condamne fermement les cyberactivit\u00e9s malveillantes de la Russie qui visent le Royaume-Uni, d\u2019autres alli\u00e9s et l\u2019Ukraine. Le Canada se joint \u00e0 ses partenaires et alli\u00e9s pour d\u00e9noncer cette activit\u00e9 du Service de renseignement militaire russe (le GRU). Les cyberactivit\u00e9s malveillantes de la Russie et les r\u00e9percussions n\u00e9fastes qu\u2019elles ont ensuite dans le monde r\u00e9el tels que le bombardement du th\u00e9\u00e2tre de Marioupol, l&rsquo;attaque contre Yulia Skripal et des cyberattaques pour soutenir la guerre ill\u00e9gale de Poutine en Ukraine.<\/p>\n<p>\u00ab\u00a0Le mod\u00e8le de cyberactivit\u00e9s perturbatrices adopt\u00e9 par la Russie d\u00e9montre un m\u00e9pris r\u00e9p\u00e9t\u00e9 pour le syst\u00e8me international fond\u00e9 sur des r\u00e8gles. Il d\u00e9montre \u00e9galement la volont\u00e9 de la Russie d\u2019utiliser ses cybercapacit\u00e9s de mani\u00e8re irresponsable dans le cadre d\u2019une campagne plus large visant \u00e0 perturber et \u00e0 d\u00e9stabiliser d\u2019autres pays.<\/p>\n<p>\u00ab\u00a0Le Canada, de concert avec ses partenaires et alli\u00e9s, dont le Royaume-Uni, les \u00c9tats-Unis et l\u2019Union europ\u00e9enne, continuera de d\u00e9fendre le cyberespace afin qu\u2019il soit stable et fond\u00e9 sur l\u2019applicabilit\u00e9 et le respect du droit international, ainsi que sur le comportement responsable des \u00c9tats dans cet espace virtuel.<\/p>\n<p>\u00ab\u00a0Nous rappelons aux organisations canadiennes, plus particuli\u00e8rement aux d\u00e9fenseuses et d\u00e9fenseurs des r\u00e9seaux d\u2019infrastructures essentielles, de renforcer leur protection contre les cybermenaces russes et de rester \u00e0 l\u2019aff\u00fbt. Nous encourageons les Canadiennes et les Canadiens \u00e0 suivre les conseils et les directives \u00e0 jour sur le site cyber.gc.ca.\u00a0\u00bb<\/p>\n<p>Faits en bref <\/p>\n<p>Parmi les cyberactivit\u00e9s malveillantes russes men\u00e9es pr\u00e9c\u00e9demment, citons les suivantes\u00a0:<\/p>\n<ul>\n<li>l\u2019ing\u00e9rence \u00e9lectorale et politique par des cybermoyens visant le Royaume-Uni, rendue publique en 2023;<\/li>\n<li>le ciblage du service Internet par satellite KA-SAT de Viasat en Ukraine et dans d\u2019autres parties de l\u2019Europe en f\u00e9vrier\u00a02022;<\/li>\n<li>le ciblage du secteur bancaire ukrainien en f\u00e9vrier\u00a02022;<\/li>\n<li>l\u2019exploitation de la plateforme SolarWinds par le Service de renseignement ext\u00e9rieur russe (SVR) en 2021;<\/li>\n<li>le ciblage par le SVR de la recherche et du d\u00e9veloppement du vaccin contre la COVID\u201119 au Canada en 2020;<\/li>\n<li>l\u2019ing\u00e9rence du GRU de la Russie dans les \u00e9lections l\u00e9gislatives de 2020 en G\u00e9orgie.<\/li>\n<\/ul>\n<p>Liens connexes <\/p>\n","protected":false},"excerpt":{"rendered":"Le 18 juillet\u00a02025 \u2013 Ottawa (Ontario) \u2013 Affaires mondiales Canada La ministre des Affaires \u00e9trang\u00e8res, l\u2019honorable Anita\u00a0Anand, le&hellip;\n","protected":false},"author":2,"featured_media":256573,"comment_status":"","ping_status":"","sticky":false,"template":"","format":"standard","meta":{"footnotes":""},"categories":[1588],"tags":[11,260,39652,574,39653,39654,1777,674,8660,1577,12,473,1853,132,1851,220,1850,1852],"class_list":{"0":"post-256572","1":"post","2":"type-post","3":"status-publish","4":"format-standard","5":"has-post-thumbnail","7":"category-royaume-uni","8":"tag-actualites","9":"tag-affaires-etrangeres","10":"tag-affaires-mondiales-canada","11":"tag-canada","12":"tag-canada-et-le-monde","13":"tag-declarations","14":"tag-eu","15":"tag-europe","16":"tag-grand-public","17":"tag-l","18":"tag-news","19":"tag-royaume-uni","20":"tag-royaume-uni-de-grande-bretagne-et-dirlande-du-nord","21":"tag-russie","22":"tag-uk","23":"tag-ukraine","24":"tag-united-kingdom","25":"tag-united-kingdom-of-great-britain-and-northern-ireland"},"share_on_mastodon":{"url":"https:\/\/pubeurope.com\/@fr\/114874763389169925","error":""},"_links":{"self":[{"href":"https:\/\/www.europesays.com\/fr\/wp-json\/wp\/v2\/posts\/256572","targetHints":{"allow":["GET"]}}],"collection":[{"href":"https:\/\/www.europesays.com\/fr\/wp-json\/wp\/v2\/posts"}],"about":[{"href":"https:\/\/www.europesays.com\/fr\/wp-json\/wp\/v2\/types\/post"}],"author":[{"embeddable":true,"href":"https:\/\/www.europesays.com\/fr\/wp-json\/wp\/v2\/users\/2"}],"replies":[{"embeddable":true,"href":"https:\/\/www.europesays.com\/fr\/wp-json\/wp\/v2\/comments?post=256572"}],"version-history":[{"count":0,"href":"https:\/\/www.europesays.com\/fr\/wp-json\/wp\/v2\/posts\/256572\/revisions"}],"wp:featuredmedia":[{"embeddable":true,"href":"https:\/\/www.europesays.com\/fr\/wp-json\/wp\/v2\/media\/256573"}],"wp:attachment":[{"href":"https:\/\/www.europesays.com\/fr\/wp-json\/wp\/v2\/media?parent=256572"}],"wp:term":[{"taxonomy":"category","embeddable":true,"href":"https:\/\/www.europesays.com\/fr\/wp-json\/wp\/v2\/categories?post=256572"},{"taxonomy":"post_tag","embeddable":true,"href":"https:\/\/www.europesays.com\/fr\/wp-json\/wp\/v2\/tags?post=256572"}],"curies":[{"name":"wp","href":"https:\/\/api.w.org\/{rel}","templated":true}]}}