{"id":256574,"date":"2025-07-18T14:42:08","date_gmt":"2025-07-18T14:42:08","guid":{"rendered":"https:\/\/www.europesays.com\/fr\/256574\/"},"modified":"2025-07-18T14:42:08","modified_gmt":"2025-07-18T14:42:08","slug":"lallemagne-soutiendra-le-gouvernement-syrien-sil-empeche-les-persecutions-religieuses-ou-ethniques","status":"publish","type":"post","link":"https:\/\/www.europesays.com\/fr\/256574\/","title":{"rendered":"L\u2019Allemagne soutiendra le gouvernement Syrien s\u2019il emp\u00eache les pers\u00e9cutions religieuses ou ethniques"},"content":{"rendered":"<p>\u00ab\u00a0Toute la situation l\u00e0-bas nous pr\u00e9occupe profond\u00e9ment\u00a0\u00bb, a d\u00e9clar\u00e9 le ministre des Affaires \u00e9trang\u00e8res Allemand Johann Wadephul. Le gouvernement syrien va devoir emp\u00eacher toutes pers\u00e9cutions religieuses ou ethniques sur son territoire s\u2019il veut le soutien de l\u2019Allemagne.<\/p>\n<p>\u00ab\u00a0Ce gouvernement de transition syrien n\u2019aura notre soutien que s\u2019il s\u2019engage pour un processus inclusif en Syrie, s\u2019il prot\u00e8ge les personnes et s\u2019il ne permet pas que des individus soient pers\u00e9cut\u00e9s en raison de leur appartenance religieuse particuli\u00e8re ou ethnique, ou, pire encore, tu\u00e9s. C\u2019est la responsabilit\u00e9 du gouvernement central, il doit l\u2019assumer\u00a0\u00bb, a-t-il d\u00e9clar\u00e9 lors d\u2019une conf\u00e9rence de presse avec son homologue fran\u00e7ais Jean-No\u00ebl Barrot.<\/p>\n<p>Les forces syriennes accus\u00e9es d\u2019exaction<\/p>\n<p>Selon des t\u00e9moins, l\u2019ONG OSDH et des groupes de la minorit\u00e9 druze, les forces syriennes qui se sont d\u00e9ploy\u00e9es mardi 15\u00a0juillet \u00e0 Soueida (Sud) officiellement pour r\u00e9tablir l\u2019ordre et mettre un terme aux combats entre Druzes et b\u00e9douins, ont en fait combattu aux c\u00f4t\u00e9s des B\u00e9douins sunnites et ont commis des exactions dans cette ville jusqu\u2019ici contr\u00f4l\u00e9e par les Druzes.<\/p>\n<p>Ce vendredi 18\u00a0juillet au matin, des affrontements aux portes de Soueida ont oppos\u00e9 des combattants tribaux sunnites proches du pouvoir aux groupes druzes, selon les bellig\u00e9rants et une ONG. Les correspondants de l\u2019AFP \u00e0 Soueida et dans ses environs entendaient les \u00e9changes de tirs.<\/p>\n<p>Selon l\u2019OSDH, \u00ab\u00a0les combattants tribaux sont encourag\u00e9s et soutenus par les autorit\u00e9s syriennes qui ne peuvent plus se d\u00e9ployer \u00e0 Soueida en raison des menaces d\u2019Isra\u00ebl\u00a0\u00bb, qui a bombard\u00e9 et qui dit vouloir prot\u00e9ger la minorit\u00e9 druze.<\/p>\n<p>Pr\u00e9sente principalement \u00e0 Soueida, la communaut\u00e9 druze de Syrie comptait avant la guerre civile quelque 700\u00a0000 personnes. Cette minorit\u00e9 \u00e9sot\u00e9rique issue d\u2019une branche de l\u2019islam est aussi implant\u00e9e au Liban et en Isra\u00ebl.<\/p>\n","protected":false},"excerpt":{"rendered":"\u00ab\u00a0Toute la situation l\u00e0-bas nous pr\u00e9occupe profond\u00e9ment\u00a0\u00bb, a d\u00e9clar\u00e9 le ministre des Affaires \u00e9trang\u00e8res Allemand Johann Wadephul. Le&hellip;\n","protected":false},"author":2,"featured_media":256575,"comment_status":"","ping_status":"","sticky":false,"template":"","format":"standard","meta":{"footnotes":""},"categories":[1587],"tags":[17,11,672,1804,1805,1803,12073,1777,674,329,1801,418,3442,151,12,1802,6830,39655,31672],"class_list":{"0":"post-256574","1":"post","2":"type-post","3":"status-publish","4":"format-standard","5":"has-post-thumbnail","7":"category-allemagne","8":"tag-17","9":"tag-actualites","10":"tag-allemagne","11":"tag-bundesrepublik-deutschland","12":"tag-de","13":"tag-deutschland","14":"tag-empeche","15":"tag-eu","16":"tag-europe","17":"tag-france-monde","18":"tag-germany","19":"tag-gouvernement","20":"tag-lallemagne","21":"tag-les","22":"tag-news","23":"tag-republique-federale-dallemagne","24":"tag-sil","25":"tag-soutiendra","26":"tag-syrien"},"share_on_mastodon":{"url":"https:\/\/pubeurope.com\/@fr\/114874767310317292","error":""},"_links":{"self":[{"href":"https:\/\/www.europesays.com\/fr\/wp-json\/wp\/v2\/posts\/256574","targetHints":{"allow":["GET"]}}],"collection":[{"href":"https:\/\/www.europesays.com\/fr\/wp-json\/wp\/v2\/posts"}],"about":[{"href":"https:\/\/www.europesays.com\/fr\/wp-json\/wp\/v2\/types\/post"}],"author":[{"embeddable":true,"href":"https:\/\/www.europesays.com\/fr\/wp-json\/wp\/v2\/users\/2"}],"replies":[{"embeddable":true,"href":"https:\/\/www.europesays.com\/fr\/wp-json\/wp\/v2\/comments?post=256574"}],"version-history":[{"count":0,"href":"https:\/\/www.europesays.com\/fr\/wp-json\/wp\/v2\/posts\/256574\/revisions"}],"wp:featuredmedia":[{"embeddable":true,"href":"https:\/\/www.europesays.com\/fr\/wp-json\/wp\/v2\/media\/256575"}],"wp:attachment":[{"href":"https:\/\/www.europesays.com\/fr\/wp-json\/wp\/v2\/media?parent=256574"}],"wp:term":[{"taxonomy":"category","embeddable":true,"href":"https:\/\/www.europesays.com\/fr\/wp-json\/wp\/v2\/categories?post=256574"},{"taxonomy":"post_tag","embeddable":true,"href":"https:\/\/www.europesays.com\/fr\/wp-json\/wp\/v2\/tags?post=256574"}],"curies":[{"name":"wp","href":"https:\/\/api.w.org\/{rel}","templated":true}]}}