{"id":256579,"date":"2025-07-18T14:45:10","date_gmt":"2025-07-18T14:45:10","guid":{"rendered":"https:\/\/www.europesays.com\/fr\/256579\/"},"modified":"2025-07-18T14:45:10","modified_gmt":"2025-07-18T14:45:10","slug":"laurent-baffie-et-philippe-corti-partagent-leur-emotion-apres-la-ceremonie","status":"publish","type":"post","link":"https:\/\/www.europesays.com\/fr\/256579\/","title":{"rendered":"Laurent Baffie et Philippe Corti partagent leur \u00e9motion apr\u00e8s la c\u00e9r\u00e9monie"},"content":{"rendered":"<p>Apr\u00e8s avoir assist\u00e9 aux obs\u00e8ques de <a href=\"https:\/\/www.20minutes.fr\/tv\/reportages-20-minutes-tv\/4164262-20250718-dernier-hommage-thierry-ardisson\" target=\"_blank\" class=\"color-ultramarine c-link\" rel=\"noopener\">Thierry Ardisson<\/a> hier, Laurent Baffie et Philippe Corti se sont r\u00e9unis pour s\u2019adresser solennellement aux fans qui leur avaient manifest\u00e9 leur soutien. Au sortir de l\u2019\u00e9glise Saint-Roch \u00e0 Paris, les deux anciens amis et coll\u00e8gues du pr\u00e9sentateur de Salut les Terriens ont donn\u00e9 leur impression <a href=\"https:\/\/www.instagram.com\/p\/DMN3MeYtPFA\/\" rel=\"nofollow noopener\" target=\"_blank\" class=\"color-ultramarine c-link\">sur Instagram<\/a> de la c\u00e9r\u00e9monie que \u00ab\u00a0l\u2019homme en noir\u00a0\u00bb, d\u00e9c\u00e9d\u00e9 le 14\u00a0juillet \u00e0 76 ans des suites d\u2019un cancer du foie, avait finement organis\u00e9 avant sa mort.<\/p>\n<p>\u00ab\u00a0C\u2019\u00e9tait une belle c\u00e9r\u00e9monie, on a rendu un bel hommage \u00e0 Thierry, \u00e0 sa femme, ses enfants, la famille\u2026 C\u2019\u00e9tait merveilleux, \u00e9mouvant et bouleversant\u00a0\u00bb, a comment\u00e9 <a href=\"https:\/\/www.20minutes.fr\/arts-stars\/people\/4163641-20250715-laurent-baffie-raconte-derniers-moments-aupres-thierry-ardisson\" target=\"_blank\" class=\"color-ultramarine c-link\" rel=\"noopener\">Laurent Baffie<\/a> en incluant dans le cadre de sa vid\u00e9o le visage de Philippe Corti, assis \u00e0 ses c\u00f4t\u00e9s. Puis, fid\u00e8le au ton des \u00e9missions d\u00e9cal\u00e9es sur lesquelles ils ont travaill\u00e9 aux c\u00f4t\u00e9s de Thierry Ardisson, les deux amis ont vite ajout\u00e9 une touche d\u2019humour \u00e0 leur message.<\/p>\n<p>\u00ab\u00a0Salut Thierry, on t\u2019aime\u00a0\u00bb<\/p>\n<p>Lorsque Philippe Corti a demand\u00e9 \u00e0 Laurent Baffie ce qu\u2019il avait dit devant le cercueil du d\u00e9funt lors de la c\u00e9r\u00e9monie, ce dernier n\u2019a pu s\u2019emp\u00eacher d\u2019esquisser un petit sourire. \u00ab\u00a0J\u2019ai dit \u00e0 Thierry\u00a0: \u00ab\u00a0Alors maintenant, on ne bouge plus pendant le jingle\u00a0!\u00a0\u00bb\u00a0\u00bb, a-t-il souffl\u00e9 au DJ, qui a laiss\u00e9 \u00e9chapper un rire malgr\u00e9 l\u2019\u00e9motion. \u00ab\u00a0Tu ne respectes rien Corti\u00a0\u00bb, a alors l\u00e2ch\u00e9 son acolyte, pas peu fier de son dernier message \u00e0 Thierry Ardisson en souvenir de leurs nombreuses ann\u00e9es de collaboration pour diverses \u00e9missions. \u00ab\u00a0Salut Thierry, on t\u2019aime\u00a0\u00bb, a-t-il finalement conclu.<\/p>\n<p>Les deux hommes \u00e9taient v\u00eatus de costumes enti\u00e8rement noirs, comme le demandait le faire-part des <a href=\"https:\/\/www.20minutes.fr\/arts-stars\/television\/4163738-20250715-mort-thierry-ardisson-obseques-homme-noir-lieu-jeudi-17-juillet-2025-paris\" target=\"_blank\" class=\"color-ultramarine c-link\" rel=\"noopener\">obs\u00e8ques<\/a> pour lesquelles l\u2019animateur avait au pr\u00e9alable exhort\u00e9 ses invit\u00e9s de se pr\u00e9senter dans un \u00ab\u00a0dress code Ardisson, avec ou sans lunettes noires\u00a0\u00bb pour une \u00ab\u00a0inhumation dans la plus stricte intimit\u00e9\u00a0\u00bb. Parmi les autres<a href=\"https:\/\/www.20minutes.fr\/diaporama\/diaporama-4164065-images-stars-noir-funerailles-thierry-ardisson#d1223307\" target=\"_blank\" class=\"color-ultramarine c-link\" rel=\"noopener\"> invit\u00e9s<\/a> pr\u00e9sents au c\u00f4t\u00e9 de l\u2019\u00e9pouse de Thierry Ardisson, Audrey Crespo-Mara, figuraient d\u2019autres grandes stars de la t\u00e9l\u00e9vision comme Michel Drucker, L\u00e9a Salam\u00e9 et Arthur, en compagnie \u00e9galement de la premi\u00e8re dame Brigitte Macron et des chanteurs Florent Pagny et Marc Lavoine.<\/p>\n<p><script async src=\"\/\/www.instagram.com\/embed.js\"><\/script><\/p>\n","protected":false},"excerpt":{"rendered":"Apr\u00e8s avoir assist\u00e9 aux obs\u00e8ques de Thierry Ardisson hier, Laurent Baffie et Philippe Corti se sont r\u00e9unis pour&hellip;\n","protected":false},"author":2,"featured_media":256580,"comment_status":"","ping_status":"","sticky":false,"template":"","format":"standard","meta":{"footnotes":""},"categories":[2],"tags":[11,14684,986,101,58,3109,18219,1011,27,7547,3806,7593,877,12,973,25,10058,133],"class_list":{"0":"post-256579","1":"post","2":"type-post","3":"status-publish","4":"format-standard","5":"has-post-thumbnail","7":"category-actualites","8":"tag-actualites","9":"tag-arthur","10":"tag-brigitte-macron","11":"tag-cancer","12":"tag-divertissement","13":"tag-florent-pagny","14":"tag-foie","15":"tag-fr","16":"tag-france","17":"tag-laurent-baffie","18":"tag-lea-salame","19":"tag-marc-lavoine","20":"tag-michel-drucker","21":"tag-news","22":"tag-people","23":"tag-republique-francaise","24":"tag-thierry-ardisson","25":"tag-video"},"share_on_mastodon":{"url":"https:\/\/pubeurope.com\/@fr\/114874779139712331","error":""},"_links":{"self":[{"href":"https:\/\/www.europesays.com\/fr\/wp-json\/wp\/v2\/posts\/256579","targetHints":{"allow":["GET"]}}],"collection":[{"href":"https:\/\/www.europesays.com\/fr\/wp-json\/wp\/v2\/posts"}],"about":[{"href":"https:\/\/www.europesays.com\/fr\/wp-json\/wp\/v2\/types\/post"}],"author":[{"embeddable":true,"href":"https:\/\/www.europesays.com\/fr\/wp-json\/wp\/v2\/users\/2"}],"replies":[{"embeddable":true,"href":"https:\/\/www.europesays.com\/fr\/wp-json\/wp\/v2\/comments?post=256579"}],"version-history":[{"count":0,"href":"https:\/\/www.europesays.com\/fr\/wp-json\/wp\/v2\/posts\/256579\/revisions"}],"wp:featuredmedia":[{"embeddable":true,"href":"https:\/\/www.europesays.com\/fr\/wp-json\/wp\/v2\/media\/256580"}],"wp:attachment":[{"href":"https:\/\/www.europesays.com\/fr\/wp-json\/wp\/v2\/media?parent=256579"}],"wp:term":[{"taxonomy":"category","embeddable":true,"href":"https:\/\/www.europesays.com\/fr\/wp-json\/wp\/v2\/categories?post=256579"},{"taxonomy":"post_tag","embeddable":true,"href":"https:\/\/www.europesays.com\/fr\/wp-json\/wp\/v2\/tags?post=256579"}],"curies":[{"name":"wp","href":"https:\/\/api.w.org\/{rel}","templated":true}]}}