{"id":256585,"date":"2025-07-18T14:48:23","date_gmt":"2025-07-18T14:48:23","guid":{"rendered":"https:\/\/www.europesays.com\/fr\/256585\/"},"modified":"2025-07-18T14:48:23","modified_gmt":"2025-07-18T14:48:23","slug":"mcilroy-rejoint-la-tete-rozner-7e-de-lopen-decosse-lequipe","status":"publish","type":"post","link":"https:\/\/www.europesays.com\/fr\/256585\/","title":{"rendered":"McIlroy rejoint la t\u00eate, Rozner 7e de l&#039;Open d&#039;\u00c9cosse &#8211; L&#039;\u00c9quipe"},"content":{"rendered":"<ol>\n<li><a href=\"https:\/\/news.google.com\/rss\/articles\/CBMioAFBVV95cUxQbWk0aFVTV3ZEbThqbmt3SjRGRFdKbF9mU1g1VzZ5WFRkdFV6bTYzeXIyU3cyVHUydmkzQ2NwV0U5dElQWkxBR3RNR3d4d0s2YjZIcm1XT1Qxa2k5Sm8tN2VxRXh5Yk4xNTI0VnMzS0w5SGo4aXlpeFpkaktyMW9BUEdRaEFHYlZYOGVibXlCSUF2bkx0QjVJdHhDcGtaZUZY?oc=5\" target=\"_blank\" rel=\"nofollow noopener\">McIlroy rejoint la t\u00eate, Rozner 7e de l&rsquo;Open d&rsquo;\u00c9cosse<\/a>&nbsp;&nbsp;L&rsquo;\u00c9quipe<\/li>\n<li><a href=\"https:\/\/news.google.com\/rss\/articles\/CBMirgFBVV95cUxNVnoyTkQxRGo4bHJjN2tHbktSRTZjMTJJVWt1ZmItRTktNlpxWXJWYzAyVUlBcE5rUzlZdDhPNEZ3R0hpWE9NZFRmUDNvd3ZEaVRzSDFBWW5wV21zMUtHd0xiSXhKek9DdHdhcktGaThKMGNFbVFaaS0yQ1BQeVFaejV1TzZOSzYwd29BZE56YmxlYU5zU1FzTnJuQUt2QVlXVzJKclRJOVlocUtxenc?oc=5\" target=\"_blank\" rel=\"nofollow noopener\">Genesis Scottish Open : Un deuxi\u00e8me top 25 pour Rozner<\/a>&nbsp;&nbsp;F\u00e9d\u00e9ration fran\u00e7aise de golf (ffgolf)<\/li>\n<li><a href=\"https:\/\/news.google.com\/rss\/articles\/CBMitgFBVV95cUxOVGxPdVVkaXJQd1V4TjBMWFFZR1B4OGMtYlV0MTFCUUVTSGgwZnI0QVdOLWl1TnhQVXFrZEVMa2pWMW5WcHNCbkNJcF9oSVRocTJvOU4yXzVSX1NzTmluN1RfeHlzNWdyYWFGUGdWcF9NMUV5eG9QaWRJUzIxYjFERFhfQXlyVDBFTkMyajB2YS0ydXlHZ183RURZM2oxYkFMalFSdm1laFM4X1dPMGtKcDFUb3VWUQ?oc=5\" target=\"_blank\" rel=\"nofollow noopener\">Chris Gotterup r\u00e9siste \u00e0 Rory McIlroy pour remporter l&rsquo;Open d&rsquo;\u00c9cosse<\/a>&nbsp;&nbsp;L&rsquo;\u00c9quipe<\/li>\n<li><a href=\"https:\/\/news.google.com\/rss\/articles\/CBMihwFBVV95cUxNTE8yUFd0RWZIdllPVVNlSVktdHhPZlBzU0IyS250NjRGRkp2eDhzcldiSmh3ei1YY2U3MlJLai1lVGNIUmFFQUh5Z0lnZWlYa2xFZHVZdzRHUVNlRkFCZjJlbDJXWGltRXdaY1NhOU5rSXNuRXUtcXctVmlqSmtPRnRoZjMxekk?oc=5\" target=\"_blank\" rel=\"nofollow noopener\">Victor Perez en d\u00e9monstration \u00e0 domicile<\/a>&nbsp;&nbsp;Golf Plan\u00e8te<\/li>\n<li><a href=\"https:\/\/news.google.com\/rss\/articles\/CBMi2wFBVV95cUxOd24xa3pCVndlWklxX2NqZDNGcDVUdjl5U1hpX0M2SW1Wd09DOER5UWtfN09ia1dIcXpJcFItd0o1ZzR2UzBZY1JzWGNuMTBscENlNnIzMWpSYmxnR1V6UWtjRDdpdS1DcTQwS28xMGZsSk9XZ254SHdZeUhEMndCN0YtRTJuTndFRXZ2Qm9DVXR3dl96WExxMkctR3FqMnRweGxWYm1XaHA2U3R1dWh5bzdtajN4TEd3TVpuMnVaay1ZSmZ5MURkM2RKNnluX1hPX1ZJSW9CN1JiT3M?oc=5\" target=\"_blank\" rel=\"nofollow noopener\">Chris Gotterup joue une ronde de 61 et s&#8217;empare de la t\u00eate \u00e0 l&rsquo;Omnium d&rsquo;\u00c9cosse<\/a>&nbsp;&nbsp;MSN<\/li>\n<\/ol>\n","protected":false},"excerpt":{"rendered":"McIlroy rejoint la t\u00eate, Rozner 7e de l&rsquo;Open d&rsquo;\u00c9cosse&nbsp;&nbsp;L&rsquo;\u00c9quipe Genesis Scottish Open : Un deuxi\u00e8me top 25 pour&hellip;\n","protected":false},"author":2,"featured_media":256586,"comment_status":"","ping_status":"","sticky":false,"template":"","format":"standard","meta":{"footnotes":""},"categories":[1418],"tags":[1011,27,1472,60],"class_list":{"0":"post-256585","1":"post","2":"type-post","3":"status-publish","4":"format-standard","5":"has-post-thumbnail","7":"category-golf","8":"tag-fr","9":"tag-france","10":"tag-golf","11":"tag-sports"},"share_on_mastodon":{"url":"https:\/\/pubeurope.com\/@fr\/114874790870789130","error":""},"_links":{"self":[{"href":"https:\/\/www.europesays.com\/fr\/wp-json\/wp\/v2\/posts\/256585","targetHints":{"allow":["GET"]}}],"collection":[{"href":"https:\/\/www.europesays.com\/fr\/wp-json\/wp\/v2\/posts"}],"about":[{"href":"https:\/\/www.europesays.com\/fr\/wp-json\/wp\/v2\/types\/post"}],"author":[{"embeddable":true,"href":"https:\/\/www.europesays.com\/fr\/wp-json\/wp\/v2\/users\/2"}],"replies":[{"embeddable":true,"href":"https:\/\/www.europesays.com\/fr\/wp-json\/wp\/v2\/comments?post=256585"}],"version-history":[{"count":0,"href":"https:\/\/www.europesays.com\/fr\/wp-json\/wp\/v2\/posts\/256585\/revisions"}],"wp:featuredmedia":[{"embeddable":true,"href":"https:\/\/www.europesays.com\/fr\/wp-json\/wp\/v2\/media\/256586"}],"wp:attachment":[{"href":"https:\/\/www.europesays.com\/fr\/wp-json\/wp\/v2\/media?parent=256585"}],"wp:term":[{"taxonomy":"category","embeddable":true,"href":"https:\/\/www.europesays.com\/fr\/wp-json\/wp\/v2\/categories?post=256585"},{"taxonomy":"post_tag","embeddable":true,"href":"https:\/\/www.europesays.com\/fr\/wp-json\/wp\/v2\/tags?post=256585"}],"curies":[{"name":"wp","href":"https:\/\/api.w.org\/{rel}","templated":true}]}}