{"id":256589,"date":"2025-07-18T14:51:10","date_gmt":"2025-07-18T14:51:10","guid":{"rendered":"https:\/\/www.europesays.com\/fr\/256589\/"},"modified":"2025-07-18T14:51:10","modified_gmt":"2025-07-18T14:51:10","slug":"casper-ruud-secroule-contre-juan-manuel-cerundolo-en-quarts-de-finale-a-gstaad-lequipe","status":"publish","type":"post","link":"https:\/\/www.europesays.com\/fr\/256589\/","title":{"rendered":"Casper Ruud s&#039;\u00e9croule contre Juan Manuel Cerundolo en quarts de finale \u00e0 Gstaad &#8211; L&#039;\u00c9quipe"},"content":{"rendered":"<ol>\n<li><a href=\"https:\/\/news.google.com\/rss\/articles\/CBMixwFBVV95cUxOWmFDcER6TXF1akdoOEtmTFF6dE54M3RQZ2FxbHZtY0Y2cGg5T0tORW5oVURNc2E2a0ZxdUZqNEJtWWlFaGYtdFROSHA4QUZoQUFHamxQSllwc1B1LVY1bzdtTG5RUXBMR0NVSUZNOFFmSXJaMHVMdTByZThvUTc4QWZyb2tMcnBHOUhFb2FRb3hIQk5nMXlaSmpxaHhuaTJmdkYzM3RBOGNGZnQtbkx4dm1ZeXVRYzRURmdfSWlSM2tvajRLc0pF?oc=5\" target=\"_blank\" rel=\"nofollow noopener\">Casper Ruud s&rsquo;\u00e9croule contre Juan Manuel Cerundolo en quarts de finale \u00e0 Gstaad<\/a>&nbsp;&nbsp;L&rsquo;\u00c9quipe<\/li>\n<li><a href=\"https:\/\/news.google.com\/rss\/articles\/CBMinwFBVV95cUxNd0tURm0wQVhlWE5sbTEyLW9MM19wTVo3VWVLOVlnWUp4dElNRURua2o5Xzd6Z1ZJVDhZSDBIOG40VDNSS21rTi1XZzlmOEs5QjAyZHlLeE1WMlVEWGM4cUpJZk9DNm53T2hRbHNMZXNIR0x4N3liQU14ZzlXR3ljTkRKUzRVdXBUbVFNeHptRFI4ekc4bEJmc1Y5eUV5OHPSAZ4BQVVfeXFMTTVKZWVEQVhlMWVmVEgtenVvNF9ndm5UdTNfYW90RmgwLVgwNk14dWEwcHJ2bTlCeFZPVG5EbFdIazBya296WjN2MHZEVnhaS0ZMc1o2S2ZyM0l5Q2NUZjBPaXNaN1FPNEpIbGdSX0d3UkdoQlduNGZMbVZTYkVuRzhRbFg0TzAwVWl3ZmhxTWpuNXkxUmlnQzZlSXE3bUE?oc=5\" target=\"_blank\" rel=\"nofollow noopener\">ATP &#8211; Gstaad : Ruud r\u00e9ussit son retour<\/a>&nbsp;&nbsp;Orange Actualit\u00e9s | Sports<\/li>\n<li><a href=\"https:\/\/news.google.com\/rss\/articles\/CBMixwFBVV95cUxPb0FzVjRGTHEwVFRvZk9JSWJ0MDNaV21zVUdwcFZLTTNNd1R0cXJwdDNNUG93ZXVJbm1QRlBMdDlvZ2tpUzZFMXpsb2lUTXdzUTctQXpJY3dKeG5GdVFuM1VOOHZFWmt6V2pfMGdiSVI2VkJxWG0zTi0wbF84OFNFdnF0VXdwbnFHNXV5YjFwVFQ3bVRtOHBfSGhFRjlpbmNwaUZEb2szYk1BcjBHdmVHUlEtaS1JYTdFbUlMUXQ5MHJMaVZPa3BJ?oc=5\" target=\"_blank\" rel=\"nofollow noopener\">Stricker a bien r\u00e9sist\u00e9 \u00e0 Ruud avant de c\u00e9der<\/a>&nbsp;&nbsp;rts.ch<\/li>\n<li><a href=\"https:\/\/news.google.com\/rss\/articles\/CBMie0FVX3lxTE9pdV9TdzlhZm13dkExaXgxZFRoallnRzh5bm91cW1XTHFwZHFXcVBvQUtTZTRhWXVYckQ1NmR4REJpaWFVaHIzTkd0ZG15TmxxVVMyX3cwYnJ6TFJFTVNZOHRUY09OS2JFVlBPTmJ2NXZyaTQ2a0FIQ2Rxcw?oc=5\" target=\"_blank\" rel=\"nofollow noopener\">Petite sensation \u00e0 Gstaad : Casper Ruud perd son invincibilit\u00e9<\/a>&nbsp;&nbsp;blue News<\/li>\n<li><a href=\"https:\/\/news.google.com\/rss\/articles\/CBMihAFBVV95cUxPTmd0WDBMbnlGTDg3WnhYYWY1eC14d1FHSzFZaXBnWkpjdkVwNXhLZUN4ZTZPYzVVdTJEMVktR2VMZnFFc21KY2cxNWttQ2Nic3kwdHVHdmVsRVZQSGItVGk4cGJJMXU3VXJiRElMbFh1ODJadzVYNkhfdEdLSXdPdjJBNkk?oc=5\" target=\"_blank\" rel=\"nofollow noopener\">\ufeffParis\/Pronos &#8211; Ruud-Stricker, Duckworth-Mannarino, Cerundolo-Goffin, notre avis et les cotes int\u00e9ressantes de la journ\u00e9e de mercredi<\/a>&nbsp;&nbsp;Tennis Temple<\/li>\n<\/ol>\n","protected":false},"excerpt":{"rendered":"Casper Ruud s&rsquo;\u00e9croule contre Juan Manuel Cerundolo en quarts de finale \u00e0 Gstaad&nbsp;&nbsp;L&rsquo;\u00c9quipe ATP &#8211; Gstaad : Ruud&hellip;\n","protected":false},"author":2,"featured_media":256590,"comment_status":"","ping_status":"","sticky":false,"template":"","format":"standard","meta":{"footnotes":""},"categories":[1415],"tags":[1011,27,60,1467],"class_list":{"0":"post-256589","1":"post","2":"type-post","3":"status-publish","4":"format-standard","5":"has-post-thumbnail","7":"category-tennis","8":"tag-fr","9":"tag-france","10":"tag-sports","11":"tag-tennis"},"share_on_mastodon":{"url":"https:\/\/pubeurope.com\/@fr\/114874802673606226","error":""},"_links":{"self":[{"href":"https:\/\/www.europesays.com\/fr\/wp-json\/wp\/v2\/posts\/256589","targetHints":{"allow":["GET"]}}],"collection":[{"href":"https:\/\/www.europesays.com\/fr\/wp-json\/wp\/v2\/posts"}],"about":[{"href":"https:\/\/www.europesays.com\/fr\/wp-json\/wp\/v2\/types\/post"}],"author":[{"embeddable":true,"href":"https:\/\/www.europesays.com\/fr\/wp-json\/wp\/v2\/users\/2"}],"replies":[{"embeddable":true,"href":"https:\/\/www.europesays.com\/fr\/wp-json\/wp\/v2\/comments?post=256589"}],"version-history":[{"count":0,"href":"https:\/\/www.europesays.com\/fr\/wp-json\/wp\/v2\/posts\/256589\/revisions"}],"wp:featuredmedia":[{"embeddable":true,"href":"https:\/\/www.europesays.com\/fr\/wp-json\/wp\/v2\/media\/256590"}],"wp:attachment":[{"href":"https:\/\/www.europesays.com\/fr\/wp-json\/wp\/v2\/media?parent=256589"}],"wp:term":[{"taxonomy":"category","embeddable":true,"href":"https:\/\/www.europesays.com\/fr\/wp-json\/wp\/v2\/categories?post=256589"},{"taxonomy":"post_tag","embeddable":true,"href":"https:\/\/www.europesays.com\/fr\/wp-json\/wp\/v2\/tags?post=256589"}],"curies":[{"name":"wp","href":"https:\/\/api.w.org\/{rel}","templated":true}]}}