{"id":25659,"date":"2025-04-15T01:59:26","date_gmt":"2025-04-15T01:59:26","guid":{"rendered":"https:\/\/www.europesays.com\/fr\/25659\/"},"modified":"2025-04-15T01:59:26","modified_gmt":"2025-04-15T01:59:26","slug":"science-fiction-et-apocalypse-cette-serie-pourrait-devenir-votre-prochaine-addiction","status":"publish","type":"post","link":"https:\/\/www.europesays.com\/fr\/25659\/","title":{"rendered":"Science-fiction et apocalypse, cette s\u00e9rie pourrait devenir votre prochaine addiction"},"content":{"rendered":"<p>Si vous \u00eates un passionn\u00e9 de science-fiction, pr\u00e9parez-vous \u00e0 devenir accro \u00e0 la prochaine s\u00e9rie \u00e9v\u00e9nement de Netflix qui m\u00ealera \u00e0 la perfection le genre apocalyptique et la science-fiction.<\/p>\n<p>Le mois d&rsquo;avril sur <a href=\"https:\/\/www.programme-tv.net\/guide-netflix\/\" target=\"_blank\" rel=\"noopener\"><b>Netflix <\/b><\/a>sera riche en nouveaut\u00e9s c\u00f4t\u00e9 s\u00e9ries. Apr\u00e8s avoir d\u00e9voil\u00e9 Karma, Devil May Cry, How to Sell Drugs Online ou encore <a href=\"https:\/\/www.programme-tv.net\/news\/series-tv\/374884-pulse-netflix-cette-serie-medicale-se-moque-de-greys-anatomy-et-elle-naurait-peut-etre-pas-du\/\" data-api-deeplink=\"teleloisirs:\/\/news\/374884\" target=\"_blank\" rel=\"noopener\">sa nouvelle fiction m\u00e9dicale Pulse<\/a>, la plateforme de streaming r\u00e9serve d&rsquo;autres surprises \u00e0 ses abonn\u00e9s, notamment avec la mise en ligne de <a href=\"https:\/\/www.programme-tv.net\/news\/series-tv\/349280-black-mirror-saison-7-netflix-date-de-sortie-casting-intrigues-ce-qu-il-faut-savoir-sur-la-nouvelle-saison\/\" data-api-deeplink=\"teleloisirs:\/\/news\/349280\" target=\"_blank\" rel=\"noopener\">la saison 7 tant attendue de Black Mirror<\/a>. Le D\u00f4me de verre, un nouveau thriller su\u00e9dois, fera prochainement le bonheur des passionn\u00e9s du genre, tout comme <a href=\"https:\/\/www.programme-tv.net\/news\/series-tv\/323516-you-saison-5-date-de-sortie-casting-intrigues-les-premieres-infos-sur-la-derniere-saison\/\" data-api-deeplink=\"teleloisirs:\/\/news\/323516\" target=\"_blank\" rel=\"noopener\">la saison finale de You<\/a>. Joe Goldberg donne de nouveau rendez-vous \u00e0 ses fans le 24 avril prochain avec une cinqui\u00e8me saison compos\u00e9e de dix ultimes \u00e9pisodes, venant ainsi conclure les aventures du dangereux harceleur et tueur en s\u00e9rie. Le mois d&rsquo;avril sur Netflix sera \u00e9galement marqu\u00e9 par <a href=\"https:\/\/www.programme-tv.net\/news\/series-tv\/369732-asterix-obelix-le-combat-des-chefs-netflix-date-de-sortie-casting-intrigues-toutes-les-infos-sur-la-nouvelle-serie-animee-dalain-chabat\/\" data-api-deeplink=\"teleloisirs:\/\/news\/369732\" target=\"_blank\" rel=\"noopener\">l&rsquo;arriv\u00e9e de la s\u00e9rie anim\u00e9e Ast\u00e9rix et Ob\u00e9lix : Le Combat des chefs <\/a>ainsi que par <a href=\"https:\/\/www.programme-tv.net\/news\/series-tv\/361263-alerte-aux-fans-de-science-fiction-cette-nouvelle-serie-netflix-va-vous-combler\/\" data-api-deeplink=\"teleloisirs:\/\/news\/361263\" target=\"_blank\" rel=\"noopener\">L&rsquo;\u00c9ternaute, une s\u00e9rie de science-fiction sign\u00e9e Bruno Stagnaro<\/a>.<\/p>\n<p><b>L&rsquo;\u00c9ternaute, <\/b><b>une s\u00e9rie adapt\u00e9e d&rsquo;une BD argentine disponible sur Netflix d\u00e8s la fin du mois d&rsquo;avril <\/b><\/p>\n<p><a href=\"https:\/\/www.programme-tv.net\/news\/series-tv\/314930-netflix-toutes-les-dates-de-sortie-de-vos-series-preferees-de-2023\/\" data-api-deeplink=\"teleloisirs:\/\/news\/314930\" target=\"_blank\" rel=\"noopener\">Attendue pour <b>le mercredi 30 avril<\/b> sur Netflix,<\/a> <b>L&rsquo;\u00c9ternaute <\/b>raconte l&rsquo;histoire de Juan Salvo et ses amis qui se lancent dans un combat d\u00e9sesp\u00e9r\u00e9 pour la survie \u00e0 la suite d&rsquo;une myst\u00e9rieuse chute de neige mortelle \u00e0 Buenos Aires, en Argentine. Mais tout change quand ils d\u00e9couvrent que cette temp\u00eate de neige toxique est en r\u00e9alit\u00e9 la premi\u00e8re attaque d&rsquo;une arm\u00e9e \u00e9trang\u00e8re bien d\u00e9cid\u00e9e \u00e0 envahir la Terre. L&rsquo;unique moyen de rester en vie est de s&rsquo;unir et de se battre. Personne ne survivra seul.<\/p>\n<p>                        <b>L&rsquo;\u00c9ternaute <\/b><b>: C\u00e9sar Troncoso, Ricardo <\/b>Dar\u00edn<b>&#8230; Qui est au casting de la prochaine s\u00e9rie \u00e9v\u00e9nement de science-fiction de Netflix ?<\/b><\/p>\n<p>Au casting de cette s\u00e9rie adapt\u00e9e de la BD argentine de science-culte d&rsquo;H\u00e9ctor Oesterheld, on retrouvera <a href=\"https:\/\/www.programme-tv.net\/news\/cinema\/54555-ricardo-darin-le-george-clooney-argentin-video\/\" data-api-deeplink=\"teleloisirs:\/\/news\/54555\" target=\"_blank\" rel=\"noopener\">Ricardo Dar\u00edn<\/a>, connu pour son r\u00f4le dans le film oscaris\u00e9 Dans ses yeux de Juan Jos\u00e9 Campanella. L&rsquo;acteur argentin incarne Juan Salvo aux c\u00f4t\u00e9s de Carla Peterson (vue dans la s\u00e9rie Heureux&#8230; ou presque) et C\u00e9sar Troncoso. Le casting de L&rsquo;\u00c9ternaute r\u00e9unit \u00e9galement Andrea Pietra, Ariel Staltari (aper\u00e7u dans le film Pipa), Marcelo Subiotto (vu aussi dans Les Crimes qui nous lient et Garde \u00e0 nous), Claudio Mart\u00ednez Bel, Orianna C\u00e1rdenas ainsi que Mora Fisz.<\/p>\n<\/p>\n<p>Article \u00e9crit en collaboration avec 6M\u00e9dias<\/p>\n","protected":false},"excerpt":{"rendered":"Si vous \u00eates un passionn\u00e9 de science-fiction, pr\u00e9parez-vous \u00e0 devenir accro \u00e0 la prochaine s\u00e9rie \u00e9v\u00e9nement de Netflix&hellip;\n","protected":false},"author":2,"featured_media":25660,"comment_status":"","ping_status":"","sticky":false,"template":"","format":"standard","meta":{"footnotes":""},"categories":[1356],"tags":[244,58,59,1011,27,127,1722,1721,129,252,1364],"class_list":{"0":"post-25659","1":"post","2":"type-post","3":"status-publish","4":"format-standard","5":"has-post-thumbnail","7":"category-television","8":"tag-commentaire","9":"tag-divertissement","10":"tag-entertainment","11":"tag-fr","12":"tag-france","13":"tag-netflix","14":"tag-pub-streaming-netflix","15":"tag-su00e9rie-netflix","16":"tag-svod","17":"tag-television","18":"tag-tv"},"share_on_mastodon":{"url":"https:\/\/pubeurope.com\/@fr\/114339509889339932","error":""},"_links":{"self":[{"href":"https:\/\/www.europesays.com\/fr\/wp-json\/wp\/v2\/posts\/25659","targetHints":{"allow":["GET"]}}],"collection":[{"href":"https:\/\/www.europesays.com\/fr\/wp-json\/wp\/v2\/posts"}],"about":[{"href":"https:\/\/www.europesays.com\/fr\/wp-json\/wp\/v2\/types\/post"}],"author":[{"embeddable":true,"href":"https:\/\/www.europesays.com\/fr\/wp-json\/wp\/v2\/users\/2"}],"replies":[{"embeddable":true,"href":"https:\/\/www.europesays.com\/fr\/wp-json\/wp\/v2\/comments?post=25659"}],"version-history":[{"count":0,"href":"https:\/\/www.europesays.com\/fr\/wp-json\/wp\/v2\/posts\/25659\/revisions"}],"wp:featuredmedia":[{"embeddable":true,"href":"https:\/\/www.europesays.com\/fr\/wp-json\/wp\/v2\/media\/25660"}],"wp:attachment":[{"href":"https:\/\/www.europesays.com\/fr\/wp-json\/wp\/v2\/media?parent=25659"}],"wp:term":[{"taxonomy":"category","embeddable":true,"href":"https:\/\/www.europesays.com\/fr\/wp-json\/wp\/v2\/categories?post=25659"},{"taxonomy":"post_tag","embeddable":true,"href":"https:\/\/www.europesays.com\/fr\/wp-json\/wp\/v2\/tags?post=25659"}],"curies":[{"name":"wp","href":"https:\/\/api.w.org\/{rel}","templated":true}]}}