{"id":256593,"date":"2025-07-18T14:54:10","date_gmt":"2025-07-18T14:54:10","guid":{"rendered":"https:\/\/www.europesays.com\/fr\/256593\/"},"modified":"2025-07-18T14:54:10","modified_gmt":"2025-07-18T14:54:10","slug":"film-serie-droits-tele-la-formule-1-une-marque-media-qui-tourne-a-plein-regime","status":"publish","type":"post","link":"https:\/\/www.europesays.com\/fr\/256593\/","title":{"rendered":"Film, s\u00e9rie, droits t\u00e9l\u00e9\u2026 La Formule 1, une marque m\u00e9dia qui tourne \u00e0 plein r\u00e9gime"},"content":{"rendered":"<p><strong>D\u00c9CRYPTAGE &#8211; <\/strong>Le long-m\u00e9trage port\u00e9 par Brad Pitt caracole au box-office. Apple aimerait r\u00e9cup\u00e9rer les droits de diffusion aux \u00c9tats-Unis de cette comp\u00e9tition, qui a su rajeunir et \u00e9tendre son public.<\/p>\n<p class=\"fig-paragraph\">Sur les chapeaux de roues. Depuis sa sortie en salle le 25\u00a0juin dernier, le film F1 a d\u00e9j\u00e0 r\u00e9colt\u00e9 400\u00a0millions de dollars de recettes au box-office mondial. Et, apr\u00e8s trois semaines d\u2019exploitation,\u00a0<a href=\"http:\/\/www.lefigaro.fr\/cinema\/notre-critique-de-f1-le-film-a-vrombir-de-plaisir-20250624\" target=\"_blank\" data-fig-type=\"Article\" rel=\"noopener\" data-gtm-custom-categorie=\"navigation\" data-gtm-custom-action=\"crossclick\" data-gtm-custom-label=\"Contextuel\" data-gtm-event=\"customEventSPE\" data-fig-domain=\"LEFIGARO\">le blockbuster port\u00e9 par Brad Pitt<\/a>\u00a0continue de faire tourner les moteurs \u00e0 plein r\u00e9gime. L\u2019\u00e9pop\u00e9e vrombissante de Joseph Kosinski, r\u00e9alisateur \u00e0 qui l\u2019on doit aussi\u00a0<a href=\"https:\/\/www.lefigaro.fr\/medias\/top-gun-depasse-le-milliard-de-dollars-au-cinema-et-prend-la-tete-du-box-office-mondial-20220627\" data-fig-type=\"Article\" data-gtm-custom-categorie=\"navigation\" data-gtm-custom-action=\"crossclick\" data-gtm-custom-label=\"Contextuel\" data-gtm-event=\"customEventSPE\" data-fig-domain=\"LEFIGARO\" target=\"_blank\" rel=\"noopener\">Top Gun\u00a0: Maverick<\/a> , continue d\u2019engranger les entr\u00e9es et reste positionn\u00e9e sur la troisi\u00e8me marche du podium outre-Atlantique. Alors qu\u2019il n\u2019a pas fini sa course dans les salles obscures, le long-m\u00e9trage qui narre le retour d\u2019un ancien pilote sur les circuits se classe d\u00e9j\u00e0 au 8e\u00a0rang des plus gros succ\u00e8s de l\u2019ann\u00e9e au niveau mondial,\u00a0<a href=\"http:\/\/www.lefigaro.fr\/culture\/notre-critique-de-captain-america-brave-new-world-les-etats-unis-de-trump-et-musk-dans-un-miroir-a-peine-deforme-20250211\" data-fig-type=\"Article\" data-gtm-custom-categorie=\"navigation\" data-gtm-custom-action=\"crossclick\" data-gtm-custom-label=\"Contextuel\" data-gtm-event=\"customEventSPE\" data-fig-domain=\"LEFIGARO\" target=\"_blank\" rel=\"noopener\">talonnant le dernier Captain America<\/a> .<\/p>\n<p class=\"fig-paragraph\">De quoi aiguiser l\u2019int\u00e9r\u00eat du g\u00e9ant Apple. C\u2019est lui qui a financ\u00e9 le blockbuster \u00e0 250\u00a0millions de dollars coproduit par\u00a0<a href=\"https:\/\/www.lefigaro.fr\/societes\/le-groupe-mediawan-pourrait-s-associer-a-brad-pitt-20221107\" data-fig-type=\"Article\" data-gtm-custom-categorie=\"navigation\" data-gtm-custom-action=\"crossclick\" data-gtm-custom-label=\"Contextuel\" data-gtm-event=\"customEventSPE\" data-fig-domain=\"LEFIGARO\" target=\"_blank\" rel=\"noopener\">Plan\u00a0B &#8211;\u00a0la soci\u00e9t\u00e9 de Brad Pitt contr\u00f4l\u00e9e par Mediawan\u00a0<\/a>-, le producteur star Jerry Bruckheimer et le pilote Lewis Hamilton. Et qui se\u2026<\/p>\n<p class=\"fig-premium-paywall__infos\">\n        Cet article est r\u00e9serv\u00e9 aux abonn\u00e9s.        Il vous reste 83% \u00e0 d\u00e9couvrir.\n    <\/p>\n<p>                <img  data- alt=\"Le Figaro\" class=\"fig-img--complete fig-img\"\/><\/p>\n<p class=\"fig-premium-paywall__title\">Vous avez envie de lire la suite ?<\/p>\n<p class=\"fig-premium-paywall__subtitle\">D\u00e9bloquez tous les articles imm\u00e9diatement.<\/p>\n<p class=\"fig-premium-paywall__connect\">\n                D\u00e9j\u00e0 abonn\u00e9\u00a0?                <a class=\"fig-premium-paywall__connect-link\" href=\"https:\/\/connect.lefigaro.fr\/login?client=horizon_web&amp;type=main&amp;redirect_uri=https%3A%2F%2Fwww.lefigaro.fr%2Fmedias%2Ffilm-serie-droits-tele-la-formule-1-une-marque-media-qui-tourne-a-plein-regime-20250718\" data-js-gtm=\"{&quot;customCategorie&quot;: &quot;conversion&quot;, &quot;customAction&quot;: &quot;before_Landing_Connexion_paywall_auto&quot;, &quot;customLabel&quot;: &quot;bGVmaWdhcm8uZnJfXzFmMDYzY2QwLTE0ZDAtNmRjMi1hNjYyLWUxYjE5ODRjNzNjNF9fQXJ0aWNsZQ==_Film, s\u00e9rie, droits t\u00e9l\u00e9\u2026 La Formule 1, une marque m\u00e9dia qui tourne \u00e0 plein r\u00e9gime_256&quot;, &quot;customIDSPE&quot;: &quot;bGVmaWdhcm8uZnJfXzFmMDYzY2QwLTE0ZDAtNmRjMi1hNjYyLWUxYjE5ODRjNzNjNF9fQXJ0aWNsZQ==&quot;, &quot;event&quot;: &quot;customEventSPE&quot;}\" target=\"_blank\" rel=\"noopener\"><br \/>\n                    Connectez-vous<br \/>\n                <\/a>\n            <\/p>\n","protected":false},"excerpt":{"rendered":"D\u00c9CRYPTAGE &#8211; Le long-m\u00e9trage port\u00e9 par Brad Pitt caracole au box-office. Apple aimerait r\u00e9cup\u00e9rer les droits de diffusion&hellip;\n","protected":false},"author":2,"featured_media":256594,"comment_status":"","ping_status":"","sticky":false,"template":"","format":"standard","meta":{"footnotes":""},"categories":[1412],"tags":[2134,1451,1452,1453,1454,1455,1011,27,1975,60],"class_list":{"0":"post-256593","1":"post","2":"type-post","3":"status-publish","4":"format-standard","5":"has-post-thumbnail","7":"category-f1","8":"tag-brad-pitt","9":"tag-f1","10":"tag-formula-1","11":"tag-formula1","12":"tag-formule-1","13":"tag-formule1","14":"tag-fr","15":"tag-france","16":"tag-lewis-hamilton","17":"tag-sports"},"share_on_mastodon":{"url":"https:\/\/pubeurope.com\/@fr\/114874814494081366","error":""},"_links":{"self":[{"href":"https:\/\/www.europesays.com\/fr\/wp-json\/wp\/v2\/posts\/256593","targetHints":{"allow":["GET"]}}],"collection":[{"href":"https:\/\/www.europesays.com\/fr\/wp-json\/wp\/v2\/posts"}],"about":[{"href":"https:\/\/www.europesays.com\/fr\/wp-json\/wp\/v2\/types\/post"}],"author":[{"embeddable":true,"href":"https:\/\/www.europesays.com\/fr\/wp-json\/wp\/v2\/users\/2"}],"replies":[{"embeddable":true,"href":"https:\/\/www.europesays.com\/fr\/wp-json\/wp\/v2\/comments?post=256593"}],"version-history":[{"count":0,"href":"https:\/\/www.europesays.com\/fr\/wp-json\/wp\/v2\/posts\/256593\/revisions"}],"wp:featuredmedia":[{"embeddable":true,"href":"https:\/\/www.europesays.com\/fr\/wp-json\/wp\/v2\/media\/256594"}],"wp:attachment":[{"href":"https:\/\/www.europesays.com\/fr\/wp-json\/wp\/v2\/media?parent=256593"}],"wp:term":[{"taxonomy":"category","embeddable":true,"href":"https:\/\/www.europesays.com\/fr\/wp-json\/wp\/v2\/categories?post=256593"},{"taxonomy":"post_tag","embeddable":true,"href":"https:\/\/www.europesays.com\/fr\/wp-json\/wp\/v2\/tags?post=256593"}],"curies":[{"name":"wp","href":"https:\/\/api.w.org\/{rel}","templated":true}]}}