{"id":256595,"date":"2025-07-18T14:55:09","date_gmt":"2025-07-18T14:55:09","guid":{"rendered":"https:\/\/www.europesays.com\/fr\/256595\/"},"modified":"2025-07-18T14:55:09","modified_gmt":"2025-07-18T14:55:09","slug":"chutes-insultes-en-ligne-fracture-du-doigt-puis-abandon-le-tour-de-france-en-enfer-de-bryan-coquard","status":"publish","type":"post","link":"https:\/\/www.europesays.com\/fr\/256595\/","title":{"rendered":"Chutes, insultes en ligne, fracture du doigt puis abandon, le Tour de France en enfer de Bryan Coquard"},"content":{"rendered":"<p>Souffrant d\u2019une fracture du doigt, le coureur de l\u2019\u00e9quipe Cofidis abandonnera \u00e0 l\u2019issue du contre-la-montre ce vendredi. Point final d\u2019une \u00e9dition qui a tourn\u00e9 au calvaire pour le sprinteur fran\u00e7ais.<\/p>\n<p class=\"fig-paragraph\">Bryan Coquard ne verra pas les Champs-\u00c9lys\u00e9es le 27 juillet prochain. Le sprinteur de poche de l\u2019\u00e9quipe Cofidis jettera l\u2019\u00e9ponge \u00e0 l\u2019issue du contre-la-montre ce vendredi entre Loudenvielle et Peyragudes. Un dernier baroud d\u2019honneur pour\u00a0<a href=\"https:\/\/www.lefigaro.fr\/sports\/cyclisme\/tour-de-france\/resultats\/classement-general\" target=\"_blank\" rel=\"sponsored noopener nofollow\" data-gtm-custom-categorie=\"navigation\" data-gtm-custom-action=\"crossclick\" data-gtm-custom-label=\"Contextuel\" data-gtm-event=\"customEventSPE\">le 116e du classement g\u00e9n\u00e9ral<\/a>\u00a0devant un public qui ne manquera pas de l\u2019encourager dans les pentes alors qu\u2019il souffre d\u2019une fracture \u00e0 l\u2019annulaire.<\/p>\n<p>Une fracture en attrapant une musette<\/p>\n<p class=\"fig-paragraph\">Une blessure malheureuse survenue jeudi entre Auch et Hautacam au moment o\u00f9 il<a href=\"http:\/\/www.lefigaro.fr\/sports\/cyclisme\/tour-de-france\/tour-de-france-bryan-coquard-se-fracture-les-doigts-en-attrapant-une-musette-20250717\" data-fig-type=\"NewsFlash\" data-gtm-custom-categorie=\"navigation\" data-gtm-custom-action=\"crossclick\" data-gtm-custom-label=\"Contextuel\" data-gtm-event=\"customEventSPE\" data-fig-domain=\"LEFIGARO\" rel=\"nofollow noopener\" target=\"_blank\">\u00a0tentait d\u2019attraper au bord de la route une musette<\/a>\u00a0contenant de la glace et des bidons. Intervenu rapidement, le m\u00e9decin de la course lui avait attach\u00e9 les doigts mais la douleur n\u2019a cess\u00e9 de le lancer jusqu\u2019\u00e0 l\u2019arriv\u00e9e. Coquard avait franchi la ligne avec 44 minutes de retard\u00a0<a href=\"http:\/\/www.lefigaro.fr\/sports\/cyclisme\/tour-de-france\/tour-de-france-ou-situer-la-performance-de-pogacar-dans-les-records-de-montee-vers-hautacam-20250718\" data-fig-type=\"NewsFlash\" data-gtm-custom-categorie=\"navigation\" data-gtm-custom-action=\"crossclick\" data-gtm-custom-label=\"Contextuel\" data-gtm-event=\"customEventSPE\" data-fig-domain=\"LEFIGARO\" rel=\"nofollow noopener\" target=\"_blank\">sur Pogacar<\/a>, bon dernier de l\u2019\u00e9tape, en ayant souffert le martyre. \u00ab Ce fut une journ\u00e9e super gal\u00e8re. Je ne peux plus le plier ni freiner de l\u2019arri\u00e8re. Je freinais que de l\u2019avant, \u00e7a me faisait mal\u00bb, a-t-il confi\u00e9 au sommet d\u2019Hautacam.<\/p>\n<p>                                    <a class=\"fig-a11y-skip a11y-hidden\" href=\"#fig-a11y-skip-main-inarticle\"><br \/>\n        Passer la publicit\u00e9<br \/>\n    <\/a><\/p>\n<p class=\"fig-paragraph\">Un coup dur pour le coureur de l\u2019\u00e9quipe nordiste qui gardera probablement un souvenir amer de l\u2019\u00e9dition 2025. Elle avait bien mal commenc\u00e9. D\u00e8s la troisi\u00e8me \u00e9tape, il avait provoqu\u00e9\u00a0<a href=\"http:\/\/www.lefigaro.fr\/sports\/cyclisme\/tour-de-france\/tour-de-france-terrible-chute-et-abandon-du-maillot-vert-jasper-philipsen-20250707\" data-fig-type=\"NewsFlash\" data-gtm-custom-categorie=\"navigation\" data-gtm-custom-action=\"crossclick\" data-gtm-custom-label=\"Contextuel\" data-gtm-event=\"customEventSPE\" data-fig-domain=\"LEFIGARO\" rel=\"nofollow noopener\" target=\"_blank\">la chute et l\u2019abandon de Jasper Philipsen<\/a>\u00a0juste avant un sprint interm\u00e9diaire. Coquard avait \u00e9t\u00e9 doublement malheureux car dans le sprint final du jour \u00e0 Dunkerque, il avait \u00e9t\u00e9 victime d\u2019une impressionnante chute, heureusement sans blessure grave. Devant le bus de sa formation, il s\u2019\u00e9tait platement excus\u00e9 d\u2019avoir \u00e9t\u00e9 \u00e0 l\u2019origine du retrait de l\u2019une des stars du peloton,<a href=\"http:\/\/www.lefigaro.fr\/sports\/cyclisme\/tour-de-france\/tour-de-france-je-ne-suis-pas-un-mauvais-bougre-au-bord-des-larmes-bryan-coquard-s-excuse-d-avoir-fait-chuter-philipsen-20250707\" data-fig-type=\"NewsFlash\" data-gtm-custom-categorie=\"navigation\" data-gtm-custom-action=\"crossclick\" data-gtm-custom-label=\"Contextuel\" data-gtm-event=\"customEventSPE\" data-fig-domain=\"LEFIGARO\" rel=\"nofollow noopener\" target=\"_blank\">\u00a0expliquant ne pas \u00eatre un \u00abmauvais bougre\u00bb.<\/a><\/p>\n<p>Cibl\u00e9 par la haine sur les r\u00e9seaux sociaux<\/p>\n<p class=\"fig-paragraph\">Des explications qui n\u2019avaient pas emp\u00each\u00e9 un d\u00e9cha\u00eenement de haine sur les r\u00e9seaux sociaux \u00e0 son encontre de la part de parieurs amers. Invit\u00e9 sur le plateau de France T\u00e9l\u00e9visions,\u00a0<a href=\"http:\/\/www.lefigaro.fr\/sports\/cyclisme\/tour-de-france\/tour-de-france-je-leur-aurais-fait-bouffer-leur-telephone-hinault-defend-coquard-face-aux-messages-haineux-sur-les-reseaux-sociaux-20250708\" data-fig-type=\"NewsFlash\" data-gtm-custom-categorie=\"navigation\" data-gtm-custom-action=\"crossclick\" data-gtm-custom-label=\"Contextuel\" data-gtm-event=\"customEventSPE\" data-fig-domain=\"LEFIGARO\" rel=\"nofollow noopener\" target=\"_blank\">Bernard Hinault avait pris sa d\u00e9fense<\/a>\u00a0\u00abC\u2019est tellement facile, ils sont loin et ils viennent t\u2019insulter&#8230; Qu\u2019ils viennent en face et on va s\u2019expliquer d\u2019homme \u00e0 homme\u00bb, avait expliqu\u00e9 le quintuple vainqueur du Tour de France avant de poursuivre. \u00abJe ne me serais pas g\u00ean\u00e9 pour mettre des bourre-pifs Je leur aurais fait bouffer les t\u00e9l\u00e9phones. Ce sont des idiots, ils n\u2019ont jamais pratiqu\u00e9 le v\u00e9lo et je trouve cela dommage.\u00bb\u00a0<\/p>\n<p>Philipsen ne lui en veut pas<\/p>\n<p class=\"fig-paragraph\">D\u00e9fendu par son patron d\u2019\u00e9quipe C\u00e9dric Vasseur,\u00a0<a href=\"http:\/\/www.lefigaro.fr\/sports\/cyclisme\/tour-de-france\/tour-de-france-bryan-n-a-commis-aucune-erreur-lance-cedric-vasseur-apres-l-incident-entre-coquard-et-philipsen-20250708\" data-fig-type=\"NewsFlash\" data-gtm-custom-categorie=\"navigation\" data-gtm-custom-action=\"crossclick\" data-gtm-custom-label=\"Contextuel\" data-gtm-event=\"customEventSPE\" data-fig-domain=\"LEFIGARO\" rel=\"nofollow noopener\" target=\"_blank\">m\u00e9content qu\u2019on ait inflig\u00e9 \u00e0 son poulain un carton jaune<\/a>, Coquard avait \u00e9t\u00e9 disculp\u00e9 par Jasper Philipsen, estimant que sa chute \u00e9tait li\u00e9e \u00e0 un \u00abincident de course\u00bb. \u00ab Je sais ce que c\u2019est d\u2019\u00eatre sous le feu des critiques apr\u00e8s un sprint. En plus, tout est amplifi\u00e9 dans le Tour de France et il faut absolument trouver un responsable\u00bb, avait insist\u00e9 le Belge.<\/p>\n","protected":false},"excerpt":{"rendered":"Souffrant d\u2019une fracture du doigt, le coureur de l\u2019\u00e9quipe Cofidis abandonnera \u00e0 l\u2019issue du contre-la-montre ce vendredi. Point&hellip;\n","protected":false},"author":2,"featured_media":256596,"comment_status":"","ping_status":"","sticky":false,"template":"","format":"standard","meta":{"footnotes":""},"categories":[1411],"tags":[1154,207,1011,27,60,210],"class_list":{"0":"post-256595","1":"post","2":"type-post","3":"status-publish","4":"format-standard","5":"has-post-thumbnail","7":"category-cyclisme","8":"tag-cycling","9":"tag-cyclisme","10":"tag-fr","11":"tag-france","12":"tag-sports","13":"tag-tour-de-france"},"share_on_mastodon":{"url":"https:\/\/pubeurope.com\/@fr\/114874818544887241","error":""},"_links":{"self":[{"href":"https:\/\/www.europesays.com\/fr\/wp-json\/wp\/v2\/posts\/256595","targetHints":{"allow":["GET"]}}],"collection":[{"href":"https:\/\/www.europesays.com\/fr\/wp-json\/wp\/v2\/posts"}],"about":[{"href":"https:\/\/www.europesays.com\/fr\/wp-json\/wp\/v2\/types\/post"}],"author":[{"embeddable":true,"href":"https:\/\/www.europesays.com\/fr\/wp-json\/wp\/v2\/users\/2"}],"replies":[{"embeddable":true,"href":"https:\/\/www.europesays.com\/fr\/wp-json\/wp\/v2\/comments?post=256595"}],"version-history":[{"count":0,"href":"https:\/\/www.europesays.com\/fr\/wp-json\/wp\/v2\/posts\/256595\/revisions"}],"wp:featuredmedia":[{"embeddable":true,"href":"https:\/\/www.europesays.com\/fr\/wp-json\/wp\/v2\/media\/256596"}],"wp:attachment":[{"href":"https:\/\/www.europesays.com\/fr\/wp-json\/wp\/v2\/media?parent=256595"}],"wp:term":[{"taxonomy":"category","embeddable":true,"href":"https:\/\/www.europesays.com\/fr\/wp-json\/wp\/v2\/categories?post=256595"},{"taxonomy":"post_tag","embeddable":true,"href":"https:\/\/www.europesays.com\/fr\/wp-json\/wp\/v2\/tags?post=256595"}],"curies":[{"name":"wp","href":"https:\/\/api.w.org\/{rel}","templated":true}]}}