{"id":256599,"date":"2025-07-18T14:57:10","date_gmt":"2025-07-18T14:57:10","guid":{"rendered":"https:\/\/www.europesays.com\/fr\/256599\/"},"modified":"2025-07-18T14:57:10","modified_gmt":"2025-07-18T14:57:10","slug":"jai-tout-de-suite-su","status":"publish","type":"post","link":"https:\/\/www.europesays.com\/fr\/256599\/","title":{"rendered":"J\u2019ai tout de suite su"},"content":{"rendered":"<p>Philippe Etchebest est <strong>une figure embl\u00e9matique<\/strong><br \/>\nde la cuisine fran\u00e7aise. Il est reconnu par ses pairs pour son<br \/>\ntalent, son exigence et sa passion sans faille. Le chef a<br \/>\nrapidement trouv\u00e9 sa voie dans <a href=\"https:\/\/www.melty.fr\/people\/philippe-etchebest-57-ans-ce-plat-qui-a-conquis-sa-femme-dominique-et-cest-surprenant-2153093.html\" target=\"_blank\" rel=\"noopener\"><br \/>\nle monde de la gastronomie<\/a>. Apr\u00e8s plusieurs formations<br \/>\nrigoureuses, Philippe s\u2019est impos\u00e9 comme un chef \u00e9toil\u00e9 au charme<br \/>\net \u00e0 la rigueur bien connus.<\/p>\n<p>Son parcours est jalonn\u00e9 de succ\u00e8s, avec notamment l\u2019obtention<br \/>\nd\u2019une \u00e9toile Michelin pour son restaurant Le Quatri\u00e8me Mur \u00e0<br \/>\nBordeaux. Mais Philippe Etchebest, c\u2019est aussi un hommage \u00e0<br \/>\n<strong>la transmission du savoir-faire<\/strong> aupr\u00e8s des jeunes<br \/>\ntalents et du grand public. Il donne r\u00e9guli\u00e8rement des conseils et<br \/>\naident ceux qui voudraient suivre ses traces.<\/p>\n<p>Une personnalit\u00e9 incontournable \u00e0 la t\u00e9l\u00e9vision<\/p>\n<p>Chef puis coach, il est devenu une personnalit\u00e9 incontournable \u00e0<br \/>\nla t\u00e9l\u00e9vision gr\u00e2ce \u00e0 ses participations \u00e0 des \u00e9missions culinaires<br \/>\ntr\u00e8s populaires comme <a href=\"https:\/\/www.melty.fr\/tele\/un-an-apres-cauchemar-en-cuisine-la-descente-aux-enfers-continue-pour-ce-restaurant-accompagne-par-etchebest-2248198.html\" target=\"_blank\" rel=\"noopener\"><br \/>\nTop Chef ou encore Cauchemar en cuisine.<\/a> Il<br \/>\njoue d\u00a0\u00bbailleurs un r\u00f4le majeur dans l\u2019\u00e9mission Top Chef<br \/>\ndepuis la saison 6, lanc\u00e9e en 2015, o\u00f9 il est devenu l\u2019un des<br \/>\npiliers du jury et incarne la c\u00e9l\u00e8bre brigade bleue. \u00c0 ce titre, il<br \/>\naccompagne, encadre et coache <strong>une \u00e9quipe de<br \/>\ncandidats<\/strong> au fil du concours, les aidant \u00e0 progresser tant<br \/>\nsur le plan technique que cr\u00e9atif.<\/p>\n<p>Son approche directe, exigeante et bienveillante s\u2019illustre \u00e0<br \/>\ntravers une <strong>p\u00e9dagogie rigoureuse et personnalis\u00e9e<\/strong>,<br \/>\npoussant les candidats \u00e0 donner le meilleur d\u2019eux-m\u00eames. Il est, en<br \/>\neffet, per\u00e7u comme un homme sinc\u00e8re et d\u00e9termin\u00e9, qui n\u2019h\u00e9site pas<br \/>\n\u00e0 montrer son authenticit\u00e9 et \u00e0 dire ce qu&rsquo;il pense. Son<br \/>\nfranc-parler et sa bienveillance lui ont valu une immense<br \/>\npopularit\u00e9 mais aussi quelques critiques.<\/p>\n<p>Le chef d\u00e9couvre la cuisine du monde<\/p>\n<p>Depuis novembre 2023, Philippe Etchebest a quitt\u00e9 les cuisines<br \/>\nfran\u00e7aises pour d\u00e9couvrir celles du monde. Gr\u00e2ce \u00e0 <a href=\"https:\/\/www.melty.fr\/people\/je-nai-pas-envie-de-vieillir-en-travaillant-philippe-etchebest-se-confie-sur-son-besoin-de-ralentir-et-de-profiter-enfin-2228427.html\" target=\"_blank\" rel=\"noopener\"><br \/>\nl\u2019\u00e9mission Un chef au bout du monde<\/a>, il d\u00e9couvre la<br \/>\ncuisine dans d&rsquo;autres pays. \u00ab\u00a0Apr\u00e8s 30 ans \u00e0 <strong>parcourir<br \/>\nles cuisines de France,<\/strong> le chef Philippe Etchebest part<br \/>\nd\u00e9couvrir d\u2019autres saveurs, d\u2019autres produits. Et surtout, d\u2019autres<br \/>\ncultures\u00a0\u00bb, avait pr\u00e9cis\u00e9 la plateforme M6+ au sujet de cette<br \/>\ns\u00e9rie, qui a rencontr\u00e9 un franc succ\u00e8s.<\/p>\n<p>Pour l\u2019accompagner dans cette aventure, Philippe Etchebest<br \/>\nn&rsquo;\u00e9tait pas seul. Il a pu compter sur le soutien d&rsquo;Alexandre<br \/>\nSoullier, producteur-associ\u00e9 Bonne Pioche T\u00e9l\u00e9vision. C&rsquo;est lui qui<br \/>\n\u00e9tait en charge de chapeauter le projet. Conscient que son aide a<br \/>\n\u00e9t\u00e9 pr\u00e9cieuse, il s&rsquo;est confi\u00e9 sur <strong>son compagnon de<br \/>\nroute<\/strong> sur Instagram et n&rsquo;a pas tarit d&rsquo;\u00e9loges \u00e0 son<br \/>\nsujet.<\/p>\n<p>Philippe Etchebest : \u00ab\u00a0Mon compagnon de<br \/>\nroute\u00a0\u00bb<\/p>\n<p>Le chef a ainsi pr\u00e9sent\u00e9 l\u2019homme qui a partag\u00e9 ses derni\u00e8res<br \/>\naventures et qui lui a permis de la faire \u00ab\u00a0sortir\u00a0\u00bb des cuisines<br \/>\nfran\u00e7aises. \u00ab\u00a0Je vous pr\u00e9sente Alexandre, mon compagnon de route<br \/>\ndans toutes ces aventures. Quand il m\u2019a pr\u00e9sent\u00e9 ce projet,<br \/>\n<strong>j\u2019ai tout de suite su<\/strong> que c\u2019\u00e9tait avec lui que je<br \/>\nvoulais le faire\u00a0\u00bb, a-t-il \u00e9crit.<\/p>\n<blockquote class=\"instagram-media\" style=\"background: #ffffff;border: 0;margin: 1px;width: 100%;padding: 0;max-width: 500px;\" data-instgrm-permalink=\"https:\/\/www.instagram.com\/p\/DGi2695KR6a\/?utm_source=ig_web_copy_link\" data-instgrm-version=\"14\"\/>\n<p>Et de conclure par un message touchant : \u00ab\u00a0Des centaines de<br \/>\nkilom\u00e8tres parcourus, des dizaines de plats traditionnels partag\u00e9s,<br \/>\ndes rencontres inoubliables et des souvenirs grav\u00e9s aux quatre<br \/>\ncoins du monde. Chaque destination est <strong>un m\u00e9lange<br \/>\nd\u2019\u00e9merveillement<\/strong>, de d\u00e9couvertes et d\u2019\u00e9motions fortes<br \/>\n!\u00a0\u00bb.<\/p>\n<p><script async src=\"\/\/www.instagram.com\/embed.js\"><\/script><\/p>\n","protected":false},"excerpt":{"rendered":"Philippe Etchebest est une figure embl\u00e9matique de la cuisine fran\u00e7aise. Il est reconnu par ses pairs pour son&hellip;\n","protected":false},"author":2,"featured_media":256600,"comment_status":"","ping_status":"","sticky":false,"template":"","format":"standard","meta":{"footnotes":""},"categories":[1359],"tags":[905,58,59,1011,27,973,5387],"class_list":{"0":"post-256599","1":"post","2":"type-post","3":"status-publish","4":"format-standard","5":"has-post-thumbnail","7":"category-people","8":"tag-a-la-une-melty","9":"tag-divertissement","10":"tag-entertainment","11":"tag-fr","12":"tag-france","13":"tag-people","14":"tag-philippe-etchebest"},"share_on_mastodon":{"url":"https:\/\/pubeurope.com\/@fr\/114874826356396321","error":""},"_links":{"self":[{"href":"https:\/\/www.europesays.com\/fr\/wp-json\/wp\/v2\/posts\/256599","targetHints":{"allow":["GET"]}}],"collection":[{"href":"https:\/\/www.europesays.com\/fr\/wp-json\/wp\/v2\/posts"}],"about":[{"href":"https:\/\/www.europesays.com\/fr\/wp-json\/wp\/v2\/types\/post"}],"author":[{"embeddable":true,"href":"https:\/\/www.europesays.com\/fr\/wp-json\/wp\/v2\/users\/2"}],"replies":[{"embeddable":true,"href":"https:\/\/www.europesays.com\/fr\/wp-json\/wp\/v2\/comments?post=256599"}],"version-history":[{"count":0,"href":"https:\/\/www.europesays.com\/fr\/wp-json\/wp\/v2\/posts\/256599\/revisions"}],"wp:featuredmedia":[{"embeddable":true,"href":"https:\/\/www.europesays.com\/fr\/wp-json\/wp\/v2\/media\/256600"}],"wp:attachment":[{"href":"https:\/\/www.europesays.com\/fr\/wp-json\/wp\/v2\/media?parent=256599"}],"wp:term":[{"taxonomy":"category","embeddable":true,"href":"https:\/\/www.europesays.com\/fr\/wp-json\/wp\/v2\/categories?post=256599"},{"taxonomy":"post_tag","embeddable":true,"href":"https:\/\/www.europesays.com\/fr\/wp-json\/wp\/v2\/tags?post=256599"}],"curies":[{"name":"wp","href":"https:\/\/api.w.org\/{rel}","templated":true}]}}