{"id":256601,"date":"2025-07-18T14:58:09","date_gmt":"2025-07-18T14:58:09","guid":{"rendered":"https:\/\/www.europesays.com\/fr\/256601\/"},"modified":"2025-07-18T14:58:09","modified_gmt":"2025-07-18T14:58:09","slug":"la-banane-de-maurizio-cattelan-estimee-a-plusieurs-millions-de-dollars-mangee-par-un-visiteur","status":"publish","type":"post","link":"https:\/\/www.europesays.com\/fr\/256601\/","title":{"rendered":"La banane de Maurizio Cattelan, estim\u00e9e \u00e0 plusieurs millions de dollars, mang\u00e9e par un visiteur"},"content":{"rendered":"<p>Au centre Pompidou-Metz, \u00ab\u00a0Comedian\u00a0\u00bb, l&rsquo;\u0153uvre conceptuelle de l&rsquo;artiste italien, a \u00e9t\u00e9 consomm\u00e9e par un visiteur ce samedi 12 juillet. La banane est \u00e9valu\u00e9e \u00e0 six millions de dollars.<\/p>\n<p>L&rsquo;\u00e9quipe de surveillance a \u00e9t\u00e9 prise de court, ce samedi 12 juillet. Au centre Pompidou de Metz (Moselle), un visiteur de l&rsquo;exposition Un dimanche sans fin a d\u00e9croch\u00e9 Comedian, l&rsquo;\u0153uvre conceptuelle de <a href=\"https:\/\/www.bfmtv.com\/international\/europe\/angleterre\/royaume-uni-deux-hommes-condamnes-a-de-la-prison-ferme-pour-le-vol-de-toilettes-en-or_AD-202506140231.html\" title=\"Royaume-Uni: deux hommes condamn\u00e9s \u00e0 de la prison ferme pour le vol de toilettes en or\" class=\"internal_link\" rel=\"nofollow noopener\" target=\"_blank\">Maurizio Cattelan<\/a>&#8230; avant de l&rsquo;engloutir. Il s&rsquo;agit d&rsquo;une banane accroch\u00e9e \u00e0 un mur blanc, \u00e0 l&rsquo;aide d&rsquo;un ruban adh\u00e9sif gris. L&rsquo;ensemble est estim\u00e9 \u00e0 plusieurs millions de dollars.<\/p>\n<p>\u00ab\u00a0L&rsquo;\u00e9quipe de surveillance est intervenue rapidement et avec calme, conform\u00e9ment aux proc\u00e9dures internes\u00a0\u00bb, indique la communication du mus\u00e9e dans un message adress\u00e9 \u00e0 l&rsquo;AFP, confirmant une information du quotidien <a href=\"https:\/\/www.republicain-lorrain.fr\/faits-divers-justice\/2025\/07\/18\/la-banane-de-maurizio-cattelan-exposee-a-pompidou-mangee-par-un-visiteur\" target=\"_blank\" class=\"external_link\" rel=\"nofollow noopener\">Le R\u00e9publicain lorrain<\/a>.<\/p>\n<p>Fort heureusement, le fruit, p\u00e9rissable, est r\u00e9guli\u00e8rement remplac\u00e9 selon des instructions donn\u00e9es par l&rsquo;artiste. D&rsquo;apr\u00e8s le centre Pompidou-Metz, joint par <a href=\"https:\/\/actu.fr\/grand-est\/metz_57463\/centre-pompidou-metz-un-visiteur-a-mange-la-banane-estimee-a-plusieurs-millions-de-dollars_62927371.html\" target=\"_blank\" class=\"external_link\" rel=\"nofollow noopener\">Actu.fr<\/a>, Maurizio Cattelan \u00ab\u00a0regrette que l\u2019on confonde le fruit avec l\u2019\u0153uvre elle-m\u00eame: plut\u00f4t que de manger la banane avec sa peau et son scotch, le visiteur s\u2019est content\u00e9 de consommer le fruit\u00a0\u00bb.<\/p>\n<p>Une banane populaire et critiqu\u00e9e<\/p>\n<p>L&rsquo;\u0153uvre, qui a \u00e9t\u00e9 pr\u00e9sent\u00e9e, pour la premi\u00e8re fois, par la galerie Perrotin en 2019 lors de l&rsquo;Art Basel Miami Beach, est tr\u00e8s vite devenue c\u00e9l\u00e8bre, suscitant autant d&rsquo;admiration que de critiques &#8211; un fruit scotch\u00e9 sur un mur peut-il \u00eatre consid\u00e9r\u00e9 comme une \u0153uvre d&rsquo;art?<\/p>\n<p>Qu&rsquo;importe les controverses, la popularit\u00e9 de Comedian grandit. Elle explose d&rsquo;autant plus lorsque <a href=\"https:\/\/www.bfmtv.com\/societe\/insolite\/un-artiste-devore-une-banane-a-120-000-dollars_VN-201912080061.html\" title=\"Un artiste d\u00e9vore une banane \u00e0 120.000 dollars\" class=\"internal_link\" rel=\"nofollow noopener\" target=\"_blank\">l&rsquo;artiste bulgare David Datuna<\/a> d\u00e9croche et d\u00e9vore la banane lors de sa performance Hungry Artist (Artiste affam\u00e9) le 7 d\u00e9cembre 2019.<\/p>\n<p>La banane avait \u00e9galement \u00e9t\u00e9 ingurgit\u00e9e par <a href=\"https:\/\/www.bfmtv.com\/culture\/l-entrepreneur-qui-a-achete-une-banane-scotchee-pour-6-2-millions-de-dollars-l-a-mangee_AV-202411290581.html\" title=\"L&#039;entrepreneur qui a achet\u00e9 une banane scotch\u00e9e pour 6,2 millions de dollars l&#039;a mang\u00e9e\" class=\"internal_link\" rel=\"nofollow noopener\" target=\"_blank\">l&rsquo;entrepreneur sino-am\u00e9ricain Justin Sun<\/a> \u00e0 l&rsquo;h\u00f4tel Peninsula de Hong-Kong en novembre 2024. Il l&rsquo;avait acquise, quelques jours plus t\u00f4t, lors d&rsquo;une vente aux ench\u00e8res \u00e0 New York pour la coquette somme de 6,2 millions de dollars.<\/p>\n","protected":false},"excerpt":{"rendered":"Au centre Pompidou-Metz, \u00ab\u00a0Comedian\u00a0\u00bb, l&rsquo;\u0153uvre conceptuelle de l&rsquo;artiste italien, a \u00e9t\u00e9 consomm\u00e9e par un visiteur ce samedi 12&hellip;\n","protected":false},"author":2,"featured_media":256602,"comment_status":"","ping_status":"","sticky":false,"template":"","format":"standard","meta":{"footnotes":""},"categories":[1358],"tags":[1348,1384,1385,1386,58,59,1011,27],"class_list":{"0":"post-256601","1":"post","2":"type-post","3":"status-publish","4":"format-standard","5":"has-post-thumbnail","7":"category-arts-et-design","8":"tag-arts","9":"tag-arts-and-design","10":"tag-arts-et-design","11":"tag-design","12":"tag-divertissement","13":"tag-entertainment","14":"tag-fr","15":"tag-france"},"share_on_mastodon":{"url":"https:\/\/pubeurope.com\/@fr\/114874830200210896","error":""},"_links":{"self":[{"href":"https:\/\/www.europesays.com\/fr\/wp-json\/wp\/v2\/posts\/256601","targetHints":{"allow":["GET"]}}],"collection":[{"href":"https:\/\/www.europesays.com\/fr\/wp-json\/wp\/v2\/posts"}],"about":[{"href":"https:\/\/www.europesays.com\/fr\/wp-json\/wp\/v2\/types\/post"}],"author":[{"embeddable":true,"href":"https:\/\/www.europesays.com\/fr\/wp-json\/wp\/v2\/users\/2"}],"replies":[{"embeddable":true,"href":"https:\/\/www.europesays.com\/fr\/wp-json\/wp\/v2\/comments?post=256601"}],"version-history":[{"count":0,"href":"https:\/\/www.europesays.com\/fr\/wp-json\/wp\/v2\/posts\/256601\/revisions"}],"wp:featuredmedia":[{"embeddable":true,"href":"https:\/\/www.europesays.com\/fr\/wp-json\/wp\/v2\/media\/256602"}],"wp:attachment":[{"href":"https:\/\/www.europesays.com\/fr\/wp-json\/wp\/v2\/media?parent=256601"}],"wp:term":[{"taxonomy":"category","embeddable":true,"href":"https:\/\/www.europesays.com\/fr\/wp-json\/wp\/v2\/categories?post=256601"},{"taxonomy":"post_tag","embeddable":true,"href":"https:\/\/www.europesays.com\/fr\/wp-json\/wp\/v2\/tags?post=256601"}],"curies":[{"name":"wp","href":"https:\/\/api.w.org\/{rel}","templated":true}]}}