{"id":256613,"date":"2025-07-18T15:05:14","date_gmt":"2025-07-18T15:05:14","guid":{"rendered":"https:\/\/www.europesays.com\/fr\/256613\/"},"modified":"2025-07-18T15:05:14","modified_gmt":"2025-07-18T15:05:14","slug":"son-telephone-et-un-manche-a-balai-retrouves-dans-la-gouttiere-pres-du-balcon","status":"publish","type":"post","link":"https:\/\/www.europesays.com\/fr\/256613\/","title":{"rendered":"Son t\u00e9l\u00e9phone et un manche \u00e0 balai retrouv\u00e9s dans la goutti\u00e8re pr\u00e8s du balcon"},"content":{"rendered":"<p>Du nouveau dans l\u2019enqu\u00eate sur la mort brutale de l\u2019humoriste <a href=\"https:\/\/www.20minutes.fr\/arts-stars\/culture\/4162991-20250710-humoriste-bun-hay-mean-alias-chinois-marrant\" class=\"color-ultramarine c-link\" target=\"_blank\" rel=\"noopener\">Bun Hay Mean<\/a>, aka \u00ab\u00a0Chinois marrant\u00a0\u00bb et ancienne figure du Jamel Comedy Club. L\u2019acteur de 43 ans est d\u00e9c\u00e9d\u00e9 le 10\u00a0juillet apr\u00e8s avoir chut\u00e9 de son balcon, au 8e \u00e9tage d\u2019un immeuble \u00e0 <a href=\"https:\/\/www.20minutes.fr\/faits_divers\/faits-divers-paris\/\" class=\"color-ultramarine c-link\" target=\"_blank\" rel=\"noopener\">Paris<\/a>. Selon une information du journal <a href=\"https:\/\/www.leparisien.fr\/culture-loisirs\/humour\/mort-de-lhumoriste-bun-hay-mean-la-these-de-laccident-privilegiee-17-07-2025-7PNFDYRVF5BSNN36RALINZFRW4.php\" target=\"_blank\" class=\"color-ultramarine c-link\" rel=\"noopener\">Le Parisien<\/a>, la th\u00e8se de <a href=\"https:\/\/www.20minutes.fr\/dossier\/accident\" class=\"color-ultramarine c-link\" target=\"_blank\" rel=\"noopener\">l\u2019accident<\/a> est privil\u00e9gi\u00e9e.<\/p>\n<p>Un t\u00e9l\u00e9phone et un manche \u00e0 balai ont en effet \u00e9t\u00e9 retrouv\u00e9s dans la goutti\u00e8re, pr\u00e8s du balcon de <a href=\"https:\/\/www.20minutes.fr\/arts-stars\/culture\/4162989-20250710-bun-hay-mean-humoriste-connu-aussi-comme-chinois-marrant-mort\" class=\"color-ultramarine c-link\" target=\"_blank\" rel=\"noopener\">l\u2019artiste<\/a>, indiquent nos confr\u00e8res, alors qu\u2019aucun indice accr\u00e9ditant un suicide n\u2019a \u00e9t\u00e9 retrouv\u00e9.<\/p>\n<\/p>\n<p>Cette d\u00e9couverte laisserait penser que sa chute serait intervenue alors qu\u2019il tentait de r\u00e9cup\u00e9rer son t\u00e9l\u00e9phone.<\/p>\n<p>Dans l\u2019appartement, ajoutent nos confr\u00e8res, les <a href=\"https:\/\/www.20minutes.fr\/dossier\/enquete\" class=\"color-ultramarine c-link\" target=\"_blank\" rel=\"noopener\">enqu\u00eateurs<\/a> ont retrouv\u00e9 sa valise pr\u00eate pour un d\u00e9part imminent direction Montr\u00e9al, o\u00f9 l\u2019humoriste devait jouer \u00ab\u00a0Kill Bun\u00a0\u00bb, son nouveau spectacle.<\/p>\n","protected":false},"excerpt":{"rendered":"Du nouveau dans l\u2019enqu\u00eate sur la mort brutale de l\u2019humoriste Bun Hay Mean, aka \u00ab\u00a0Chinois marrant\u00a0\u00bb et ancienne&hellip;\n","protected":false},"author":2,"featured_media":256614,"comment_status":"","ping_status":"","sticky":false,"template":"","format":"standard","meta":{"footnotes":""},"categories":[8],"tags":[119,47,3983,58,3348,1067,59,118,658,1011,27,2701,662,626,973,104],"class_list":{"0":"post-256613","1":"post","2":"type-post","3":"status-publish","4":"format-standard","5":"has-post-thumbnail","7":"category-divertissement","8":"tag-accident","9":"tag-actualite","10":"tag-deces","11":"tag-divertissement","12":"tag-drame","13":"tag-enquete","14":"tag-entertainment","15":"tag-faits-divers","16":"tag-faits-divers-paris","17":"tag-fr","18":"tag-france","19":"tag-humoriste","20":"tag-ile-de-france","21":"tag-paris","22":"tag-people","23":"tag-societe"},"share_on_mastodon":{"url":"https:\/\/pubeurope.com\/@fr\/114874857866831544","error":""},"_links":{"self":[{"href":"https:\/\/www.europesays.com\/fr\/wp-json\/wp\/v2\/posts\/256613","targetHints":{"allow":["GET"]}}],"collection":[{"href":"https:\/\/www.europesays.com\/fr\/wp-json\/wp\/v2\/posts"}],"about":[{"href":"https:\/\/www.europesays.com\/fr\/wp-json\/wp\/v2\/types\/post"}],"author":[{"embeddable":true,"href":"https:\/\/www.europesays.com\/fr\/wp-json\/wp\/v2\/users\/2"}],"replies":[{"embeddable":true,"href":"https:\/\/www.europesays.com\/fr\/wp-json\/wp\/v2\/comments?post=256613"}],"version-history":[{"count":0,"href":"https:\/\/www.europesays.com\/fr\/wp-json\/wp\/v2\/posts\/256613\/revisions"}],"wp:featuredmedia":[{"embeddable":true,"href":"https:\/\/www.europesays.com\/fr\/wp-json\/wp\/v2\/media\/256614"}],"wp:attachment":[{"href":"https:\/\/www.europesays.com\/fr\/wp-json\/wp\/v2\/media?parent=256613"}],"wp:term":[{"taxonomy":"category","embeddable":true,"href":"https:\/\/www.europesays.com\/fr\/wp-json\/wp\/v2\/categories?post=256613"},{"taxonomy":"post_tag","embeddable":true,"href":"https:\/\/www.europesays.com\/fr\/wp-json\/wp\/v2\/tags?post=256613"}],"curies":[{"name":"wp","href":"https:\/\/api.w.org\/{rel}","templated":true}]}}